{"id":49672,"date":"2012-03-21T13:45:35","date_gmt":"2012-03-21T11:45:35","guid":{"rendered":"http:\/\/www.korhanyilmaz.com\/?p=49672"},"modified":"2012-03-21T20:55:34","modified_gmt":"2012-03-21T18:55:34","slug":"cakma-red-kit","status":"publish","type":"post","link":"http:\/\/www.korhanyilmaz.com\/?p=49672","title":{"rendered":"\u00c7akma Red Kit"},"content":{"rendered":"<p style=\"text-align: center;\"><a href=\"http:\/\/www.korhanyilmaz.com\/wp-content\/uploads\/2012\/03\/A0042.jpg\"  class=\"lightview\"><img loading=\"lazy\" decoding=\"async\" class=\"aligncenter  wp-image-49673\" src=\"http:\/\/www.korhanyilmaz.com\/wp-content\/uploads\/2012\/03\/A0042.jpg\" alt=\"\" width=\"396\" height=\"180\" \/><\/a><\/p>\n<p style=\"text-align: justify;\">MHP Genel Ba\u015fkan\u0131 Devlet Bah\u00e7eli, Afganistan&#8217;da 12 T\u00fcrk askerinin \u015fehit olmas\u0131n\u0131 de\u011ferlendirdi ve &#8220;T\u00fcrkiye Afganistan defterini kapatmal\u0131&#8221; dedi.<\/p>\n<p style=\"text-align: justify;\">TBMM- Devlet Bah\u00e7eli, partisinin TBMM grup toplant\u0131s\u0131nda yapt\u0131\u011f\u0131 konu\u015fmada \u00f6ne \u00e7\u0131kan ba\u015fl\u0131klar \u015f\u00f6yle:<\/p>\n<p style=\"text-align: justify;\">&#8221;T\u00fcrk silahl\u0131 Kuvvetleri mevcudiyetinin Afganistan&#8217;da stratejik bir \u00f6nemi kalmam\u0131\u015f, \u00fcstelik burada bulunmam\u0131z can ve mal kayb\u0131m\u0131za neden olmaya ba\u015flam\u0131\u015ft\u0131r. T\u00fcrkiye art\u0131k Afganistan defterini kapatmak i\u00e7in harekete ge\u00e7meli, Adalet ve Kalk\u0131nma Partisi H\u00fck\u00fcmeti gerekli giri\u015fimleri ve haz\u0131rl\u0131klar\u0131 bir an \u00f6nce ba\u015flatmal\u0131d\u0131r.\u00a0<!--more--><\/p>\n<p style=\"text-align: justify;\">G\u00f6z\u00fc d\u00f6nm\u00fc\u015f b\u00f6l\u00fcc\u00fcler meydanlar\u0131, sokak aralar\u0131n\u0131 ve caddeleri sava\u015f alan\u0131na \u00e7evirmi\u015ftir. Nefret ve kinle Nevruz&#8217;u kirleten, bu tarihi bayram\u0131 lekelemeye \u00e7al\u0131\u015fan \u00e7apulcular, \u00e7aps\u0131zlar ve \u00e7\u00fcr\u00fcm\u00fc\u015fler, kald\u0131r\u0131m ta\u015flar\u0131n\u0131 s\u00f6km\u00fc\u015fler, cam ve \u00e7er\u00e7eveleri indirmi\u015fler, kamu ara\u00e7lar\u0131n\u0131 ta\u015flam\u0131\u015flar ve dikili a\u011fa\u00e7lara dahi zarar vermi\u015flerdir. \u015eu kadar\u0131n\u0131 s\u00f6yleyebilirim ki ortal\u0131kta maskeyle zehir sa\u00e7an bu g\u00fcruha insan denilmesi en ba\u015fta insanl\u0131\u011fa hakaret ve vefas\u0131zl\u0131k olacakt\u0131r.&#8221;<\/p>\n<p style=\"text-align: justify;\">Bah\u00e7eli, Ba\u015fbakan Recep Tayyip Erdo\u011fan&#8217;a, imam hatip liselerinin orta k\u0131sm\u0131n\u0131 g\u00fc\u00e7 birli\u011fi yaparak, birlikte a\u00e7ma \u00e7a\u011fr\u0131s\u0131nda bulundu. &#8221;AK Parti&#8217;nin e\u011fitim sistemini b\u00fct\u00fcn\u00fcyle ele alan kanun teklifi, tart\u0131\u015fmalar\u0131n ve kar\u015f\u0131l\u0131kl\u0131 at\u0131\u015fmalar\u0131n oda\u011f\u0131 olmay\u0131 s\u00fcrd\u00fcrmektedir&#8221; diyen Bah\u00e7eli, &#8221;meselenin a\u015f\u0131r\u0131 siyasile\u015ftirilmesinin, \u00fcstelik h\u0131n\u00e7 ve intikam duygular\u0131yla hareket edilmesinin, milli e\u011fitimde umut edilen de\u011fi\u015fim ve reform hamlelerinin yap\u0131lamayaca\u011f\u0131n\u0131 g\u00f6sterdi\u011fini&#8221; \u00f6ne s\u00fcrd\u00fc. Bah\u00e7eli, &#8221;Adalet ve Kalk\u0131nma Partisi&#8217;nin uzla\u015fmaz, bencil, diyalo\u011fa ve i\u015fbirli\u011fine kapal\u0131 siyaseti, e\u011fitim hayat\u0131m\u0131z\u0131 yeni ve daha b\u00fcy\u00fck sorunlar\u0131n ortas\u0131na s\u00fcr\u00fckleyecektir. \u00dcz\u00fclerek ifade etmek isterim ki milyonlarca evlad\u0131m\u0131z ve ailesi, Adalet ve Kalk\u0131nma Partisi&#8217;nin neden oldu\u011fu kavga ve gerginlik halinden dolay\u0131 bezgin ve kayg\u0131 i\u00e7indedir&#8221; diye konu\u015ftu.<\/p>\n<p style=\"text-align: justify;\">Kanun teklifi haz\u0131rlan\u0131rken, &#8221;ideolojik endi\u015feler ve siyasi hesaplar\u0131n e\u011fitimdeki ihtiya\u00e7lar\u0131n \u00f6n\u00fcne ge\u00e7ti\u011fini&#8221; ileri s\u00fcren Bah\u00e7eli, \u015f\u00f6yle devam etti:<\/p>\n<p style=\"text-align: justify;\">&#8221;\u00c7ocuklar\u0131m\u0131z\u0131n ve gelecek nesillerin nas\u0131l ve ne durumda olacaklar\u0131 esas olarak hi\u00e7 g\u00fcndeme getirilmemi\u015ftir. Bizim a\u00e7\u0131m\u0131zdan, Ba\u015fbakan Erdo\u011fan&#8217;\u0131n &#8216;yapt\u0131\u011f\u0131m\u0131z reform, ideolojik de\u011fil, pedagojik reformdur&#8217; s\u00f6zleri de bir h\u00fck\u00fcm ve inand\u0131r\u0131c\u0131l\u0131k tonu i\u00e7ermemektedir. E\u011fitim sistemiyle ilgili g\u00f6r\u00fc\u015flerin 28 \u015eubat ile ili\u015fkilendirilmesi ve imam hatipler \u00f6zelinde y\u00fcr\u00fct\u00fclmesi tabiat\u0131yla Adalet ve Kalk\u0131nma Partisi istismar\u0131n\u0131n bir ba\u015fka sonucudur. Parti olarak, 28 \u015eubat&#8217;\u0131n tarafgir ve dikte ettirici yakla\u015f\u0131m\u0131n\u0131 ne kadar \u00e7irkin ve kabul edilemez buluyorsak, Adalet ve Kalk\u0131nma Partisi&#8217;nin de siyasi uygulamalar\u0131n\u0131 ayn\u0131 \u00f6l\u00e7\u00fc ve ayarda de\u011ferlendiriyoruz.<\/p>\n<p style=\"text-align: justify;\">AKP zihniyeti a\u00e7\u0131k\u00e7a kendi 28 \u015eubat\u0131n\u0131 olu\u015fturmakta ve bunu da insafs\u0131zca s\u00fcrd\u00fcrmektedir. Ba\u015fbakan taraf\u0131ndan ge\u00e7ti\u011fimiz g\u00fcnlerde sarf edilen, &#8216;topla, tankla, Sincan&#8217;da y\u00fcr\u00fct\u00fclen tanklarla gelen bir uygulamay\u0131, biz millet iradesiyle d\u00fczeltiyoruz&#8217; beyan\u0131 bu \u00e7er\u00e7evede son derece manidard\u0131r.<\/p>\n<p style=\"text-align: justify;\">Vesayetin panzehiri, darbeci zihnin ilac\u0131 toleranstan vazge\u00e7mek de\u011fil, dinlemek, konu\u015fmak ve ileti\u015fim kurmakt\u0131r. Oysa ki Ba\u015fbakan Erdo\u011fan, demokrasi kar\u015f\u0131t\u0131 bir siyasi tutumla hareket etmi\u015f ve partisinin 28 \u015eubat\u0131n hormonlu bir \u00fcr\u00fcn\u00fc oldu\u011funu yeniden tescil etmi\u015ftir. D\u00fcn demokrasinin kafas\u0131nda tank geziyordu, bug\u00fcn Adalet ve Kalk\u0131nma Partisi&#8217;nin balyozu durmaktad\u0131r. \u0130mam hatipler d\u00fcn hedefti, bug\u00fcn de istismar\u0131n merkezindedir.&#8221;\u00c7AKMA RED K\u0130T<\/p>\n<p style=\"text-align: justify;\">&#8221;Milliyet\u00e7i Hareket Partisi&#8217;nin imam hatip liselerinden rahats\u0131z oldu\u011funu s\u00f6ylemek i\u00e7in bir insan\u0131n\u0131n ya beyninde ileri d\u00fczeyde hasar ya da Recep Tayyip Erdo\u011fan olmas\u0131 yeterlidir&#8221; ifadesini kullanan Bah\u00e7eli, &#8221;Bizim rahats\u0131z oldu\u011fumuz tek konu, b\u00f6ylesi k\u0131ymetli liselerimizden Adalet ve Kalk\u0131nma Partisi&#8217;nin y\u00f6netiminde bulunan zevat\u0131n \u00e7\u0131km\u0131\u015f olmas\u0131d\u0131r&#8221; dedi.<\/p>\n<p style=\"text-align: justify;\">\u0130mam hatiplerin varl\u0131\u011f\u0131n\u0131n t\u0131pk\u0131 di\u011fer liseler ve e\u011fitim kurumlar\u0131 gibi memnuniyet verici oldu\u011funu ifade eden Bah\u00e7eli, Ba\u015fbakan Recep Tayyip Erdo\u011fan&#8217;a samimi bir \u00e7a\u011fr\u0131da bulunmak ve bir teklif iletmek istedi\u011fini s\u00f6yledi. Bah\u00e7eli, &#8221;Say\u0131n Ba\u015fbakan, mu\u011flak ifadelerle konu\u015fma, muallak duru\u015f sergileme, bin dereden su getirerek niyetini gizleme. Toplama ve \u00e7\u0131karmalarla u\u011fra\u015fma, bizi tariz yollu ele\u015ftirdi\u011fin aritmetik i\u015flemlerden as\u0131l sen vazge\u00e7. Say\u0131n Ba\u015fbakan, samimiysen, i\u00e7tensen, y\u00fcre\u011fin varsa gel her \u015feyi bir kenara b\u0131rakal\u0131m ve imam hatip liselerinin orta k\u0131sm\u0131n\u0131 birlikte ve g\u00fc\u00e7 birli\u011fi yaparak a\u00e7al\u0131m. Biz haz\u0131r\u0131z ve buna var\u0131z&#8221; diye konu\u015ftu.<\/p>\n<p style=\"text-align: justify;\">\u0130mam hatip liselerinde okumak isteyenlerin \u00f6n\u00fcn\u00fcn a\u00e7\u0131lmas\u0131 ve haklar\u0131n\u0131n teslim edilmesi gerekti\u011fini belirten Bah\u00e7eli, Kuran-\u0131 Kerim&#8217;in de okullarda se\u00e7meli ders yap\u0131lmas\u0131n\u0131 teklif etti. Ba\u015fbakan Erdo\u011fan&#8217;\u0131n ge\u00e7en haftaki grup toplant\u0131s\u0131nda, partilerini, &#8221;CHP&#8217;nin vagonu&#8221; olmakla itham etti\u011fini hat\u0131rlatan Bah\u00e7eli, \u015funlar\u0131 s\u00f6yledi:<\/p>\n<p style=\"text-align: justify;\">&#8221;Esasen hem laf\u0131n ciddiyeti, hem de s\u00f6yleyenin kalitesi fazlas\u0131yla bulan\u0131kt\u0131r. Ge\u00e7mi\u015fte, kimi zaman Adalet ve Kalk\u0131nma Partisi&#8217;ne koltuk de\u011fne\u011fi olmakla, kimi zaman da CHP&#8217;nin yan\u0131nda durmakla ele\u015ftirildik. Ancak unutulmas\u0131n ki Milliyet\u00e7i Hareket, b\u00fcy\u00fck T\u00fcrk milletinin haricinde herkese e\u015fit uzakl\u0131kta duran bir partidir. Kendi partisinin, okyanus \u00f6tesinin filikas\u0131, ha\u00e7l\u0131lar\u0131n muhbiri, k\u00fcresel operasyonlar\u0131n furgonu ve vah\u015fi Bat\u0131&#8217;n\u0131n sureti haktan g\u00f6r\u00fcnen \u00e7akma Red Kit&#8217;i oldu\u011funu ne zaman fark edecektir.&#8221;<\/p>\n<p style=\"text-align: justify;\"><strong>Suriye&#8217;deki olaylar<\/strong><\/p>\n<p style=\"text-align: justify;\">Suriye&#8217;de ya\u015fanan olaylara da de\u011finen Bah\u00e7eli, &#8221;Arap Bahar\u0131, Kuzey Afrika ve Ortado\u011fu&#8217;ya, BOP k\u0131lavuzlu\u011funda yerle\u015ftirilmi\u015f zaman ayarl\u0131 bomba olup, arkas\u0131 arkas\u0131na patlamaktad\u0131r&#8221; dedi. Bah\u00e7eli, \u015f\u00f6yle konu\u015ftu:<\/p>\n<p style=\"text-align: justify;\">&#8221;T\u00fcrk askerinin ba\u015f\u0131na \u00e7uval ge\u00e7irenler, acaba \u015fimdi de Ba\u015fbakan ve h\u00fck\u00fcmetinin ba\u015f\u0131na, Suriye&#8217;den g\u00f6\u00e7 edenleri mazeret yaparak yeni bir \u00e7uval m\u0131 ge\u00e7irecektir? Bu kapsamda, Adalet ve Kalk\u0131nma Partisi H\u00fck\u00fcmeti son derece dikkatli yakla\u015fmal\u0131, \u015faibeli ili\u015fkilere taraf olmaktan ve T\u00fcrkiye&#8217;ye ek k\u00fclfetler y\u00fckleyecek irtibatlardan mutlaka ka\u00e7\u0131nmal\u0131d\u0131r. Suriye meselesine akl\u0131selim ve sa\u011fduyu i\u00e7inde bakmal\u0131, tarihi ve akrabal\u0131k ba\u011flar\u0131n\u0131 g\u00f6zetmeli, kom\u015fuluk hukukunu \u00e7i\u011fnememeli ve aziz milletimizi riske atacak her ad\u0131mdan uzak durmal\u0131d\u0131r.&#8221;<\/p>\n<p style=\"text-align: justify;\">Bah\u00e7eli, Suriye&#8217;de hala haber al\u0131namayan iki gazetecinin bulunmas\u0131 i\u00e7in her temas ve giri\u015fim acilen ger\u00e7ekle\u015ftirilmesi gerekti\u011fini s\u00f6zlerine ekledi.<\/p>\n<p style=\"text-align: justify;\"><a href=\"http:\/\/www.gazeteport.com.tr\/haber\/85737\/quotturkiye_afganistan_defterini_kapatmaliquot\" target=\"_blank\">Kaynak : GAZETEPORT<\/a><\/p>\n","protected":false},"excerpt":{"rendered":"<p style=\"text-align: center;\">\n<p style=\"text-align: justify;\">MHP Genel Ba\u015fkan\u0131 Devlet Bah\u00e7eli, Afganistan&#8217;da 12 T\u00fcrk askerinin \u015fehit olmas\u0131n\u0131 de\u011ferlendirdi ve &#8220;T\u00fcrkiye Afganistan defterini kapatmal\u0131&#8221; dedi.<\/p>\n<p style=\"text-align: justify;\">TBMM- Devlet Bah\u00e7eli, partisinin TBMM grup toplant\u0131s\u0131nda yapt\u0131\u011f\u0131 konu\u015fmada \u00f6ne \u00e7\u0131kan ba\u015fl\u0131klar \u015f\u00f6yle:<\/p>\n<p style=\"text-align: justify;\">&#8221;T\u00fcrk silahl\u0131 Kuvvetleri mevcudiyetinin Afganistan&#8217;da stratejik bir \u00f6nemi kalmam\u0131\u015f, \u00fcstelik burada bulunmam\u0131z can ve mal <\/p>\n","protected":false},"author":1,"featured_media":0,"comment_status":"open","ping_status":"open","sticky":false,"template":"","format":"standard","meta":{"footnotes":""},"categories":[105],"tags":[],"class_list":["post-49672","post","type-post","status-publish","format-standard","hentry","category-gundem","odd"],"_links":{"self":[{"href":"http:\/\/www.korhanyilmaz.com\/index.php?rest_route=\/wp\/v2\/posts\/49672","targetHints":{"allow":["GET"]}}],"collection":[{"href":"http:\/\/www.korhanyilmaz.com\/index.php?rest_route=\/wp\/v2\/posts"}],"about":[{"href":"http:\/\/www.korhanyilmaz.com\/index.php?rest_route=\/wp\/v2\/types\/post"}],"author":[{"embeddable":true,"href":"http:\/\/www.korhanyilmaz.com\/index.php?rest_route=\/wp\/v2\/users\/1"}],"replies":[{"embeddable":true,"href":"http:\/\/www.korhanyilmaz.com\/index.php?rest_route=%2Fwp%2Fv2%2Fcomments&post=49672"}],"version-history":[{"count":0,"href":"http:\/\/www.korhanyilmaz.com\/index.php?rest_route=\/wp\/v2\/posts\/49672\/revisions"}],"wp:attachment":[{"href":"http:\/\/www.korhanyilmaz.com\/index.php?rest_route=%2Fwp%2Fv2%2Fmedia&parent=49672"}],"wp:term":[{"taxonomy":"category","embeddable":true,"href":"http:\/\/www.korhanyilmaz.com\/index.php?rest_route=%2Fwp%2Fv2%2Fcategories&post=49672"},{"taxonomy":"post_tag","embeddable":true,"href":"http:\/\/www.korhanyilmaz.com\/index.php?rest_route=%2Fwp%2Fv2%2Ftags&post=49672"}],"curies":[{"name":"wp","href":"https:\/\/api.w.org\/{rel}","templated":true}]}}