{"id":49668,"date":"2012-03-21T11:38:01","date_gmt":"2012-03-21T09:38:01","guid":{"rendered":"http:\/\/www.korhanyilmaz.com\/?p=49668"},"modified":"2012-03-21T20:50:48","modified_gmt":"2012-03-21T18:50:48","slug":"yeni-sehit-yasasini-acikladi","status":"publish","type":"post","link":"http:\/\/www.korhanyilmaz.com\/?p=49668","title":{"rendered":"Yeni \u015fehit yasas\u0131n\u0131 a\u00e7\u0131klad\u0131"},"content":{"rendered":"<p style=\"text-align: center;\"><a href=\"http:\/\/www.korhanyilmaz.com\/wp-content\/uploads\/2012\/03\/A0041.jpg\"  class=\"lightview\"><img loading=\"lazy\" decoding=\"async\" class=\"aligncenter  wp-image-49669\" src=\"http:\/\/www.korhanyilmaz.com\/wp-content\/uploads\/2012\/03\/A0041.jpg\" alt=\"\" width=\"396\" height=\"180\" \/><\/a><\/p>\n<p style=\"text-align: justify;\">Ba\u015fbakan Erdo\u011fan, \u015fehit kapsam\u0131n\u0131 geni\u015fleteceklerini, art\u0131k ter\u00f6r eyleminde \u00f6len sivillerin de kanunen \u015fehit say\u0131laca\u011f\u0131n\u0131 s\u00f6yledi. BDP&#8217;ye mesaj veren Erdo\u011fan, &#8220;Cudi Da\u011f\u0131&#8217;nda \u015fu anda \u00e7at\u0131\u015fma var. Durmak yok&#8221; dedi.<\/p>\n<p style=\"text-align: justify;\">ANKARA &#8211; Ba\u015fbakan Recep Tayyip Erdo\u011fan partisinin grup toplant\u0131s\u0131nda konu\u015ftu. Erdo\u011fan konu\u015fmas\u0131nda &#8220;Sivil \u015fehit yasas\u0131&#8217; olarak bilinen d\u00fczenlemenin ayr\u0131nt\u0131lar\u0131n\u0131 a\u00e7\u0131klad\u0131. Erdo\u011fan ayr\u0131ca h\u00fck\u00fcmetin ter\u00f6rle m\u00fccadelede kararl\u0131l\u0131\u011f\u0131n\u0131 vurgularken, &#8220;\u015eu anda Cudi&#8217;de \u00e7at\u0131\u015fma var. Durmak yok. Sonuna kadar bu b\u00f6yle devam edecek&#8221; diye konu\u015ftu.\u00a0<!--more--><\/p>\n<p style=\"text-align: justify;\">D\u00fcn yap\u0131lmas\u0131 gereken ancak Afganistan&#8217;da d\u00fc\u015fen helikopter kazas\u0131nda \u015fehit olan askerlerin cenaze t\u00f6reni nedeniyle bug\u00fcne ertelenen grup toplant\u0131s\u0131nda Ba\u015fbakan, g\u00fcndeme dair \u00f6nemli a\u00e7\u0131klamalar yapt\u0131.<\/p>\n<p style=\"text-align: justify;\">\u0130\u015fte Erdo\u011fan&#8217;\u0131n konu\u015fmas\u0131ndan sat\u0131r ba\u015flar\u0131:<\/p>\n<p style=\"text-align: justify;\">D\u00fcnk\u00fc kanunsuz g\u00f6steriler sonucu g\u00fcvenlik g\u00fc\u00e7lerine ate\u015f a\u00e7\u0131lmas\u0131 sonucu, Y\u00fcksekova\u2019da 3 Cizre\u2019de iki polisimiz yaraland\u0131. Ne yaz\u0131k ki Ahmet Toprak isimli polis karde\u015fimiz \u015fehit oldu.<\/p>\n<p style=\"text-align: justify;\">Efendim neden i\u015fte Pazar g\u00fcn\u00fc talep edilen bu t\u00f6renlere m\u00fcsaade edilmedi, neden i\u015fte bu \u00fc\u00e7 g\u00fcn d\u00f6rt g\u00fcn olsun m\u00fcsaadesi verilmedi. Hatta hatta kenar k\u00f6\u015felerine kadar yans\u0131tan beyefendilere de sesleniyorum. Sizlerin alamad\u0131\u011f\u0131n\u0131z haberleri ni\u00e7in bizim alabilece\u011fimizi d\u00fc\u015f\u00fcnm\u00fcyorsunuz? Bizi ister istemez daha temkinli hareket etmeye sevk etmektedir.<\/p>\n<p style=\"text-align: justify;\"><strong>&#8220;KULA\u011eINIZ VAR SA\u011eIR MISINIZ&#8221;<\/strong><\/p>\n<p style=\"text-align: justify;\">\u0130\u015fte ter\u00f6rist liderlerinden bir tanesinin &#8220;kan g\u00f6l\u00fcne \u00e7evirece\u011fiz&#8221; diye yapt\u0131\u011f\u0131 a\u00e7\u0131klamay\u0131 duymuyor musunuz? Kula\u011f\u0131n\u0131z var sa\u011f\u0131r m\u0131s\u0131n\u0131z? \u015eurada Pazar g\u00fcn\u00fc yap\u0131lanlar\u0131 g\u00f6rmediniz mi? Huzurlu bir \u00fclkeyi, huzursuz bir \u00fclke haline \u00e7evirme gayreti i\u00e7inde olanlarla beraber ne zamana kadar hareket edeceksiniz? Beyefendiler tabi\u00ee ki k\u00f6\u015felerinizde rahats\u0131n\u0131z. \u00c7\u00fcnk\u00fc size da\u011fdan davet geliyor, adadan davet geliyor. Bundan dolay\u0131 m\u0131 bu yaz\u0131lar\u0131 yaz\u0131yorsunuz?<\/p>\n<p style=\"text-align: justify;\">M\u00fcnasebetleriniz gayet g\u00fczel ma\u015fallah. Kayna\u011f\u0131n\u0131z buras\u0131 demek ki. Kusura bakmas\u0131nlar bizler bir devlet olarak bir h\u00fck\u00fcmet olarak halk\u0131m\u0131z\u0131n hukuku huzuru refah\u0131 i\u00e7in at\u0131lmas\u0131 gereken ad\u0131mlar neyse bunlar\u0131 atmaya devam edece\u011fiz.<\/p>\n<p style=\"text-align: justify;\">Bir tarafta polisimiz askerimiz \u015fehit edilirken beyefendilerin hi\u00e7 sesi \u00e7\u0131kmayacak ama b\u00f6l\u00fcc\u00fc ter\u00f6r \u00f6rg\u00fct\u00fcnde bir s\u0131k\u0131nt\u0131 oldu\u011fu zaman her taraf\u0131 aya\u011fa kald\u0131racaklar.<\/p>\n<p style=\"text-align: justify;\">16 Mart sabah\u0131 Afganistan\u2019dan ac\u0131 haberi al\u0131r almaz Genelkurmay Ba\u015fkan\u0131m\u0131z\u0131 aray\u0131p ayr\u0131nt\u0131lar\u0131 kendisinden \u00f6\u011frendim. 17 Mart\u2019ta K\u00f6ln\u2019deki Gen\u00e7lik ve Spor \u00c7al\u0131\u015ftay\u2019\u0131 i\u00e7in Almanya\u2019ya yapaca\u011f\u0131m\u0131z ziyareti de iptal ettim.<\/p>\n<p style=\"text-align: justify;\">Afganistan\u2019daki ac\u0131 hadiselerin, \u00c7anakkale Deniz Zaferi\u2019nin hemen \u00f6ncesinde vuku bulmas\u0131 manidard\u0131. Bu vesileyle \u00c7anakkale \u015fehitlerimizi, t\u00fcm \u015fehit ve gazilerimizi rahmetle yad ediyorum.<\/p>\n<p style=\"text-align: justify;\"><strong>\u201cM\u0130RASLARINA SAH\u0130P \u00c7IKACA\u011eIZ\u201d<\/strong><\/p>\n<p style=\"text-align: justify;\">Biz \u015fehitlerin \u00f6l\u00fcler olmad\u0131\u011f\u0131na onlar\u0131n diri oldu\u011funa t\u00fcm kalbimizle inan\u0131yoruz. Akif\u2019in ifadesiyle \u201cs\u0131ksan \u015f\u00fcheda f\u0131\u015fk\u0131racak\u201d. Bu topraklar aziz \u015fehitlerimizin hat\u0131ras\u0131yla huzur ve emniyet i\u00e7erisindedir. Elbette \u015fehitlerimizi ebediyen hat\u0131rlayacak, onlar\u0131n miras\u0131na da ayn\u0131 \u015fekilde sahip \u00e7\u0131kaca\u011f\u0131z.<\/p>\n<p style=\"text-align: justify;\">Bir millet \u015fehitlerine sahip \u00e7\u0131kt\u0131\u011f\u0131, \u015fehitlerini h\u00fcrmetle yad etti\u011fi, \u015fehitlerin miras\u0131na sar\u0131ld\u0131\u011f\u0131 s\u00fcrece ayakta kal\u0131r. Her kar\u0131\u015f\u0131 \u015fehit kan\u0131yla sulanm\u0131\u015f, her ailenin ge\u00e7mi\u015finde bir \u015fehit oldu\u011fu bu \u00fclkede \u015fehitlerin emanetlerine sahip \u00e7\u0131kmak hepimizin boynunun borcudur.<\/p>\n<p style=\"text-align: justify;\"><strong>\u015eEH\u0130T YAKINLARI \u0130\u00c7\u0130N YEN\u0130 D\u00dcZENLEME<\/strong><\/p>\n<p style=\"text-align: justify;\">Bug\u00fcn burada bir m\u00fcjdeyi sizlerle payla\u015faca\u011f\u0131m. \u015eehit yak\u0131nlar\u0131n\u0131n ac\u0131lar\u0131n\u0131 biraz olsun azaltmak i\u00e7in, \u015fehitlerimizden bize kalan kutsal emanetin y\u00fcz\u00fcn\u00fc biraz olsun g\u00fcld\u00fcrmek i\u00e7in baz\u0131 d\u00fczenlemeleri hayata ge\u00e7iriyoruz.<\/p>\n<p style=\"text-align: justify;\">Burada \u00e7ok \u00f6nemli bir hususa da de\u011finmek istiyorum. Her \u00fclkenin her milletin son derece hassas oldu\u011fu de\u011ferleri var. \u015eehitlerimiz mukaddes de\u011ferlerimizdir. \u015eehitlerimiz g\u00fcnl\u00fck \u00e7eki\u015fmelerin, g\u00fcndelik siyaset dilinin malzemesi olmayacak kadar azizdir, m\u00fcbarektir, kutsald\u0131r.<\/p>\n<p style=\"text-align: justify;\"><strong>\u201cCENAZELER\u0130N PROTESTOYA D\u00d6N\u00dc\u015eT\u00dcR\u00dcLMES\u0130 SON DERECE \u00c7\u0130RK\u0130N\u201d<\/strong><\/p>\n<p style=\"text-align: justify;\">Biz bu hissiyat\u0131m\u0131z\u0131 hemen her f\u0131rsatta ifade ettik. \u015eehitlerimizin istismar edilmemesi i\u00e7in herkesin vicdanl\u0131 davranmas\u0131 gerekti\u011fini ifade ettik. Hele hele ba\u015f\u0131nda milliyet\u00e7i ad\u0131 bulunan partinin, \u015fehit cenazelerinin siyasi protestoya d\u00f6n\u00fc\u015ft\u00fcr\u00fclmesini, \u015fehitlerimizin aziz hat\u0131ras\u0131 ad\u0131na son derece \u00e7irkin sorumsuz edep ve adap d\u0131\u015f\u0131 bir davran\u0131\u015f oldu\u011funu defalarca s\u00f6yledik.<\/p>\n<p style=\"text-align: justify;\">Daha Afganistan\u2019dan \u015fehitlerimiz gelmeden, onlar\u0131n \u00fczerinden rant dev\u015firmeye \u00e7al\u0131\u015fmak milli manevi hi\u00e7bir de\u011ferle ba\u011fda\u015fmad\u0131\u011f\u0131 gibi bu sorumsuz a\u00e7\u0131klamalar\u0131 yapanlar\u0131 bir kez daha k\u00fc\u00e7\u00fcltm\u00fc\u015f.<\/p>\n<p style=\"text-align: justify;\"><strong>\u201cONLAR \u00dcLKEM\u0130Z\u0130N GURURU\u201d<\/strong><\/p>\n<p style=\"text-align: justify;\">Bir kere burada \u015funu a\u00e7\u0131k a\u00e7\u0131k ifade etmek durumunday\u0131m. Bizim s\u0131n\u0131rlar\u0131m\u0131z d\u0131\u015f\u0131nda g\u00f6rev yapan askerlerimiz, \u00fclkemizin de milletimizin de gururudur. Bu askerler, bu birlikler g\u00f6rev yapt\u0131klar\u0131 \u00fclkelerde, b\u00fcy\u00fck bir \u00fclkeyi, tarihi \u015fanla \u015ferefle temsil ediyorlar.<\/p>\n<p style=\"text-align: justify;\">Afganistan\u2019da ne i\u015fimiz var diyenler. Somali\u2019de, Kosova\u2019da Bosna\u2019da T\u00fcrk askerinin ne i\u015fi var diyenler. Ufuklar\u0131 hep s\u00f6yledim ya, Sivas\u2019\u0131n \u00f6tesine, \u0130stanbul\u2019un \u00f6tesine gidemeyenlerdir.<\/p>\n<p style=\"text-align: justify;\"><strong>\u201cBUNLAR BUT\u0130K DEVLET OLMAKTAN \u00d6TE GE\u00c7EMED\u0130LER\u201d<\/strong><\/p>\n<p style=\"text-align: justify;\">Ufku olan vizyonu olan, bu \u00fclkenin tarihini az \u00e7ok okuyan herkes, bizim yurt d\u0131\u015f\u0131ndaki askeri varl\u0131\u011f\u0131m\u0131zdan gurur duyar. B\u00fcy\u00fck iddialar\u0131n\u0131z olursa b\u00fcy\u00fck \u00fclke olursunuz. Ama bunlar maalesef, butik devlet olmaktan \u00f6te ge\u00e7emediler. Bizim yurt d\u0131\u015f\u0131ndaki askeri varl\u0131\u011f\u0131m\u0131z, T\u00fcrk askeri Afganistan\u2019da Kosova\u2019da L\u00fcbnan\u2019da Bosna\u2019da g\u00fcvenin sembol\u00fcd\u00fcr, karde\u015flik sembol\u00fcd\u00fcr.<\/p>\n<p style=\"text-align: justify;\">Bizim birliklerimiz g\u00f6rev yapt\u0131klar\u0131 yerde, o \u00fclkenin ve T\u00fcrkiye\u2019nin d\u0131\u015f\u0131nda hi\u00e7bir \u00e7\u0131kar\u0131 g\u00f6zetmez. T\u00fcrk askerine, T\u00fcrkiye devletine ta\u015feronluk yak\u0131\u015ft\u0131rmas\u0131 yapanlar, bu \u00fclkeyi tan\u0131mayan zavall\u0131lard\u0131r.<\/p>\n<p style=\"text-align: justify;\"><strong>\u201cT\u00dcRK ASKER\u0130 G\u00d6REV YAPMAYACAK DA K\u0130M YAPACAK\u201d<\/strong><\/p>\n<p style=\"text-align: justify;\">Afganistan\u2019da 50 \u00fclkenin 130 bin askeri bulunuyor. Yeni Zelanda\u2019n\u0131n, Kore\u2019nin, \u0130rlanda\u2019n\u0131n, Yunanistan\u2019\u0131n, \u0130ngiltere, \u0130spanya Fransa\u2019n\u0131n burada birlikleri var. T\u00fcrkiye burada olmas\u0131n ne demek? Varl\u0131\u011f\u0131n\u0131 sorgulas\u0131n ne demek? Allah a\u015fk\u0131na Afganistan\u2019da L\u00fcbnan\u2019da Bosna\u2019da bar\u0131\u015f i\u00e7in g\u00fcvenlik i\u00e7in T\u00fcrk askeri g\u00f6rev yapmayacak da kim yapacak soruyorum sizlere?<\/p>\n<p style=\"text-align: justify;\"><strong>\u201cBU NE GAFLETT\u0130R\u201d<\/strong><\/p>\n<p style=\"text-align: justify;\">Ey Bah\u00e7eli, ey K\u0131l\u0131\u00e7daro\u011flu tenezz\u00fcl edip \u00c7anakkale \u015fehitli\u011fi\u2019ne giderseniz orada Bo\u015fnaklar\u0131n, Kosoval\u0131lar\u0131n \u015fehitlerin isimlerini g\u00f6r\u00fcrs\u00fcn\u00fcz. Hi\u00e7 kimse Bo\u015fnaklara, Makedonlara \u00c7anakkale\u2019de ne i\u015finiz var diye sormad\u0131. Bu ne gaflettir. Onlar karde\u015fleri i\u00e7in buraya geldiler ve karde\u015fleriyle omuz omuza bu topraklar\u0131 m\u00fcdafaa ettiler.<\/p>\n<p style=\"text-align: justify;\">Nakdi yard\u0131mlar\u0131m\u0131zda d\u00fcnyaya ula\u015faca\u011f\u0131z, d\u00fcnyan\u0131n d\u00f6rt bir yan\u0131na yay\u0131lm\u0131\u015f ata yadigarlar\u0131na sahip \u00e7\u0131kaca\u011f\u0131z. \u0130hracat\u0131 art\u0131rmak i\u00e7in gidece\u011fiz. Dostluk ad\u0131na karde\u015flik ad\u0131na ula\u015fabildi\u011fimiz her yere ula\u015faca\u011f\u0131z. Ufku dar, Ankara\u2019dan ba\u015f\u0131n\u0131 d\u0131\u015far\u0131 \u00e7\u0131karamayan siyasi partilere ra\u011fmen, biz d\u00fcnyay\u0131 kucaklamaya adaletle devam edece\u011fiz.<\/p>\n<p style=\"text-align: justify;\">Buradan Afganistan\u2019da, Kosova\u2019da, L\u00fcbnan\u2019da, Somali\u2019de g\u00f6rev yapan Mehmet\u00e7i\u011fimizi bir kez daha selaml\u0131yorum. Arnavutluk\u2019ta, Nahcivan\u2019da, ABD\u2019de, Norve\u00e7\u2019te, Almanya\u2019da askeri personelimizi buradan selaml\u0131yorum. Allah yar ve yard\u0131mc\u0131lar\u0131 olsun diyorum.<\/p>\n<p style=\"text-align: justify;\"><strong>\u201cMUHALEFET SUR\u0130YE REJ\u0130M\u0130N\u0130 SAVUNUYOR\u201d<\/strong><\/p>\n<p style=\"text-align: justify;\">Tabi bu arada \u015fu anda ana muhalefet partisi de Suriye\u2019yle ilgili bir toplant\u0131 yap\u0131yor. Suriye\u2019deki zulm\u00fc, \u015fu ana kadar 10 bine yakla\u015fan \u00f6ld\u00fcr\u00fclen karde\u015flerimizi \u00f6ld\u00fcren rejimi savunmak \u00fczere toplant\u0131 yap\u0131yor. Suriye\u2019ye bu mant\u0131kla \u00e7\u00f6z\u00fcm vereceklermi\u015f. Onun da de\u011ferlendirmesini ayr\u0131ca yapar\u0131z. S\u00f6yle bana arkada\u015f\u0131n\u0131, s\u00f6yleyeyim sana kim oldu\u011funu. Bunlar\u0131 de\u011ferlendirece\u011fiz.<\/p>\n<p style=\"text-align: justify;\"><strong>ERDO\u011eAN, &#8216;S\u0130V\u0130L \u015eEH\u0130T YASASI&#8217;NIN AYRINTILARINI A\u00c7IKLADI<\/strong><\/p>\n<p style=\"text-align: justify;\">Elbette d\u00fcnyalarda ba\u011f\u0131\u015flansa, \u015fehit olmu\u015f bir ailenin evlad\u0131 geri gelmeyecek. Kaybedilmi\u015f bir uzuv yerine konmayacakt\u0131r. Ancak \u015fehitlerin yak\u0131nlar\u0131, millet\u00e7e hepimiz \u00fczerinde kutsal bir emanettir. Ayn\u0131 \u015fekilde gaziler \u00e7ok b\u00fcy\u00fck emanetlerdir. \u015eehit ve gazilerimize sahip \u00e7\u0131kmak bizim asli vazifemizdir.<\/p>\n<p style=\"text-align: justify;\">\u015eu an itibariyle \u015fehit, dul ve yetimleriyle, gazilerimize \u00e7e\u015fitli kanunlar \u00e7er\u00e7evesinde yard\u0131mlar yap\u0131l\u0131yor. \u015eehit dul ve yak\u0131nlar\u0131 ve gazilerimize \u00e7e\u015fitli tazminatlar \u00f6deniyor. Bu ki\u015filere ayn\u0131 zamanda ayl\u0131k \u00f6demelerde yap\u0131l\u0131yor. Y\u0131lda bir kez \u00e7ocuklara e\u011fitim yard\u0131m\u0131 veriliyor. TOK\u0130 taraf\u0131ndan faizsiz konut kredisi imkan\u0131 tan\u0131n\u0131yor. Bu ki\u015filer toplu ta\u015f\u0131ma ara\u00e7lar\u0131ndan \u00fccretsiz yararlan\u0131yor. Askerlik muafiyetinden istifade ediyorlar. Bu karde\u015flerimize \u00e7e\u015fitli vergi muafiyetleri uygulan\u0131yor. \u015eehit aileleri ve gazilerle do\u011frudan ilgilenecek bir daire ba\u015fkanl\u0131\u011f\u0131 kurduk. \u015eimdi biz \u015fehitlerimizin dul ve yetimleriyle, gazilerimizi \u00e7e\u015fitli kanun ve KHK\u2019larla 20 maddeyi de\u011fi\u015ftiriyoruz.<\/p>\n<p style=\"text-align: justify;\">\u015eehit yak\u0131nlar\u0131 ve gazilere yap\u0131lacak gayri menkul hibelerine muafiyet getiriyor, bu hibelerin vergi matra\u011f\u0131ndan d\u00fc\u015f\u00fcr\u00fclmesini sa\u011fl\u0131yoruz.<\/p>\n<p style=\"text-align: justify;\">T\u00fcm yurtta toplu ta\u015f\u0131ma ara\u00e7lar\u0131ndan \u00fccretsiz yararlanma \u015fart\u0131n\u0131 yeniden d\u00fczenliyoruz. \u015eehit ve gazilerimizin t\u00fcm \u00e7ocuklar\u0131 bundan yararlanacak. \u00dccretsiz yararlanmak i\u00e7in art\u0131k sosyal g\u00fcvence aranmayacak.<\/p>\n<p style=\"text-align: justify;\">Ter\u00f6rle m\u00fccadele kanunu kapsam\u0131ndaki, er ve erba\u015flar ile ge\u00e7ici k\u00f6y korucular\u0131n\u0131n faizsiz konut kredisinden yararlanmas\u0131n\u0131 getiriyoruz.<\/p>\n<p style=\"text-align: justify;\">Malul olan gazilerimize sa\u011flanan bak\u0131m deste\u011fini k\u00f6y korucular\u0131 ve sivil vatanda\u015flar\u0131 da kapsayacak \u015fekilde geni\u015fletiyoruz. Bak\u0131m deste\u011fini bir asgari \u00fccret tutar\u0131ndan iki asgari \u00fccret tutar\u0131na \u00e7\u0131kar\u0131yoruz.<\/p>\n<p style=\"text-align: justify;\">Ter\u00f6rle m\u00fccadele g\u00f6revlerini ifa ederken yaralanan kamu personeli ve sivillerin her t\u00fcrl\u00fc sa\u011fl\u0131k hizmetleri yap\u0131lacak. Tedavisi devam eden personele bir y\u0131l s\u00fcreyle \u00f6denen \u00f6zel harekat ve operasyon tazminat\u0131n\u0131n \u00f6deme s\u00fcresini 12 aydan 24 aya kadar \u00e7\u0131kar\u0131yoruz.<\/p>\n<p style=\"text-align: justify;\">Ter\u00f6rle m\u00fccadele s\u0131ras\u0131nda olmasa bile, yaralanan harp malulleriyle k\u00f6y korucular\u0131 da art\u0131k ihtiya\u00e7 duyduklar\u0131 her t\u00fcrl\u00fc ara\u00e7 gere\u00e7lerden, katk\u0131 pay\u0131 \u00f6demeyecekler.<\/p>\n<p style=\"text-align: justify;\">Maluliyeti s\u00fcrekli olan karde\u015flerimizin, malull\u00fck derecelerini de\u011fi\u015ftirebilecekler.<\/p>\n<p style=\"text-align: justify;\">\u015eehit ve gazi say\u0131lma kapsam\u0131n\u0131 geni\u015fletiyoruz. Ter\u00f6r olaylar\u0131 sebebiyle, g\u00f6reve gidi\u015f-d\u00f6n\u00fc\u015fler esnas\u0131nda meydana gelen kazalar sonucu, yaralanan sakatlanan ve hayat\u0131n\u0131 kaybedenleri kapsama al\u0131yoruz. Trafik yol g\u00fcvenli\u011fi ile tutuklular\u0131n sevkinde g\u00f6revliyken meydana gelen olaylar\u0131 kapsama al\u0131yoruz.<\/p>\n<p style=\"text-align: justify;\"><strong>TER\u00d6R NEDEN\u0130YLE HAYATINI KAYBEDEN S\u0130V\u0130LLER DE \u015eEH\u0130T SAYILACAK<\/strong><\/p>\n<p style=\"text-align: justify;\">Ter\u00f6r eylemlerinde hayat\u0131n\u0131 kaybeden sivilleri \u015fehit kategorisine al\u0131yoruz. Ter\u00f6r sebebiyle hayat\u0131n\u0131 kaybeden ya da malul olan sivillere ve yak\u0131nlar\u0131na tazminat\u0131n yan\u0131nda ayl\u0131k ba\u011fl\u0131yoruz.<\/p>\n<p style=\"text-align: justify;\">\u00d6rne\u011fin Batman\u2019da \u015fehit edilen Mizgin, Bing\u00f6l\u2019de \u015fehit edilen Hatice art\u0131k kanunen de \u015fehit say\u0131lacak.<\/p>\n<p style=\"text-align: justify;\">\u015eimdi geliyorum en \u00f6nemli iki d\u00fczenlemeye. Mevcut durumlarda ailesinden birine veya \u00e7ocu\u011funa bir istihdam hakk\u0131 tan\u0131n\u0131yordu. Biri e\u015fi yada \u00e7ocu\u011fu, di\u011feri ailesi olmak \u00fczere istihdam hakk\u0131n\u0131 ikiye \u00e7\u0131kar\u0131yoruz. Anne babaya \u00f6denen maa\u015fta hali haz\u0131rda muhta\u00e7l\u0131k \u015fart\u0131 aran\u0131yordu. Bunu kald\u0131r\u0131yoruz. Malull\u00fck ve muhta\u00e7l\u0131k belgesi aranmayacak. Allah hi\u00e7 kimseye evlat ac\u0131s\u0131, karde\u015f ac\u0131s\u0131 vermesin. B\u00fct\u00fcn bu d\u00fczenlemelerin \u015fehit yak\u0131nlar\u0131na, gazilerimize hay\u0131rl\u0131 olmas\u0131n\u0131 diliyorum.<\/p>\n<p style=\"text-align: justify;\"><strong>\u201cGER\u00c7EK NEVRUZU A\u00c7IKLAYAYIM\u201d<\/strong><\/p>\n<p style=\"text-align: justify;\">Ben size ger\u00e7ek nevruzu a\u00e7\u0131klayay\u0131m. Ger\u00e7ek nevruzda \u00e7ocuklar\u0131n eline molotofkokteyli vermek suretiyle bu \u00fclkenin polisine sald\u0131rtmak yok. Bahar\u0131n m\u00fcjdecisi olan nevruzun bahara vesile olmas\u0131n\u0131 diliyorum.<\/p>\n<p style=\"text-align: justify;\">Tabi ter\u00f6r \u00f6rg\u00fct\u00fc ve onun uzant\u0131s\u0131 olan siyasi parti, nevruzu havas\u0131ndan koparmak i\u00e7in \u00e7irkin provokasyona imza att\u0131. Ama bu oyunu bozacak tek siyasi parti Ak Parti\u2019dir. Pazar g\u00fcn\u00fc ba\u015flayan, Pazartesi ve Sal\u0131 g\u00fcn\u00fc devam eden olaylarda, sivil ve kamu ara\u00e7lar\u0131na esnafa ciddi zararlar verildi. Allah a\u015fk\u0131na nevruz b\u00f6yle mi kutlan\u0131r. Ne g\u00fcnah\u0131 var o insanlar\u0131n. Halk otob\u00fcs\u00fcn\u00fcn belediye otob\u00fcs\u00fcn\u00fcn onun i\u00e7indeki vatanda\u015f\u0131n ne g\u00fcnah\u0131 var?<\/p>\n<p style=\"text-align: justify;\">Ne yapmak istiyorsunuz? Emniyet g\u00fc\u00e7lerimizin sa\u011f duyulu sab\u0131rl\u0131 tav\u0131rlar\u0131na ra\u011fmen, g\u00f6stericiler ve emniyet g\u00fc\u00e7leri aras\u0131nda yaralananlar oldu. \u015eunu hat\u0131rlatmak istiyorum. Nevruzu ta\u015fla sopayla molotofla k\u0131rarak d\u00f6kerek kutlamak, nevruzun bar\u0131\u015f anlam\u0131na tamamen ayk\u0131r\u0131d\u0131r.<\/p>\n<p style=\"text-align: justify;\"><strong>\u201cTER\u00d6R \u00d6RG\u00dcT\u00dc BAHAR BAYRAMINI ZEH\u0130RLEYEREK \u0130ST\u0130SMARA KALKI\u015eMI\u015eTIR\u201d<\/strong><\/p>\n<p style=\"text-align: justify;\">BDP bir kez daha en iyi yapt\u0131\u011f\u0131 \u015feyi yapm\u0131\u015f, kitleleri tahrik ederek \u015fehirlerimizi sava\u015f alanlar\u0131na \u00e7evirmenin provas\u0131n\u0131 yapm\u0131\u015ft\u0131r. BDP bir kez daha Kandil\u2019den ald\u0131\u011f\u0131 talimatla nevruzu g\u00f6vde g\u00f6sterisine \u00e7evirmek istemi\u015f ama bunu sa\u011flayamam\u0131\u015ft\u0131r. Ter\u00f6r \u00f6rg\u00fct\u00fc bahar bayram\u0131n\u0131 zehirleyerek istismara kalk\u0131\u015fm\u0131\u015ft\u0131r. Ter\u00f6r \u00f6rg\u00fct\u00fcn\u00fcn aylard\u0131r yapt\u0131\u011f\u0131 \u00e7a\u011fr\u0131lar, nevruzu bir ba\u015fkald\u0131r\u0131ya d\u00f6n\u00fckt\u00fcr. BDP\u2019de art\u0131k buna alet olmu\u015f demeyece\u011fim, o da g\u00f6revini ifa ediyor. Bu nevruzda da BDP bar\u0131\u015ftan huzurdan karde\u015flikten yana de\u011fil. \u00c7at\u0131\u015fmadan kandan g\u00f6zya\u015f\u0131ndan yana oldu\u011funu a\u00e7\u0131k ve net \u015fekilde ortaya koymu\u015ftur.<\/p>\n<p style=\"text-align: justify;\"><strong>\u201c\u015eU ANDA CUD\u0130 DA\u011eLARINDA \u00c7ATI\u015eMA VAR\u201d<\/strong><\/p>\n<p style=\"text-align: justify;\">Biz BDP\u2019nin de Kandil\u2019in de kan akmas\u0131, halkla emniyet g\u00fc\u00e7lerinin kar\u015f\u0131 kar\u015f\u0131ya gelmesi i\u00e7in \u00e7abalad\u0131klar\u0131n biliyoruz.<\/p>\n<p style=\"text-align: justify;\">\u015eu anda Cudi da\u011flar\u0131nda \u00e7at\u0131\u015fma var. Durmak yok. Sonuna kadar bu b\u00f6yle devam edecek. BDP maalesef r\u00fc\u015ft\u00fcn\u00fc ispat edemedi\u011fini bu nevruzda bir kez daha g\u00f6sterdiler.<\/p>\n<p style=\"text-align: justify;\">K\u00fcrt meselesinin \u00e7\u00f6z\u00fcm\u00fcnde inisiyatif almaktan ka\u00e7\u0131nan BDP kan\u0131 g\u00f6zya\u015f\u0131n\u0131 tercih eden yani sorunu derinle\u015ftirmekten medet uman bir tutum sergilemi\u015ftir.<\/p>\n<p style=\"text-align: justify;\"><strong>\u201cS\u0130Z\u0130N SORUNLARINIZIN MESELEN\u0130Z\u0130N \u00c7\u00d6Z\u00dcM ADRES\u0130 AK PART\u0130\u2019D\u0130R\u201d<\/strong><\/p>\n<p style=\"text-align: justify;\">K\u00fcrt k\u00f6kenli karde\u015flerime seslenmek istiyoruz. BDP kendi politikas\u0131n\u0131 \u00fcretemeyen bir partidir. BDP sizin haklar\u0131n\u0131z\u0131 koruma r\u00fc\u015ft\u00fcne erememi\u015ftir. Ter\u00f6r\u00fcn boyunduru\u011fundan vesayetinden kendisini kurtaramam\u0131\u015f bir partidir. Halk\u0131n iradesiyle se\u00e7ilen milletvekillerinin halktan de\u011fil Kandil\u2019den emir alarak hareket eden bir partidir. Sizin sorunlar\u0131n\u0131z\u0131n meselenizin \u00e7\u00f6z\u00fcm adresi Ak Parti\u2019dir. Biz 75 milyon i\u00e7in var\u0131z, biz vatan topraklar\u0131m\u0131z i\u00e7in var\u0131z. Benim K\u00fcrt k\u00f6kenli karde\u015fim BDP\u2019nin ger\u00e7ek niyetini anlamal\u0131.<\/p>\n<p style=\"text-align: justify;\"><strong>4+4+4 D\u00dcZENLEMES\u0130<\/strong><\/p>\n<p style=\"text-align: justify;\">Yavuz h\u0131rs\u0131z ev sahibini bast\u0131r\u0131rm\u0131\u015f. Ana muhalefet ve yan\u0131ndaki baz\u0131 destek k\u0131talar\u0131 bir gayret i\u00e7indeler.<\/p>\n<p style=\"text-align: justify;\">Bunlar bizi salona sokmad\u0131lar dediler. Kay\u0131tlar\u0131 var.<\/p>\n<p style=\"text-align: justify;\">Partinin sorumlu bir insan\u0131 konumunda olan\u0131n, bant tank\u0131n\u0131 komisyon ba\u015fkan\u0131na f\u0131rlatacak kadar edepten adaptan uzak ve bu insan politika yapacak. Bu nas\u0131l bir edeptir, anlay\u0131\u015ft\u0131r? Buna y\u00f6nelik medya ne yapt\u0131? Ne s\u00f6yledi? Komisyona komisyon ba\u015fkan\u0131na, sen kalk\u0131p o bant tank\u0131n\u0131 atacaks\u0131n. Ba\u015fkan\u0131m\u0131z\u0131n y\u00fcz\u00fcne gelebilirdi. Nerede hak, nerede hukuk? Demokrasi ad\u0131na \u015fuanda neredesiniz? K\u00f6\u015fe yaz\u0131lar\u0131n\u0131z\u0131 siz ne i\u00e7in ne ad\u0131na kullan\u0131yorsunuz, hepsi meydana \u00e7\u0131kt\u0131. Anlad\u0131klar\u0131 dil neyse, bu dille konu\u015facak ve bu yasay\u0131 biz bu Meclis\u2019ten \u00e7\u0131karaca\u011f\u0131z.<\/p>\n<p style=\"text-align: justify;\"><a href=\"http:\/\/www.gazeteport.com.tr\/haber\/85694\/yeni_sehit_yasasini_acikladi\" target=\"_blank\">Kaynak : GAZETEPORT<\/a><\/p>\n","protected":false},"excerpt":{"rendered":"<p style=\"text-align: center;\">\n<p style=\"text-align: justify;\">Ba\u015fbakan Erdo\u011fan, \u015fehit kapsam\u0131n\u0131 geni\u015fleteceklerini, art\u0131k ter\u00f6r eyleminde \u00f6len sivillerin de kanunen \u015fehit say\u0131laca\u011f\u0131n\u0131 s\u00f6yledi. BDP&#8217;ye mesaj veren Erdo\u011fan, &#8220;Cudi Da\u011f\u0131&#8217;nda \u015fu anda \u00e7at\u0131\u015fma var. Durmak yok&#8221; dedi.<\/p>\n<p style=\"text-align: justify;\">ANKARA &#8211; Ba\u015fbakan Recep Tayyip Erdo\u011fan partisinin grup toplant\u0131s\u0131nda konu\u015ftu. Erdo\u011fan konu\u015fmas\u0131nda &#8220;Sivil \u015fehit yasas\u0131&#8217; olarak bilinen d\u00fczenlemenin ayr\u0131nt\u0131lar\u0131n\u0131 a\u00e7\u0131klad\u0131. <\/p>\n","protected":false},"author":1,"featured_media":0,"comment_status":"open","ping_status":"open","sticky":false,"template":"","format":"standard","meta":{"footnotes":""},"categories":[105],"tags":[],"class_list":["post-49668","post","type-post","status-publish","format-standard","hentry","category-gundem","odd"],"_links":{"self":[{"href":"http:\/\/www.korhanyilmaz.com\/index.php?rest_route=\/wp\/v2\/posts\/49668","targetHints":{"allow":["GET"]}}],"collection":[{"href":"http:\/\/www.korhanyilmaz.com\/index.php?rest_route=\/wp\/v2\/posts"}],"about":[{"href":"http:\/\/www.korhanyilmaz.com\/index.php?rest_route=\/wp\/v2\/types\/post"}],"author":[{"embeddable":true,"href":"http:\/\/www.korhanyilmaz.com\/index.php?rest_route=\/wp\/v2\/users\/1"}],"replies":[{"embeddable":true,"href":"http:\/\/www.korhanyilmaz.com\/index.php?rest_route=%2Fwp%2Fv2%2Fcomments&post=49668"}],"version-history":[{"count":0,"href":"http:\/\/www.korhanyilmaz.com\/index.php?rest_route=\/wp\/v2\/posts\/49668\/revisions"}],"wp:attachment":[{"href":"http:\/\/www.korhanyilmaz.com\/index.php?rest_route=%2Fwp%2Fv2%2Fmedia&parent=49668"}],"wp:term":[{"taxonomy":"category","embeddable":true,"href":"http:\/\/www.korhanyilmaz.com\/index.php?rest_route=%2Fwp%2Fv2%2Fcategories&post=49668"},{"taxonomy":"post_tag","embeddable":true,"href":"http:\/\/www.korhanyilmaz.com\/index.php?rest_route=%2Fwp%2Fv2%2Ftags&post=49668"}],"curies":[{"name":"wp","href":"https:\/\/api.w.org\/{rel}","templated":true}]}}