{"id":49665,"date":"2012-03-21T12:56:01","date_gmt":"2012-03-21T10:56:01","guid":{"rendered":"http:\/\/www.korhanyilmaz.com\/?p=49665"},"modified":"2012-03-21T20:45:16","modified_gmt":"2012-03-21T18:45:16","slug":"birilerinin-taseronu-olmak-zorunda-misin","status":"publish","type":"post","link":"http:\/\/www.korhanyilmaz.com\/?p=49665","title":{"rendered":"&#8220;Birilerinin ta\u015feronu olmak zorunda m\u0131s\u0131n?&#8221;"},"content":{"rendered":"<p style=\"text-align: center;\"><a href=\"http:\/\/www.korhanyilmaz.com\/wp-content\/uploads\/2012\/03\/A0040.jpg\"  class=\"lightview\"><img loading=\"lazy\" decoding=\"async\" class=\"aligncenter  wp-image-49666\" src=\"http:\/\/www.korhanyilmaz.com\/wp-content\/uploads\/2012\/03\/A0040.jpg\" alt=\"\" width=\"396\" height=\"180\" \/><\/a><\/p>\n<p style=\"text-align: justify;\">CHP lideri K\u0131l\u0131\u00e7daro\u011flu, partisinin grup toplant\u0131s\u0131nda konu\u015ftu.<\/p>\n<p style=\"text-align: justify;\">ANKARA- CHP Genel Ba\u015fkan\u0131 Kemal K\u0131l\u0131\u00e7daro\u011flu, Gen\u00e7lik ve Spor Bakan\u0131 Suat K\u0131l\u0131\u00e7 hakk\u0131nda gensoru verdiklerini an\u0131msatarak, &#8221;Ad\u0131m gibi eminin, b\u00fct\u00fcn AKP elleri, gensorunun reddi i\u00e7in kalkacakt\u0131r. Neden; yolsuzluk yapmak temel meslekleri, g\u00f6revleri, en iyi bildikleri i\u015f&#8221; dedi. K\u0131l\u0131\u00e7daro\u011flu, partisinin TBMM grup toplant\u0131s\u0131nda yapt\u0131\u011f\u0131 konu\u015fmada, T\u00fcrkiye&#8217;nin iyi y\u00f6netilmedi\u011fini iddia etti. Kavgayla \u00fclkenin y\u00f6netilemeyece\u011fini vurgulayan K\u0131l\u0131\u00e7daro\u011flu, &#8221;Ba\u015fbakan a\u011fz\u0131n\u0131 a\u00e7\u0131yor k\u00fcf\u00fcr, kapat\u0131yor kin ve intikam&#8221; diye konu\u015ftu.\u00a0<!--more--><\/p>\n<p style=\"text-align: justify;\">T\u00fcrkiye&#8217;nin, neredeyse bir &#8221;yas b\u00f6lgesi&#8221; ilan edildi\u011fini ifade eden K\u0131l\u0131\u00e7daro\u011flu, bir taraftan \u015fehitlerin geldi\u011fini, di\u011fer taraftan depremden y\u00fcz binlerce ki\u015finin ma\u011fdur oldu\u011funu, \u00e7ad\u0131rlarda donarak ve yanarak \u00f6len \u00e7ocuklar\u0131n bulundu\u011funu s\u00f6yledi. K\u0131l\u0131\u00e7daro\u011flu, AK Parti&#8217;nin, kendisini muhalefet gibi g\u00f6rd\u00fc\u011f\u00fcn\u00fc savunarak, &#8221;Biri yang\u0131nda m\u0131 \u00f6ld\u00fc, depremde insanlar \u00e7ad\u0131rda m\u0131 \u00f6ld\u00fc, grizu patlad\u0131 i\u015f\u00e7iler mi \u00f6ld\u00fc; herkes sorumlu, bir tek AKP sorumlu de\u011fil. B\u00f6yle bir devlet anlay\u0131\u015f\u0131 olabilir mi? 10 y\u0131ld\u0131r iktidardas\u0131n, sorunlar \u00e7\u00f6z\u00fclm\u00fcyor katmerle\u015fiyor. \u00dclkemizin insan\u0131na yaz\u0131k, g\u00fcnah&#8221; diye konu\u015ftu. Kemal K\u0131l\u0131\u00e7daro\u011flu, Esenyurt&#8217;ta 11 i\u015f\u00e7inin \u00e7ad\u0131rda \u00f6l\u00fcm\u00fcn\u00fcn ard\u0131ndan &#8221;\u0130\u015f g\u00fcvenli\u011fi yasas\u0131na ihtiya\u00e7 var&#8221; denildi\u011fini an\u0131msatarak, s\u00f6zlerini \u015f\u00f6yle s\u00fcrd\u00fcrd\u00fc:<\/p>\n<p style=\"text-align: justify;\">&#8221;Elinden tutan m\u0131 var; niye getirmiyorsun; &#8216;birileri istemiyor&#8217; diye getiremiyorlar. 10 y\u0131lda, 10 bin 723 i\u015f\u00e7i i\u015f kazas\u0131 sonucu hayat\u0131n\u0131 kaybetti. \u0130\u015fg\u00fcvenli\u011fi yasas\u0131n\u0131 getirmek i\u00e7in 10 bin 723 i\u015f\u00e7inin \u00f6lmesi mi laz\u0131m? \u0130\u015f kazalar\u0131nda d\u00fcnya \u00fc\u00e7\u00fcnc\u00fcs\u00fc, Avrupa birincisiyiz. &#8216;Kader&#8217; diyorlar, di\u011fer \u00fclkelerin i\u015f\u00e7ilerinin kaderi b\u00f6yle de\u011fil mi, onlar\u0131n madenlerinde grizu patlam\u0131yor mu? Her t\u00fcrl\u00fc \u00f6nlemini al\u0131rs\u0131n, sonra &#8216;kader&#8217; dersin. Hi\u00e7bir \u00f6nlem alma, i\u015f\u00e7iler \u00f6ls\u00fcn, sonra \u00e7\u0131k ortaya herkes su\u00e7lu, bir tek onlar masum. Allah bilir &#8216;bu i\u015f\u00e7ilerin bu \u00e7ad\u0131rda ne i\u015fi var, yanlar\u0131nda 5 y\u0131ld\u0131zl\u0131 otel var, orada yatsalard\u0131&#8217; diyecekler.&#8221;<\/p>\n<p style=\"text-align: justify;\"><strong>ERDO\u011eAN G\u00dcLM\u00dc\u015eT\u00dcR<\/strong><\/p>\n<p style=\"text-align: justify;\">K\u0131l\u0131\u00e7daro\u011flu, &#8221;halk\u0131na kar\u015f\u0131 \u00f6nyarg\u0131l\u0131 olan, halk\u0131n\u0131n bir k\u0131sm\u0131n\u0131 kendisine d\u00fc\u015fman g\u00f6ren bir Ba\u015fbakan&#8217;la kar\u015f\u0131 kar\u015f\u0131ya&#8221; olduklar\u0131n\u0131 ileri s\u00fcrd\u00fc. Ge\u00e7en hafta bir utan\u00e7 daha ya\u015fad\u0131klar\u0131n\u0131 belirten K\u0131l\u0131\u00e7daro\u011flu, Sivas davas\u0131nda 7 san\u0131k hakk\u0131ndaki dosyan\u0131n zamana\u015fam\u0131na u\u011framas\u0131na de\u011findi. K\u0131l\u0131\u00e7daro\u011flu, y\u00fcre\u011finde insan sevgisi olan, Allah&#8217;tan korkan birinin, 35 ki\u015finin yanarak \u00f6lmesini kabul edemeyece\u011fini, vicdan azab\u0131 \u00e7ekece\u011fini s\u00f6yledi.<\/p>\n<p style=\"text-align: justify;\">K\u0131l\u0131\u00e7daro\u011flu, Ba\u015fbakan Recep Tayyip Erdo\u011fan&#8217;\u0131n davaya ili\u015fkin kendisini \u015fa\u015f\u0131rtan, &#8221;Dava sonucu hay\u0131rl\u0131 olsun&#8221; \u015feklinde bir a\u00e7\u0131klama yapt\u0131\u011f\u0131n\u0131 belirtti. K\u0131l\u0131\u00e7daro\u011flu, &#8221;Say\u0131n Erdo\u011fan, sen nas\u0131l bir Ba\u015fbakan&#8217;s\u0131n, nas\u0131l bir insans\u0131n, y\u00fcre\u011finde zerre kadar insan sevgisi yok mu? \u0130nsan biraz Allah&#8217;tan korkar. Ma\u011fdurun, ma\u011fduriyetini en az\u0131ndan biraz hisset, empati yap. Kar\u015f\u0131daki insan\u0131 neden tahrik ediyorsun, nedir bu ayr\u0131mc\u0131l\u0131k?&#8221; diye sordu.<\/p>\n<p style=\"text-align: justify;\">&#8221;Zul\u00fcm yapan insanlar, mazlumlara \u00fcz\u00fclmez. Zul\u00fcm yapan, d\u00fc\u015f\u00fcncesinde insaf denen kavram\u0131 geli\u015ftirmez&#8221; diyen K\u0131l\u0131\u00e7daro\u011flu, s\u00f6zlerini, &#8221;Bunlar\u0131n b\u00fct\u00fcn d\u00fc\u015f\u00fcnceleri insanlara zul\u00fcm yapmakt\u0131r. Van&#8217;da zul\u00fcm yaparlar, Ergenekon davas\u0131 Silivri&#8217;de, zul\u00fcm yaparlar. Bir gazeteci tahliye olduktan sonra, 8 ya\u015f\u0131ndaki \u00e7ocu\u011funun kendisini ziyarete gelirken ya\u015fad\u0131\u011f\u0131 dram\u0131, g\u00f6zya\u015flar\u0131 i\u00e7inde anlatt\u0131, b\u00fct\u00fcn T\u00fcrkiye a\u011flad\u0131. Erdo\u011fan g\u00fclm\u00fc\u015ft\u00fcr. \u00c7\u00fcnk\u00fc vicdan\u0131 ile sorunu olanlar \u00fcz\u00fclmezler. Demokrasi bu de\u011fil, \u00fclke b\u00f6yle y\u00f6netilmez. Bu siyaset\u00e7ilerin, bu milletin yakas\u0131ndan d\u00fc\u015fmesi laz\u0131m&#8221; diye s\u00fcrd\u00fcrd\u00fc.<\/p>\n<p style=\"text-align: justify;\"><strong>D\u00dcNYALI\u011eINI SA\u011eLAMAYA \u00c7ALI\u015eIYORSUN<\/strong><\/p>\n<p style=\"text-align: justify;\">CHP Genel Ba\u015fkan\u0131 K\u0131l\u0131\u00e7daro\u011flu, Adana Seyhan&#8217;da, 7 ayl\u0131k \u00e7ocu\u011funu sa\u00e7 kurutma makinesiyle \u0131s\u0131tmaya \u00e7al\u0131\u015fan Emine Ak\u00e7ay&#8217;\u0131n, \u00e7ocu\u011funa yiyecek veremedi\u011fi i\u00e7in kendisini ast\u0131\u011f\u0131n\u0131 s\u00f6yledi. K\u0131l\u0131\u00e7daro\u011flu, \u015funlar\u0131 kaydetti:<\/p>\n<p style=\"text-align: justify;\">&#8221;Kimse, &#8216;T\u00fcrkiye sosyal devlettir&#8217; demesin, b\u0131rak\u0131n o palavralar\u0131. Sosyal devlette, 7 ayl\u0131k \u00e7ocu\u011fu sa\u00e7 kurutma makinesiyle \u0131s\u0131tan annenin daram\u0131n\u0131 anlam\u0131yorsa sosyal devlet de\u011fildir, o devlette dikta y\u00f6netimi var demektir. Emine Ak\u00e7ay&#8217;\u0131n ya\u015fad\u0131\u011f\u0131 dram\u0131n, gazetelerin 3.sayfalar\u0131nda yer alman\u0131n d\u0131\u015f\u0131nda ne anlama geliyor? AKP&#8217;nin bu soruna \u00e7\u00f6z\u00fcm \u00fcretece\u011fini mi san\u0131yorsunuz; hay\u0131r. AKP zengin sofralar\u0131n\u0131n vazge\u00e7ilmez konu\u011fudur art\u0131k, l\u00fcks jeeplerden inmeyenlerdir. Niye Ak\u00e7ay&#8217;a k\u00f6m\u00fcr vermedin, fakir fukaraya de\u011fil, yanda\u015flar\u0131na da\u011f\u0131t\u0131yorsun.<\/p>\n<p style=\"text-align: justify;\">Emine Ak\u00e7ay&#8217;\u0131n kendisini asmas\u0131ndan, ba\u015fta iktidar partisi olmak \u00fczere herkesin sorumlulu\u011fu var. Biz sorumlulu\u011fumuzun gere\u011fini yerine getirdik. Se\u00e7imlerde &#8216;aile sigortas\u0131&#8217; dedik. Aile Sigortas\u0131 Kanunu olsayd\u0131 kendisini asmazd\u0131, hesab\u0131na her ay 600 lira yat\u0131r\u0131lacakt\u0131, okula giden \u00e7ocu\u011fu i\u00e7in 100 lira alacakt\u0131. Kimseye minnet etmeyecek ve kendisini asmayacakt\u0131. B\u00fct\u00fcn CHP&#8217;lilere sesleniyorum; CHP&#8217;nin iktidar olma g\u00f6revi ve zorunlulu\u011fu var, Emine Ak\u00e7aylar, Samsun&#8217;da a\u00e7l\u0131ktan \u00f6len K\u00fcbra bebek, Milas&#8217;ta a\u00e7l\u0131ktan \u00f6len gazimiz i\u00e7in var.<\/p>\n<p style=\"text-align: justify;\">Bir Emine Ak\u00e7ay&#8217;a bak\u0131n, bir de Deniz Feneri&#8217;ne bak\u0131n. Emine Ak\u00e7ay&#8217;\u0131n annelik gururu dayanam\u0131yor intihar ediyor. Deniz Feneri, fitre yolsuzlu\u011fu yapanlara bak\u0131n, inan\u00e7 s\u00f6m\u00fcrenlerin arkas\u0131na bak\u0131n kimler var. Onlar\u0131n ya\u015fad\u0131\u011f\u0131 l\u00fcks hayata bak\u0131n, bir de Ak\u00e7ay&#8217;a bak\u0131n. Bir de elinizi vicdan\u0131n\u0131za koyun, H\u00fck\u00fcmet&#8217;e bak\u0131n. Bir de d\u00f6n\u00fcn Suat K\u0131l\u0131\u00e7&#8217;a bak\u0131n. Genelde yoksullar\u0131n, orta hallilerin ya\u015fad\u0131\u011f\u0131 yerde, ucuza bina kapat\u0131p, k\u00f6\u015feyi d\u00f6nenlere bak\u0131n. Bu milletten utanm\u0131yorsan, Emine Ak\u00e7ay&#8217;dan utan. O a\u00e7l\u0131ktan, yoksulluktan kendini asarken, sen d\u00fcnyal\u0131\u011f\u0131n\u0131 sa\u011flamaya \u00e7al\u0131\u015f\u0131yorsun. Yetmez mi sana bu kadar para, \u00f6b\u00fcr d\u00fcnyaya m\u0131 g\u00f6t\u00fcreceksin? Gensoru verdik. Ad\u0131m gibi eminin, b\u00fct\u00fcn AKP elleri, gensorunun reddi i\u00e7in kalkacakt\u0131r. Neden; yolsuzluk yapmak temel meslekleri, g\u00f6revleri, en iyi bildikleri i\u015f.&#8221;<\/p>\n<p style=\"text-align: justify;\"><strong>CIA BA\u015eKANININ Z\u0130YARET\u0130<\/strong><\/p>\n<p style=\"text-align: justify;\">K\u0131l\u0131\u00e7daro\u011flu, CIA Ba\u015fkan\u0131&#8217;n\u0131n T\u00fcrkiye ziyareti ve Ba\u015fbakan&#8217;la yapt\u0131\u011f\u0131 g\u00f6r\u00fc\u015fmeyi an\u0131msatarak, &#8221;Hem &#8216;b\u00fcy\u00fck devlet&#8217; diyeceksin, &#8216;T\u00fcrkiye butik devlet de\u011fildir&#8217; diyeceksin, kendi muhatab\u0131n olmayan birisini makam\u0131nda kabul edip g\u00f6r\u00fc\u015feceksin. Anlamakta zorlan\u0131yorum&#8221; ifadelerini kulland\u0131. K\u0131l\u0131\u00e7daro\u011flu, partisinin grup toplant\u0131s\u0131nda g\u00fcndemdeki konulara ili\u015fkin de\u011ferlendirmelerde bulundu. Hafta sonu Ni\u011fde&#8217;ye yapt\u0131\u011f\u0131 ziyareti hat\u0131rlatan K\u0131l\u0131\u00e7daro\u011flu, &#8221;patates \u00fcreticisinin dertli&#8221; oldu\u011funu s\u00f6yledi. 10 y\u0131l \u00f6nce y\u0131lda 6 milyon ton patates \u00fcretildi\u011fini belirten K\u0131l\u0131\u00e7daro\u011flu, &#8221;AKP iktidara geldi, 10 y\u0131l ge\u00e7ti, T\u00fcrkiye&#8217;de \u00fcretilen patates miktar\u0131 4,5 milyon tona d\u00fc\u015ft\u00fc&#8221; dedi.<\/p>\n<p style=\"text-align: justify;\">Ni\u011fde&#8217;de aralar\u0131nda AK Parti il\u00e7e ba\u015fkan\u0131n\u0131n da bulundu\u011fu \u00fcreticilerin \u00e7o\u011funun icral\u0131k oldu\u011funu savunan K\u0131l\u0131\u00e7daro\u011flu, 10 y\u0131l \u00f6ncesine g\u00f6re patatesin kilogram fiyat\u0131nda fazla de\u011fi\u015fiklik olmamas\u0131na kar\u015f\u0131n mazotun fiyat\u0131n\u0131n ise 1 liradan 4 liraya \u00e7\u0131kt\u0131\u011f\u0131n\u0131 s\u00f6yledi. K\u0131l\u0131\u00e7daro\u011flu, Ni\u011fdeliler&#8217;den daha fazla milletvekili i\u00e7in s\u00f6z ald\u0131\u011f\u0131n\u0131 kaydetti. Ni\u011fdeliler&#8217;in kendisine &#8221;Bu iktidarda insaf var m\u0131d\u0131r? Vicdan var m\u0131d\u0131r?&#8221; diye sorduklar\u0131n\u0131 belirten K\u0131l\u0131\u00e7daro\u011flu, kendisinin de &#8221;\u0130nsaf\u0131 ve vicdan\u0131 bu iktidarda aramay\u0131n. O insaf ve vicdan CHP&#8217;de vard\u0131r&#8221; dedi\u011fini dile getirdi.<\/p>\n<p style=\"text-align: justify;\">Afganistan&#8217;da \u015fehit olan 12 T\u00fcrk askerini hat\u0131rlatan K\u0131l\u0131\u00e7daro\u011flu, &#8221;Ac\u0131 bir olay\u0131 ya\u015fad\u0131k, 12 askerimiz bizden 3 bin 500 kilometre uzakta, Afganistan&#8217;da g\u00f6rev yaparken \u015fehit d\u00fc\u015ft\u00fcler. Y\u00fcreklerimiz da\u011fland\u0131. Ac\u0131y\u0131 payla\u015ft\u0131k, aileleri ziyaret ettik. Biz ne s\u00f6ylersek s\u00f6yleyelim ate\u015f d\u00fc\u015ft\u00fc\u011f\u00fc yeri yakar. B\u00fcy\u00fcklerimizin s\u00f6yledi\u011fi bir \u015fey var; &#8216;Allah kimseye evlat ac\u0131s\u0131 vermesin.&#8217; O anneleri dinlerken, onlar\u0131n yan\u0131na giderken, duygulanmamak m\u00fcmk\u00fcn de\u011fil. \u0130nsan\u0131n g\u00f6zleri doluyor. 3 bin 500 kilometre uzakta g\u00f6rev yap\u0131yorlar. G\u00f6rev \u015fehidi o arkada\u015flar&#8221; dedi.<\/p>\n<p style=\"text-align: justify;\"><strong>TERTEM\u0130Z ALINLARINDAN \u00d6P\u00dcYORUM<\/strong><\/p>\n<p style=\"text-align: justify;\">\u015eehitlerin adlar\u0131n\u0131 okuyan K\u0131l\u0131\u00e7daro\u011flu, bu \u00fclkenin birli\u011fi ve beraberli\u011fi i\u00e7in \u015fehit olduklar\u0131n\u0131 an\u0131msatt\u0131. \u015eehitli\u011fin en y\u00fcce mertebe oldu\u011funu ifade eden K\u0131l\u0131\u00e7daro\u011flu, &#8221;O \u015fehitleri yeti\u015ftiren annelerin ellerinden, o \u015fehitlerin de tertemiz al\u0131nlar\u0131ndan \u00f6p\u00fcyorum ve onlar\u0131 sayg\u0131yla selaml\u0131yorum&#8221; diye konu\u015ftu. Vatan\u0131n herkesin ortak mal\u0131 oldu\u011funu ve vatan denilen \u015feyin sadece topraktan ibaret olmad\u0131\u011f\u0131n\u0131 belirten K\u0131l\u0131\u00e7daro\u011flu, vatan\u0131n ayn\u0131 zamanda millet, h\u00fcrriyet ve \u00f6zg\u00fcrl\u00fck oldu\u011funu vurgulad\u0131.<\/p>\n<p style=\"text-align: justify;\">Vatan\u0131n herkesin karn\u0131n\u0131n doydu\u011fu yer oldu\u011funu belirten K\u0131l\u0131\u00e7daro\u011flu, &#8221;\u00dclkelerimizin ba\u011f\u0131ms\u0131zl\u0131\u011f\u0131 i\u00e7in m\u00fccadele etti\u011fimiz yerdir vatan, onun i\u00e7in siz \u00f6zg\u00fcrl\u00fc\u011f\u00fc, demokrasiyi insan haklar\u0131n\u0131 savunursan\u0131z, bir anlamda vatan\u0131 da savunuyorsunuz demektir. 12 Mehmet\u00e7i\u011fin \u015fehit olmas\u0131 da bu vatan dedi\u011fimiz ger\u00e7e\u011fin bir ba\u015fka somut ifadesidir&#8221; dedi. 12 askerin \u015fehit olmas\u0131 \u00fczerine bir sorgulama yapt\u0131\u011f\u0131n\u0131 ve &#8221;Bizim orada ne i\u015fimiz vard\u0131?&#8221; diye soru sordu\u011funu anlatan K\u0131l\u0131\u00e7daro\u011flu, baz\u0131lar\u0131n\u0131n ise bunu yad\u0131rgad\u0131\u011f\u0131n\u0131 hat\u0131rlatt\u0131.<\/p>\n<p style=\"text-align: justify;\">K\u0131l\u0131\u00e7daro\u011flu, &#8221;Bizim, &#8216;neden \u015fehit oldular?&#8217; diye soru sormam\u0131z\u0131 yad\u0131rg\u0131yorlarsa, ben onlar\u0131 yad\u0131rg\u0131yorum ve k\u0131n\u0131yorum. \u015eehitlerimizin can\u0131 bizim i\u00e7in de\u011ferlidir. B\u0131rak\u0131n can\u0131n\u0131, her \u015fehidimizin sa\u00e7\u0131n\u0131n teli bile bizim i\u00e7in \u00f6nemlidir. Onlar\u0131 oralara vatan u\u011fruna g\u00f6nderdik, ama insan\u0131m\u0131z\u0131n de\u011ferli oldu\u011funu unutmamam\u0131z, sorgulamam\u0131z laz\u0131m. Siz \u015fehidinizin de\u011ferini vermezseniz, \u00fclkenizin de de\u011ferini bilmezsiniz. Kendi insan\u0131m\u0131za de\u011fer verece\u011fiz. Vatan\u0131 savunmak, insan\u0131m\u0131z\u0131 savunmak bir b\u00fct\u00fcnd\u00fcr, olaya b\u00f6yle bakmak gerekiyor&#8221; ifadelerini kulland\u0131.<\/p>\n<p style=\"text-align: justify;\"><strong>HER T\u00dcRL\u00dc KATKIYI VERMEYE HAZIRIZ<\/strong><\/p>\n<p style=\"text-align: justify;\">\u015eehitler ve gazilerle ilgili \u00e7ok sorunlar oldu\u011funu savunan K\u0131l\u0131\u00e7daro\u011flu, Ni\u011fde&#8217;de \u015fehit ve gazilerle ilgili bir derne\u011fin \u015fubesini a\u00e7t\u0131klar\u0131n\u0131 an\u0131msatt\u0131. Ba\u015fbakan&#8217;\u0131n bug\u00fcn \u015fehit ve gazilerle ilgili kanun tekliflerini, tasar\u0131lar\u0131n\u0131 parlamentoya getireceklerini s\u00f6yledi\u011fini an\u0131msatan K\u0131l\u0131\u00e7daro\u011flu, \u015funlar\u0131 kaydetti:<\/p>\n<p style=\"text-align: justify;\">&#8221;CHP olarak, \u015fehit, gazi, dul ve yetimleriyle ilgili 5 tane kanun teklifi haz\u0131rlam\u0131\u015f\u0131z. S\u00f6ylediklerinin tamam\u0131 bunlar\u0131n i\u00e7inde. 12 askerimiz \u015fehit olduktan sonra ak\u0131llar\u0131 ba\u015flar\u0131na geldi. Oysa CHP, daha olay\u0131n ba\u015f\u0131nda \u015fehit yak\u0131nlar\u0131n\u0131 dinledi, bu kanun tekliflerini sundu. Bizden kopya al\u0131yorlar, vars\u0131n als\u0131nlar&#8230;&#8221; &#8221;Ge\u00e7en hafta say\u0131n Ba\u015fbakan&#8217;\u0131n \u00e7ok \u00f6zel bir misafiri vard\u0131. ABD istihbarat te\u015fkilat\u0131 CIA&#8217;n\u0131n Ba\u015fkan\u0131 Ankara&#8217;ya gelmi\u015fti. Say\u0131n Ba\u015fbakan CIA Ba\u015fkan\u0131&#8217;n\u0131 kabul etti, niye kabul etti anlamakta zorlan\u0131yorum&#8221; diyen K\u0131l\u0131\u00e7daro\u011flu, \u015f\u00f6yle devam etti:<\/p>\n<p style=\"text-align: justify;\">&#8221;Hem &#8216;b\u00fcy\u00fck devlet&#8217; diyeceksin, &#8216;T\u00fcrkiye butik devlet de\u011fildir&#8217; diyeceksin, kendi muhatab\u0131n olmayan birisini makam\u0131nda kabul edip g\u00f6r\u00fc\u015feceksin. Anlamakta zorlan\u0131yorum. Biliyorsunuz bu CIA Ba\u015fkan\u0131 ile Recep Tayyip Erdo\u011fan aras\u0131nda bir de \u00f6zel bir ili\u015fki var. Bunlar eski arkada\u015flar, \u00f6zel hukuklar\u0131 var. Hat\u0131rlars\u0131n\u0131z 4 Temmuz 2003&#8217;te, Kuzey Irak&#8217;\u0131n S\u00fcleymaniye kentinde bizim askerlerimizin ba\u015f\u0131na \u00e7uval ge\u00e7iren Amerikan askerlerinin komutan\u0131yd\u0131 bu ki\u015fi. \u015eimdi bu geliyor, say\u0131n Ba\u015fbakan bunu davet ediyor, geliyor, oturuyor, konu\u015fuyorlar. Ne konu\u015fuyorsun sen say\u0131n Ba\u015fbakan. Ba\u015f\u0131n\u0131 uzat\u0131yorsun, \u00e7uval ge\u00e7iriliyorlar. Bu ili\u015fkinin sorulmas\u0131 ve sorgulanmas\u0131 laz\u0131m.<\/p>\n<p style=\"text-align: justify;\">Biliyorsunuz CIA Ba\u015fkan\u0131, Ba\u015fkan olmadan \u00f6nce de Afganistan&#8217;da NATO birliklerinin komutan\u0131yd\u0131. \u00c7uval olay\u0131ndan sonra gazeteciler say\u0131n Ba\u015fbakan&#8217;a, &#8216;ABD&#8217;ye nota verecek misiniz?&#8217; diye soruyorlar. Yan\u0131t\u0131n\u0131 \u00e7o\u011funuz unutmu\u015f olabilirsiniz, ben hat\u0131rlatmak isterim. \u015e\u00f6yle diyor say\u0131n Ba\u015fbakan; &#8216;Bak\u0131n nota dedi\u011finiz konu m\u00fczik notas\u0131 de\u011fildir. Bunlar\u0131n bir a\u011f\u0131rl\u0131\u011f\u0131 vard\u0131r, akl\u0131n\u0131za esince nota verilmez.&#8217;<\/p>\n<p style=\"text-align: justify;\">Senin askerinin ba\u015f\u0131na \u00e7uval ge\u00e7irilecek, sen ABD&#8217;ye &#8216;Ya arkada\u015f ne yap\u0131yorsunuz, bunu yapamazs\u0131n\u0131z&#8217; diye cesaret edip soru dahi soram\u0131yorsunuz. \u015eimdi kalkm\u0131\u015f efeleniyorsun. Afganistan&#8217;a 12 \u015fehit var, &#8216;T\u00fcrkiye b\u00fcy\u00fck devlet.&#8217; T\u00fcrkiye&#8217;nin b\u00fcy\u00fck devlet oldu\u011funa inan\u0131yorum da sen k\u00fc\u00e7\u00fck bir Ba\u015fbakans\u0131n, sorunumuz bu. Askerinin ba\u015f\u0131na \u00e7uval ge\u00e7irilecek, beyefendiyi al\u0131p kar\u015f\u0131layacaks\u0131n, Allah bilir ba\u015f\u0131n\u0131 uzatm\u0131\u015fs\u0131nd\u0131r, senin de ba\u015f\u0131na \u00e7uval ge\u00e7irecek. Hi\u00e7 bir \u00fclke ba\u015fka bir \u00fclkenin \u00e7\u0131kar\u0131n\u0131 savunmaz. Sen kendi \u00fclkenin \u00e7\u0131kar\u0131n\u0131 savunmazsan, ba\u015fkas\u0131 gelip savunmaz, herkes kendi \u00fclkesinin \u00e7\u0131kar\u0131n\u0131 savunur. D\u0131\u015f politikan\u0131n \u00f6z\u00fc budur. T\u00fcrkiye&#8217;nin \u00e7\u0131kar\u0131n\u0131 ancak biz savunuruz.&#8221;<\/p>\n<p style=\"text-align: justify;\">&#8221;Hem &#8216;b\u00fcy\u00fck devletim&#8217; diyeceksin hem soru sormaktan korkacaks\u0131n, sonra da kalk\u0131p T\u00fcrkiye&#8217;de efeleneceksin. Yemezler. O efelenmeye izin vermeyiz&#8221; ifadelerini kullanan K\u0131l\u0131\u00e7daro\u011flu, &#8221;Senin ger\u00e7ek kimli\u011fini ben bu millete anlataca\u011f\u0131m. S\u00f6z\u00fcm var, ahdim var, senin ne mal oldu\u011funu ben anlataca\u011f\u0131m&#8221; diye konu\u015ftu.<\/p>\n<p style=\"text-align: justify;\"><strong>1 MART TEZKERES\u0130<\/strong><\/p>\n<p style=\"text-align: justify;\">1 Mart 2003 tezkeresinin CHP&#8217;nin kararl\u0131 duru\u015fu ile reddedildi\u011fini an\u0131msatan K\u0131l\u0131\u00e7daro\u011flu, \u015funlar\u0131 s\u00f6yledi:<\/p>\n<p style=\"text-align: justify;\">&#8221;E\u011fer Ortado\u011fu&#8217;da bug\u00fcn T\u00fcrkiye Cumhuriyeti&#8217;nin bir sayg\u0131nl\u0131\u011f\u0131 varsa ki, sen \u00e7o\u011funu allak bullak ettin, 1 Mart 2003 tezkeresinin y\u00fcz\u00fcndendir. Afganistan&#8217;dan 12 \u015fehit geldi, b\u00fct\u00fcn T\u00fcrkiye a\u011flad\u0131. 1 Mart&#8217;taki tezkere ge\u00e7seydi, 12 de\u011fil belki 12 bin \u015fehidimiz gelecekti. Biz hi\u00e7 kimsenin burnunun kanamas\u0131n\u0131 istemeyiz. Bu \u00fclkede herkes \u00f6zg\u00fcrl\u00fck i\u00e7inde ya\u015fayabilmelidir. Ba\u015fka topraklarda bizim i\u015fimiz yok. Birilerinin ta\u015feronlu\u011funu yaparak, buralara gitmeyi do\u011fru bulmad\u0131k. Her zaman kar\u015f\u0131 \u00e7\u0131kt\u0131k, yine kar\u015f\u0131 \u00e7\u0131kmaya devam edece\u011fiz.&#8221; &#8221;1 Mart tezkeresinin reddedilerek binlerce \u015fehidin olmas\u0131n\u0131n \u00f6n\u00fcn\u00fc kestiklerini&#8221; belirten K\u0131l\u0131\u00e7daro\u011flu, gelinen noktada ise farkl\u0131 bir yerde olundu\u011funu s\u00f6yledi.<\/p>\n<p style=\"text-align: justify;\">K\u0131l\u0131\u00e7daro\u011flu, s\u00f6zlerini \u015f\u00f6yle s\u00fcrd\u00fcrd\u00fc:<\/p>\n<p style=\"text-align: justify;\">&#8221;CIA Ba\u015fkan\u0131 geliyor, Ba\u015fbakan kabul ediyor. Devlet protokol\u00fcnde olmayan bir kural i\u00e7inde kabul ediyor. Yeni vazife alm\u0131\u015f memurlar gibi heyecanla bir \u015feylere sar\u0131lmaya ba\u015fl\u0131yorlar. Neymi\u015f, Suriye&#8217;de tampon b\u00f6lge kuracaklarm\u0131\u015f, bunun ad\u0131 sava\u015ft\u0131r ve i\u015fgaldir. Senin ne i\u015fin var Suriye&#8217;de. Irak&#8217;ta 1,5 milyon M\u00fcsl\u00fcman \u00f6ld\u00fcr\u00fcl\u00fcrken sesin \u00e7\u0131km\u0131yordu da, Suriye&#8217;de olunca m\u0131 sesin \u00e7\u0131kmaya ba\u015flad\u0131? Irak&#8217;ta y\u00fcz binlerce M\u00fcsl\u00fcman kad\u0131na Amerikan askerleri tecav\u00fcz ederken, sen o askerlere ba\u015far\u0131 diledin mi, dilemedin mi?<\/p>\n<p style=\"text-align: justify;\">Birilerine tampon ya da ta\u015feron olmaktan vazge\u00e7. Birilerinin tamponu olmak zorunda m\u0131s\u0131n? Birilerinin ta\u015feronu olmak zorunda m\u0131s\u0131n? T\u00fcrkiye onurlu bir devlettir. Kurucu \u00f6nderimizin bir c\u00fcmlesi vard\u0131r, &#8216;yurtta bar\u0131\u015f, d\u00fcnyada bar\u0131\u015f.&#8217; \u0130\u015fin \u00f6z\u00fc budur. Sosyalist enternasyonalin toplant\u0131s\u0131 olacak, beyefendideki pani\u011fe bak. &#8216;Efendim Suriye&#8217;ye destek vermek i\u00e7in.&#8217;<\/p>\n<p style=\"text-align: justify;\">Dur bakal\u0131m, daha toplant\u0131 olmad\u0131, rahats\u0131z toplant\u0131 olmas\u0131ndan. Ger\u00e7eklerin bu millet taraf\u0131ndan \u00f6\u011frenilmesinden rahats\u0131z. Malum ya, Suriye&#8217;de iki tane &#8216;ter\u00f6ristimiz&#8217; daha var, sar\u0131 bas\u0131n kart\u0131 olmad\u0131\u011f\u0131 i\u00e7in iki gazetecimiz. Sesi \u00e7\u0131k\u0131yor mu? Ben o gazetecileri kurtaray\u0131m diye yola \u00e7\u0131kt\u0131 m\u0131? Onlar\u0131n da terc\u00fcman\u0131 biz olaca\u011f\u0131z. Onlar\u0131n da sorunlar\u0131yla CHP olarak biz ilgilenece\u011fiz. Sosyalist Enternasyonal burada toplanacak. T\u00fcrkiye b\u00fcy\u00fck, onurlu devlet, T\u00fcrkiye \u00e7\u0131karlar\u0131n\u0131 savunan devlet, T\u00fcrkiye&#8217;de onun akl\u0131n\u0131n almad\u0131\u011f\u0131 onurlu bir muhalefet var. Onun kafas\u0131 almaz ama biz bunu yapaca\u011f\u0131z. Haz\u0131r buraya gelmi\u015fken CIA Ba\u015fkan\u0131, oturup bir bas\u0131n toplant\u0131s\u0131 yapsalard\u0131 iyi olurdu. Belki bu Uludere&#8217;de \u00f6ld\u00fcr\u00fclen 34 yurtta\u015f\u0131m\u0131z\u0131n katili kim onu \u00f6\u011frenirdik bari hi\u00e7 de\u011filse.&#8221;<\/p>\n<p style=\"text-align: justify;\"><a href=\"http:\/\/www.gazeteport.com.tr\/haber\/85729\/quotbirilerinin_taseronu_olmak_zorunda_misinquot\" target=\"_blank\">Kaynak : GAZETEPORT<\/a><\/p>\n","protected":false},"excerpt":{"rendered":"<p style=\"text-align: center;\">\n<p style=\"text-align: justify;\">CHP lideri K\u0131l\u0131\u00e7daro\u011flu, partisinin grup toplant\u0131s\u0131nda konu\u015ftu.<\/p>\n<p style=\"text-align: justify;\">ANKARA- CHP Genel Ba\u015fkan\u0131 Kemal K\u0131l\u0131\u00e7daro\u011flu, Gen\u00e7lik ve Spor Bakan\u0131 Suat K\u0131l\u0131\u00e7 hakk\u0131nda gensoru verdiklerini an\u0131msatarak, &#8221;Ad\u0131m gibi eminin, b\u00fct\u00fcn AKP elleri, gensorunun reddi i\u00e7in kalkacakt\u0131r. Neden; yolsuzluk yapmak temel meslekleri, g\u00f6revleri, en iyi bildikleri i\u015f&#8221; dedi. K\u0131l\u0131\u00e7daro\u011flu, partisinin TBMM grup <\/p>\n","protected":false},"author":1,"featured_media":0,"comment_status":"open","ping_status":"open","sticky":false,"template":"","format":"standard","meta":{"footnotes":""},"categories":[105],"tags":[],"class_list":["post-49665","post","type-post","status-publish","format-standard","hentry","category-gundem","odd"],"_links":{"self":[{"href":"http:\/\/www.korhanyilmaz.com\/index.php?rest_route=\/wp\/v2\/posts\/49665","targetHints":{"allow":["GET"]}}],"collection":[{"href":"http:\/\/www.korhanyilmaz.com\/index.php?rest_route=\/wp\/v2\/posts"}],"about":[{"href":"http:\/\/www.korhanyilmaz.com\/index.php?rest_route=\/wp\/v2\/types\/post"}],"author":[{"embeddable":true,"href":"http:\/\/www.korhanyilmaz.com\/index.php?rest_route=\/wp\/v2\/users\/1"}],"replies":[{"embeddable":true,"href":"http:\/\/www.korhanyilmaz.com\/index.php?rest_route=%2Fwp%2Fv2%2Fcomments&post=49665"}],"version-history":[{"count":0,"href":"http:\/\/www.korhanyilmaz.com\/index.php?rest_route=\/wp\/v2\/posts\/49665\/revisions"}],"wp:attachment":[{"href":"http:\/\/www.korhanyilmaz.com\/index.php?rest_route=%2Fwp%2Fv2%2Fmedia&parent=49665"}],"wp:term":[{"taxonomy":"category","embeddable":true,"href":"http:\/\/www.korhanyilmaz.com\/index.php?rest_route=%2Fwp%2Fv2%2Fcategories&post=49665"},{"taxonomy":"post_tag","embeddable":true,"href":"http:\/\/www.korhanyilmaz.com\/index.php?rest_route=%2Fwp%2Fv2%2Ftags&post=49665"}],"curies":[{"name":"wp","href":"https:\/\/api.w.org\/{rel}","templated":true}]}}