{"id":49661,"date":"2012-03-21T16:51:16","date_gmt":"2012-03-21T14:51:16","guid":{"rendered":"http:\/\/www.korhanyilmaz.com\/?p=49661"},"modified":"2012-03-21T20:10:39","modified_gmt":"2012-03-21T18:10:39","slug":"mit-savcisi-niye-uzaklastirildi","status":"publish","type":"post","link":"http:\/\/www.korhanyilmaz.com\/?p=49661","title":{"rendered":"&#8220;M\u0130T savc\u0131s\u0131 niye uzakla\u015ft\u0131r\u0131ld\u0131?&#8221;"},"content":{"rendered":"<p style=\"text-align: center;\"><a href=\"http:\/\/www.korhanyilmaz.com\/wp-content\/uploads\/2012\/03\/A0039.jpg\"  class=\"lightview\"><img loading=\"lazy\" decoding=\"async\" class=\"aligncenter  wp-image-49662\" src=\"http:\/\/www.korhanyilmaz.com\/wp-content\/uploads\/2012\/03\/A0039.jpg\" alt=\"\" width=\"396\" height=\"180\" \/><\/a><\/p>\n<p style=\"text-align: justify;\">HSYK Birinci Daire Ba\u015fkan\u0131 \u0130brahim Okur, M\u0130T M\u00fcste\u015far\u0131 Hakan Fidan&#8217;\u0131n ifadeye \u00e7a\u011f\u0131ran savc\u0131n\u0131n g\u00f6revden uzakla\u015ft\u0131r\u0131lmas\u0131yla ilgili olarak, savc\u0131n\u0131n yetkisinin devam etti\u011fini, ba\u011fl\u0131 oldu\u011fu ba\u015fsavc\u0131n\u0131n konudan haberinin olmamas\u0131 nedeniyle s\u00f6z konusu dosyadaki g\u00f6revinin kald\u0131r\u0131ld\u0131\u011f\u0131n\u0131 s\u00f6yledi.<\/p>\n<p style=\"text-align: justify;\">\u0130ZM\u0130R-Hakimler ve Savc\u0131lar Y\u00fcksek Kurulu (HSYK) Birinci Daire Ba\u015fkan\u0131 \u0130brahim Okur, &#8221;Yarg\u0131 ge\u00e7mi\u015fte krizlerle g\u00fcndemdeydi. Bundan sonra yarg\u0131, T\u00fcrkiye&#8217;nin g\u00fcndeminden d\u00fc\u015ft\u00fcyse kendimizi ba\u015far\u0131l\u0131 olmu\u015f sayar\u0131z&#8221; dedi.\u00a0<!--more--><\/p>\n<p style=\"text-align: justify;\">Gediz \u00dcniversitesi Hukuk Fak\u00fcltesi Dekanl\u0131\u011f\u0131 taraf\u0131ndan d\u00fczenlenen &#8221;Hukuk\u00e7u Olmak ve Hakimlik Mesle\u011fi&#8221; konulu s\u00f6yle\u015fiye kat\u0131lan HSYK Birinci Daire Ba\u015fkan\u0131 Okur, yeni yap\u0131yla hakim ve savc\u0131lar\u0131n HSYK \u00fcyelerinin se\u00e7meni haline geldi\u011fini, se\u00e7menlerin art\u0131k hesap sordu\u011funu belirtti. HSYK&#8217;da art\u0131k s\u00fcrekli sorgulayan, hesap soran bir sistem oldu\u011funu ifade eden Okur, \u015f\u00f6yle konu\u015ftu:<\/p>\n<p style=\"text-align: justify;\">&#8221;Yarg\u0131 ge\u00e7mi\u015fte krizlerle g\u00fcndemdeydi. Yarg\u0131n\u0131n bu kadar \u00f6n planda olmas\u0131 do\u011fru de\u011fil. Bundan sonra yarg\u0131 T\u00fcrkiye&#8217;nin g\u00fcndeminden d\u00fc\u015ft\u00fcyse kendimizi ba\u015far\u0131l\u0131 olmu\u015f sayar\u0131z. HSYK&#8217;da ilk 1,5 y\u0131l onar\u0131m d\u00f6nemiydi, bundan sonra sonu\u00e7 alma d\u00f6nemi olacak. Uzun s\u00fcren davalarda ilgili de \u00e7ok ciddi sonu\u00e7lar var. Yarg\u0131tay ve ilk derece mahkemelerde daha iyi noktaya gelmeye ba\u015flayaca\u011f\u0131m\u0131z\u0131 vatanda\u015flar\u0131m\u0131z hissedecek.&#8221;<\/p>\n<p style=\"text-align: justify;\">Baz\u0131 hakim ve savc\u0131lar\u0131n HSYK taraf\u0131ndan devam eden soru\u015fturmalar kapsam\u0131nda g\u00f6rev yerlerinin de\u011fi\u015ftirildi\u011fini, bu de\u011fi\u015fikliklerin nedenlerinin, ki\u015filerin &#8221;lekelenmeme hakk\u0131n\u0131n ihlal edilmemesi&#8221; i\u00e7in kamuoyu ile payla\u015f\u0131lmad\u0131\u011f\u0131n\u0131 ifade eden Okur, \u015f\u00f6yle konu\u015ftu:<\/p>\n<p style=\"text-align: justify;\">&#8221;Her \u015fey kamuoyuna a\u00e7\u0131klanm\u0131yor. Yarg\u0131lad\u0131\u011f\u0131 san\u0131kla g\u00f6n\u00fcl ili\u015fkisi olan hakim var. Soru\u015fturma kapsam\u0131nda g\u00f6rev yeri de\u011fi\u015ftiriliyor. &#8216;Uyu\u015fturucu baronuyla&#8217; ili\u015fkisi olan mahkeme ba\u015fkan\u0131 g\u00f6revden al\u0131nd\u0131, T\u00fcrkiye&#8217;de k\u0131yamet koptu. \u0130li\u015fkileri bu noktaya gelen hakim davaya devam m\u0131 etmeli? Bu ki\u015filer kamuoyu \u00f6n\u00fcnde kahraman ilan ediliyor.&#8221;<\/p>\n<p style=\"text-align: justify;\">Konu\u015fmas\u0131nda, adalet da\u011f\u0131tan insanlar\u0131n kendisini g\u00fcvende hissetmesinin \u00f6nemine vurgu yapan Okur, HSYK&#8217;n\u0131n bu y\u00f6nde etkin \u00e7al\u0131\u015fma yapt\u0131\u011f\u0131n\u0131 s\u00f6yledi. T\u00fcrkiye&#8217;de yarg\u0131 ba\u011f\u0131ms\u0131zl\u0131\u011f\u0131n\u0131n kamuoyunda do\u011fru tart\u0131\u015f\u0131lmad\u0131\u011f\u0131n\u0131, ba\u011f\u0131ms\u0131zl\u0131\u011f\u0131n yan\u0131nda tarafs\u0131zl\u0131\u011f\u0131n da en \u00f6nemli unsur oldu\u011funu vurgulayan Okur, \u015f\u00f6yle devam etti:<\/p>\n<p style=\"text-align: justify;\">&#8221;Vatanda\u015f\u0131n yarg\u0131ya g\u00fcveni i\u00e7in \u00f6nce hakim savc\u0131 kendisini g\u00fcvende hissetmeli. Bu y\u00f6nde reformlar yap\u0131l\u0131yor. Reform s\u00fcre\u00e7leri her zaman sanc\u0131l\u0131d\u0131r. Bu ge\u00e7i\u015f s\u00fcrecini ya\u015f\u0131yoruz. Vatanda\u015f memnuniyetinde \u00e7ok k\u00f6t\u00fc bir yerdeydik. Yarg\u0131da art\u0131k yukar\u0131 do\u011fru gidi\u015f var.<\/p>\n<p style=\"text-align: justify;\">Yarg\u0131n\u0131n tarafs\u0131zl\u0131\u011f\u0131 hi\u00e7 konu\u015fulmuyor. Yarg\u0131 ba\u011f\u0131ms\u0131zl\u0131\u011f\u0131na odaklan\u0131yor ve yanl\u0131\u015f yerinden tutuyoruz. Yarg\u0131n\u0131n tarafs\u0131zl\u0131\u011f\u0131 ne olacak? Tarafs\u0131z olmayan bir yarg\u0131n\u0131n ba\u011f\u0131ms\u0131zl\u0131\u011f\u0131 felaket getirir. Yarg\u0131 kesinlikle ba\u011f\u0131ms\u0131z olmal\u0131 ve b\u00fct\u00fcn etkilere kapal\u0131 olmal\u0131. Ba\u011f\u0131ms\u0131zl\u0131k, karar s\u00fcrecine m\u00fcdahale edilmemesidir. Yarg\u0131 ne rejimi ne belli z\u00fcmreyi koruma koruda g\u00f6revlidir. Hakim, kendinden bile ba\u011f\u0131ms\u0131z olacak. Karar verilen her dosya bir hayat. B\u00fct\u00fcn duygulardan ar\u0131n\u0131p h\u00fck\u00fcm vermek zorunday\u0131z.&#8221;<\/p>\n<p style=\"text-align: justify;\"><strong>Hakim ve savc\u0131lara etik kurallar gelecek<\/strong><\/p>\n<p style=\"text-align: justify;\">T\u00fcrkiye&#8217;de baz\u0131 alandaki kamu g\u00f6revlilerine y\u00f6nelik etik kurallar bulundu\u011funu, ancak hakim ve savc\u0131lara y\u00f6nelik bu y\u00f6nde kriterler olmad\u0131\u011f\u0131n\u0131 da belirten Okur, &#8221;Yarg\u0131 Etik Kodlar\u0131&#8221; ad\u0131 alt\u0131nda etik kurallar\u0131n olu\u015fturaca\u011f\u0131n\u0131 a\u00e7\u0131klad\u0131. T\u00fcrk yarg\u0131 sisteminde hi\u00e7 olmayan etik kurallar\u0131n\u0131n Avrupa&#8217;da belli \u00fclkeler ile ABD&#8217;de baz\u0131 eyaletlerde bulundu\u011funu kaydeden Okur, \u015fu bilgileri verdi:<\/p>\n<p style=\"text-align: justify;\">&#8221;Yarg\u0131 Etik Kodlar\u0131 ad\u0131 alt\u0131nda etik kodlar olu\u015fturaca\u011f\u0131z. Bunlar\u0131n \u00e7al\u0131\u015fmas\u0131n\u0131 yap\u0131p, T\u00fcrkiye&#8217;de hakim ve savc\u0131lar\u0131n uymas\u0131 gereken etik kodlar\u0131 olu\u015fturmak istiyoruz. 2012 y\u0131l\u0131 sonlar\u0131nda ba\u015flayacak \u00e7al\u0131\u015fman\u0131n projesi kabul edildi. Takvimini hayata ge\u00e7irmek \u00fczereyiz. 2013-2014 y\u0131llar\u0131nda t\u00fcm \u00e7al\u0131\u015fmalar tamamlanacak. 2013 y\u0131l sonu, 2014 y\u0131l ba\u015f\u0131 etik kodlar\u0131 yay\u0131mlam\u0131\u015f olaca\u011f\u0131z. Bunlara davran\u0131\u015f kurallar\u0131 da diyebiliriz. Hediye alma \u00f6l\u00e7\u00fcs\u00fc de bu kurallar i\u00e7erisinde yer alacak. Hedefimiz, hakimler ve savc\u0131larla ilgili kendi kurallar\u0131m\u0131z\u0131 koymak, etik kurullar\u0131 olu\u015fturmak. Etiklik tan\u0131m\u0131n\u0131 yap\u0131yoruz. Buna ihtiyac\u0131m\u0131z var.&#8221;<\/p>\n<p style=\"text-align: justify;\"><strong>M\u0130T M\u00fcste\u015far\u0131 Fidan&#8217;\u0131n ifadeye \u00e7a\u011fr\u0131lmas\u0131<\/strong><\/p>\n<p style=\"text-align: justify;\">\u00d6\u011frencilere muhakeme yetene\u011fi ile bilgi donan\u0131mlar\u0131n\u0131 art\u0131rmalar\u0131 konusunda tavsiyelerde bulunan Okur, &#8221;D\u00fcnyaya yeniden gelsem yine hukuk\u00e7u olurum. Hukuk her kap\u0131y\u0131 a\u00e7an maymuncuk anahtar\u0131d\u0131r. Kamuda her t\u00fcrl\u00fc i\u015fe girebilirsiniz ama as\u0131l \u00f6nemli olan hukuk nosyonu, hukuk vicdan\u0131 kazanmakt\u0131r&#8221; diye seslendi.<\/p>\n<p style=\"text-align: justify;\">Okur, bir \u00f6\u011frencinin M\u0130T M\u00fcste\u015far\u0131 Hakan Fidan&#8217;\u0131n ifadeye \u00e7a\u011f\u0131ran savc\u0131n\u0131n g\u00f6revden uzakla\u015ft\u0131r\u0131lmas\u0131na ili\u015fkin sorusu \u00fczerine de ilgili savc\u0131n\u0131n yetkisinin devam etti\u011fini, ba\u011fl\u0131 oldu\u011fu ba\u015fsavc\u0131n\u0131n konudan haberinin olmamas\u0131 nedeniyle s\u00f6z konusu dosyadaki g\u00f6revinin kald\u0131r\u0131ld\u0131\u011f\u0131n\u0131 s\u00f6yledi.<\/p>\n<p style=\"text-align: justify;\"><a href=\"http:\/\/www.gazeteport.com.tr\/haber\/85784\/quotmit_savcisi_niye_uzaklastirildiquot\" target=\"_blank\">Kaynak : GAZETEPORT<\/a><\/p>\n","protected":false},"excerpt":{"rendered":"<p style=\"text-align: center;\">\n<p style=\"text-align: justify;\">HSYK Birinci Daire Ba\u015fkan\u0131 \u0130brahim Okur, M\u0130T M\u00fcste\u015far\u0131 Hakan Fidan&#8217;\u0131n ifadeye \u00e7a\u011f\u0131ran savc\u0131n\u0131n g\u00f6revden uzakla\u015ft\u0131r\u0131lmas\u0131yla ilgili olarak, savc\u0131n\u0131n yetkisinin devam etti\u011fini, ba\u011fl\u0131 oldu\u011fu ba\u015fsavc\u0131n\u0131n konudan haberinin olmamas\u0131 nedeniyle s\u00f6z konusu dosyadaki g\u00f6revinin kald\u0131r\u0131ld\u0131\u011f\u0131n\u0131 s\u00f6yledi.<\/p>\n<p style=\"text-align: justify;\">\u0130ZM\u0130R-Hakimler ve Savc\u0131lar Y\u00fcksek Kurulu (HSYK) Birinci Daire Ba\u015fkan\u0131 \u0130brahim Okur, &#8221;Yarg\u0131 ge\u00e7mi\u015fte krizlerle <\/p>\n","protected":false},"author":1,"featured_media":0,"comment_status":"open","ping_status":"open","sticky":false,"template":"","format":"standard","meta":{"footnotes":""},"categories":[105],"tags":[],"class_list":["post-49661","post","type-post","status-publish","format-standard","hentry","category-gundem","odd"],"_links":{"self":[{"href":"http:\/\/www.korhanyilmaz.com\/index.php?rest_route=\/wp\/v2\/posts\/49661","targetHints":{"allow":["GET"]}}],"collection":[{"href":"http:\/\/www.korhanyilmaz.com\/index.php?rest_route=\/wp\/v2\/posts"}],"about":[{"href":"http:\/\/www.korhanyilmaz.com\/index.php?rest_route=\/wp\/v2\/types\/post"}],"author":[{"embeddable":true,"href":"http:\/\/www.korhanyilmaz.com\/index.php?rest_route=\/wp\/v2\/users\/1"}],"replies":[{"embeddable":true,"href":"http:\/\/www.korhanyilmaz.com\/index.php?rest_route=%2Fwp%2Fv2%2Fcomments&post=49661"}],"version-history":[{"count":0,"href":"http:\/\/www.korhanyilmaz.com\/index.php?rest_route=\/wp\/v2\/posts\/49661\/revisions"}],"wp:attachment":[{"href":"http:\/\/www.korhanyilmaz.com\/index.php?rest_route=%2Fwp%2Fv2%2Fmedia&parent=49661"}],"wp:term":[{"taxonomy":"category","embeddable":true,"href":"http:\/\/www.korhanyilmaz.com\/index.php?rest_route=%2Fwp%2Fv2%2Fcategories&post=49661"},{"taxonomy":"post_tag","embeddable":true,"href":"http:\/\/www.korhanyilmaz.com\/index.php?rest_route=%2Fwp%2Fv2%2Ftags&post=49661"}],"curies":[{"name":"wp","href":"https:\/\/api.w.org\/{rel}","templated":true}]}}