{"id":49657,"date":"2012-03-21T11:52:22","date_gmt":"2012-03-21T09:52:22","guid":{"rendered":"http:\/\/www.korhanyilmaz.com\/?p=49657"},"modified":"2012-03-21T17:20:44","modified_gmt":"2012-03-21T15:20:44","slug":"o-iddianameye-kahkahayla-guldum","status":"publish","type":"post","link":"http:\/\/www.korhanyilmaz.com\/?p=49657","title":{"rendered":"O iddianameye kahkahayla g\u00fcld\u00fcm"},"content":{"rendered":"<p style=\"text-align: center;\"><a href=\"http:\/\/www.korhanyilmaz.com\/wp-content\/uploads\/2012\/03\/A0038.jpg\"  class=\"lightview\"><img loading=\"lazy\" decoding=\"async\" class=\"aligncenter  wp-image-49658\" src=\"http:\/\/www.korhanyilmaz.com\/wp-content\/uploads\/2012\/03\/A0038.jpg\" alt=\"\" width=\"424\" height=\"200\" \/><\/a><\/p>\n<p style=\"text-align: justify;\"><strong>Muhalifgazete&#8217;den Ceren Terziahmeto\u011flu&#8217;nun Ayd\u0131n Engin ile s\u00f6yle\u015fisi\u00a0<\/strong><\/p>\n<p style=\"text-align: justify;\">M\u0130T soru\u015fturmas\u0131 ile beraber g\u00f6zler AKP-cemaat ili\u015fkisine \u00e7evrildi. Ahmet \u015e\u0131k ve Nedim \u015eener\u2019in tahliyesinden sonra g\u00f6zler AKP-cemaat ili\u015fkisine tahliyesi ile beraber de \u201ciktidar-cemaat gerginli\u011fi\u201d sonucu denildi.<\/p>\n<p style=\"text-align: justify;\">De\u011fi\u015fen bir tak\u0131m durumlar\u0131n iktidar-cemaat gerginli\u011finden olup olmad\u0131\u011f\u0131n\u0131, cemaatin h\u00fck\u00fcmet i\u00e7indeki yerini, T\u00fcrkiye\u2019de ki yurtta\u015fl\u0131k, \u00f6zg\u00fcrl\u00fck ve demokrasi tan\u0131m\u0131n\u0131, Dink cinayetini, e\u011fitimi ve Yeni Anayasa\u2019y\u0131 konu\u015ftuk Ayd\u0131n Engin ile.\u00a0<!--more--><\/p>\n<p style=\"text-align: justify;\">Yapm\u0131\u015f oldu\u011funuz bir a\u00e7\u0131klama var \u201cOda Tv\u2019nin yay\u0131n \u00e7izgisi ve politikas\u0131ndan hi\u00e7 hazzetmiyorum\u201d \u015feklinde. Size hitaben de oradan, Silivri ile hi\u00e7 ilgilenmedi\u011finiz ve kendi dostlar\u0131n\u0131z\u0131n ba\u015f\u0131na gelince akl\u0131n\u0131z\u0131n ba\u015f\u0131n\u0131za geldi\u011fi, \u015feklinde bir a\u00e7\u0131klama var. Nas\u0131l yorumluyorsunuz bunu?<\/p>\n<p style=\"text-align: justify;\"><strong>\u201cAHMET\u2019\u0130, B\u00dc\u015eRA ERSANLI\u2019YI VE PINAR SELEK\u2019\u0130 GER\u00c7EKTEN \u0130Y\u0130 TANIRIM\u201d\u00a0<\/strong><\/p>\n<p style=\"text-align: justify;\">Silivri ile ilgilenmedi\u011fim do\u011fru de\u011fil. Ben oraya duru\u015fma izlemeye de gittim. \u201cKendi dostlar\u0131n\u0131n ba\u015f\u0131na gelenler ilgilendiriyor\u201d k\u0131sm\u0131 da do\u011fru de\u011fil. Ahmet \u015e\u0131k, ben Cumhuriyet\u2019te yaz\u0131 i\u015fleri m\u00fcd\u00fcr\u00fcyken benimle beraber \u00e7al\u0131\u015fm\u0131\u015f oldu\u011fum hatta habercilik \u00f6d\u00fcl\u00fc ald\u0131\u011f\u0131 Evrensel\u2019in yar\u0131\u015fmas\u0131nda \u201cbu \u00f6d\u00fcl\u00fc kabul ederim ama Ayd\u0131n a\u011fabey verirse\u201d diyecek kadar tan\u0131r\u0131z birbirimizi. Ben onun hem a\u011fabeyi, hem de meslek a\u011fabeyiyim. Ahmet\u2019i avucumun i\u00e7i kadar iyi tan\u0131yorum. Onun solculu\u011funun, sosyalizm ve Marksizm anlay\u0131\u015f\u0131n\u0131n ne oldu\u011funu biliyorum. Bir s\u00fcr\u00fc yanl\u0131\u015f yapabilir Ahmet, heyecanl\u0131 ve gen\u00e7tir. Benden f\u0131r\u00e7a da yer, yemi\u015ftir de. Ama Ergenekoncu olamayaca\u011f\u0131n\u0131, o \u00e7izgide ulusalc\u0131 olamayaca\u011f\u0131n\u0131 yani milliyet\u00e7i olamayaca\u011f\u0131n\u0131 iyi biliyorum. Onu \u00e7ok iyi tan\u0131d\u0131\u011f\u0131m i\u00e7in, tutukland\u0131\u011f\u0131 g\u00fcnden bug\u00fcne kadar savundum. \u201cTan\u0131r\u0131m iyi \u00e7ocuktur\u201d s\u00f6z\u00fcn\u00fc \u015fimdi Ayd\u0131n Engin s\u00f6yl\u00fcyor dediler ama \u201cevet, ben Ahmet\u2019i iyi tan\u0131r\u0131m. Yapmaz\u201d dedim. Nedim \u015eener\u2019i \u00e7ok yak\u0131ndan tan\u0131m\u0131yorum ama g\u00fcvendi\u011fim arkada\u015flar\u0131mdan biliyorum ki o da b\u00f6yle bir \u015feye alet olacak bir adam de\u011fil. Daha da \u00f6rnekler verecek olursak; B\u00fc\u015fra Ersanl\u0131. Yine avucumun i\u00e7i gibi tan\u0131d\u0131\u011f\u0131m \u00e7ok eski bir arkada\u015f\u0131m. Onun her \u015feyi yapabilece\u011fine inan\u0131yorum ama \u015fiddete \u015fiddet ile kar\u015f\u0131 oldu\u011funu biliyorum. Her \u015feyi yapar ama \u015fiddete tapan bir siyasi hareketin i\u00e7inde yer almaz veya onun aleti olmaz. Ayn\u0131 \u015feyi P\u0131nar Selek i\u00e7inde s\u00f6ylerim. Onu da avucumun i\u00e7i gibi tan\u0131yorum diyece\u011fim ama ne yapay\u0131m. Dedesi benim \u00f6\u011fretmenimdi, babas\u0131 12 Mart 1971\u2019den beri her davada beni ben istemeden gelip savunan avukat\u0131md\u0131. P\u0131nar\u2019da onun \u00e7ocu\u011fuydu. Bu kadar iyi tan\u0131d\u0131\u011f\u0131m bir \u00e7ocu\u011fun bombay\u0131 al\u0131p bir i\u015fe giri\u015fece\u011fi, \u00f6n\u00fcme somut kan\u0131t getirseler \u201ckan\u0131tlar sahtedir\u201d diyecek kadar iyi biliyorum.<\/p>\n<p style=\"text-align: justify;\"><strong>\u201c\u0130DD\u0130ANAMEYE KAHKAHA \u0130LE G\u00dcLD\u00dcM\u201d\u00a0<\/strong><\/p>\n<p style=\"text-align: justify;\">Do\u011frudur, Oda Tv\u2019nin yay\u0131n \u00e7izgisini be\u011fenmiyorum, hatta nefret ediyorum. Bu kelimeden de ka\u00e7\u0131nm\u0131yorum. Ama bu Oda Tv\u2019deki arkada\u015flar\u0131 savunmamam i\u00e7in de bir neden olamaz. Yine haks\u0131zl\u0131k etmi\u015fler. Birka\u00e7 yaz\u0131 yazd\u0131m, onlarda \u015fu \u015fekildedir; Oda Tv iddianamesi bo\u015f \u00e7\u0131km\u0131\u015ft\u0131r. Savc\u0131 Zekeriya \u00d6z \u201cBu tutuklamalar gazetecilik faaliyetlerinden dolay\u0131 de\u011fil, bilmedi\u011finiz \u00e7ok \u00f6nemli kan\u0131tlar var\u201d dedi. Bu laf\u0131ndan sonra bunu iddianameye koymas\u0131 laz\u0131md\u0131. Savc\u0131n\u0131n o laf\u0131ndan sonra itiraf ediyorum \u201cAcaba var m\u0131 bir \u015feyler\u201d diye d\u00fc\u015f\u00fcnd\u00fcm. Bu bizim mesle\u011fimizin do\u011fal ku\u015fkuculu\u011funun gere\u011fidir. \u0130ddianame \u00e7\u0131kt\u0131\u011f\u0131 zaman \u00f6nce kahkaha ile g\u00fcld\u00fcm. Orada iddia edilen su\u00e7lar\u0131n hi\u00e7biri b\u0131rak\u0131n demokratik kurallar\u0131, bizim ceza yasam\u0131za g\u00f6re su\u00e7 de\u011fil. Tutuklu olan arkada\u015flar ile farkl\u0131 d\u00fc\u015f\u00fcn\u00fcyor olabiliriz ve farkl\u0131 da d\u00fc\u015f\u00fcn\u00fcyorum ama bu arkada\u015flar\u0131n tutuklu olmalar\u0131 bir yana, yarg\u0131lanmalar\u0131 bile bana yanl\u0131\u015f geliyor. Ortada bir su\u00e7 yok bence.<\/p>\n<p style=\"text-align: justify;\"><span style=\"text-decoration: underline;\">Ahmet \u015e\u0131k ve Nedim \u015eener ile olan son tahliyeleri nas\u0131l de\u011ferlendiriyorsunuz?\u00a0<\/span><\/p>\n<p style=\"text-align: justify;\"><strong>\u201cYARGI BA\u011eIMSIZ DE\u011e\u0130L, ONU BEN\u0130M K\u00dcLAHIMA ANLATSINLAR\u201d\u00a0<\/strong><\/p>\n<p style=\"text-align: justify;\">Ta\u015f\u0131yamazd\u0131 daha fazla \u00e7\u00fcnk\u00fc \u00f6nem verdikleri Amerika ve Avrupa kamuoyunda da ta\u015f\u0131yamayacaklar\u0131 kadar somut bask\u0131lar gelmeye ba\u015flad\u0131. San\u0131l\u0131yor ki bir kampanya yap\u0131ld\u0131 da onlar duyarl\u0131 davrand\u0131lar tam tersine olan\u0131n ne kadar temelsiz oldu\u011funu iddianameyi okuduklar\u0131nda anlad\u0131lar. 12 Eyl\u00fcl d\u00f6neminde duyars\u0131z davranm\u0131\u015flard\u0131, Nedim ve Ahmet s\u00f6z konusu oldu\u011funda ald\u0131klar\u0131 tav\u0131r o y\u00fczden \u00f6nemli ve de\u011ferlidir. Ayn\u0131 zamanda AKP h\u00fck\u00fcmeti bu konuda a\u011f\u0131r yaralar ald\u0131\u011f\u0131n\u0131 g\u00f6rd\u00fc ve daha fazla ta\u015f\u0131yamayaca\u011f\u0131ndan bu tahliyeler oldu. \u00dc\u00e7 duru\u015fma \u00f6nce niye tahliye edilmedi sorusunun cevab\u0131 yok. Arada ne oldu? Hi\u00e7bir \u015fey olmad\u0131. Taha Akyol\u2019un da yazd\u0131\u011f\u0131 \u201cyeni bir yasa \u00e7\u0131k\u0131yor, bu \u00f6rg\u00fct tan\u0131m\u0131 de\u011fi\u015ftiriliyor\u201d s\u00f6zleri var. Ama daha \u00e7\u0131kmad\u0131, \u00e7\u0131kmad\u0131\u011f\u0131 i\u00e7in mahkeme \u201co yasa \u00e7\u0131kacak biz de \u015fimdiden uygulayal\u0131m\u201d demez mahkemeler. O mant\u0131k, \u00e7ok do\u011fru bir mant\u0131k de\u011fil bence. Ama ta\u015f\u0131yamayacaklar\u0131 i\u00e7in bu tahliyeleri yapt\u0131lar. E peki h\u00fck\u00fcmet yarg\u0131n\u0131n i\u015fine kar\u0131\u015f\u0131yor mu, yarg\u0131 ba\u011f\u0131ms\u0131z de\u011fil mi? Onu benim k\u00fclah\u0131ma anlats\u0131nlar. Yarg\u0131 ba\u011f\u0131ms\u0131z de\u011fil. Hi\u00e7 olmad\u0131.<\/p>\n<p style=\"text-align: justify;\"><span style=\"text-decoration: underline;\">Kime ba\u011fl\u0131 peki? Cemaate mi?\u00a0<\/span><\/p>\n<p style=\"text-align: justify;\"><strong>\u201cAKP VE CEMAAT ARASINDA K\u0130M DAHA \u015eAH\u0130N YARI\u015eI VAR\u201d\u00a0<\/strong><\/p>\n<p style=\"text-align: justify;\">\u0130ktidara ba\u011fl\u0131. 28 \u015eubat s\u00fcrecinde a\u011f\u0131r basan askere ba\u011fl\u0131yd\u0131. \u0130stiklal Mahkemeleri s\u0131ras\u0131nda tek parti devletine, Kemalist rejimine tabiydi. \u015eimdi bunlar iktidar oldular. Devlete ba\u011fl\u0131d\u0131r yarg\u0131, devleti savunur. Yurtta\u015f\u0131 de\u011fil. O y\u00fczden burada da \u015fimdi elbette kendi kadrolar\u0131n\u0131 yeti\u015ftirirler. Cemaat mi AKP mi sorusu \u00e7ok anlaml\u0131 bir soru de\u011fil. Evet do\u011fru cemaatin yarg\u0131da da iyi \u00f6rg\u00fctlendi\u011fini, daha do\u011frusu yay\u0131ld\u0131\u011f\u0131n\u0131 biliyoruz. Bu herkesin bildi\u011fi bir s\u0131r olmaya ba\u015flad\u0131. \u00d6rne\u011fin, K\u00fcrt sorununda deniyor ki \u201ccemaat m\u00fccadeleci kanatt\u0131r, h\u00fck\u00fcmet m\u00fczakereci kanatt\u0131r\u201d. Yani h\u00fck\u00fcmet daha bar\u0131\u015f\u00e7\u0131l \u00e7\u00f6z\u00fcmden yana da, cemaat i\u00e7inde \u201c\u015fahin\u201d izlenimi var. Bu Ergenekon davalar\u0131 i\u00e7inde s\u00f6ylendi, Ergenekon b\u00fct\u00fcnl\u00fc\u011f\u00fcnde Oda Tv ve Ahmet \u015e\u0131k\u2019lara kadar da gidilebilir bu. \u0130lk bak\u0131\u015fta makul gibi g\u00f6r\u00fcn\u00fcyor ama ger\u00e7ek \u00f6yle de\u011fil. Ba\u015fbakan\u0131n orada burada konu\u015fmalar\u0131n\u0131 dinledi\u011fimiz ve ba\u015fbakan\u0131n ba\u015f dan\u0131\u015fman\u0131 olan Yal\u00e7\u0131n Akdo\u011fan\u2019\u0131n yazd\u0131\u011f\u0131 yaz\u0131lar\u0131n\u0131 okudu\u011fumuz zaman, \u015fahin olma konusunda \u201cbiri \u015fahin, biri g\u00fcvercin\u201d de\u011fil, \u201c\u015fahinlik\u201d yar\u0131\u015f\u0131 var aralar\u0131nda. Ahmet ve Nedim\u2019in tahliyesinde her iki taraf i\u00e7inde ta\u015f\u0131namayacak bir y\u00fck vard\u0131, o y\u00fczden tahliye edildiler.<\/p>\n<p style=\"text-align: justify;\"><span style=\"text-decoration: underline;\">K\u0131saca cemaat-AKP gerginli\u011finden kaynaklanan bir \u015fey diyemeyiz yani\u2026\u00a0<\/span><\/p>\n<p style=\"text-align: justify;\"><strong>\u201c\u0130KT\u0130DARDAN PAY ALMAK \u0130STEYEN \u0130K\u0130 GRUP VAR\u201d\u00a0<\/strong><\/p>\n<p style=\"text-align: justify;\">Tahliyelerde gerginlikten kaynaklanan bir durum yok. Zaten onlar\u0131n aras\u0131nda ki gerginlik bence iktidar\u0131n payla\u015f\u0131m\u0131. M\u0130T olay\u0131 da oydu. S\u0131zamam\u0131\u015f, girememi\u015f orada kadro biriktirememi\u015f cemaat. Etkileyebildi\u011fi yarg\u0131 erkindeki unsurlarla h\u0131r \u00e7\u0131kt\u0131 ve \u015fuanda da bu iti\u015f kak\u0131\u015f s\u00fcregelmekte. \u00d6n\u00fcm\u00fczdeki d\u00f6nemde de ba\u015fka bir yerde patlak verecektir. \u00c7\u00fcnk\u00fc ortada iki tane erk var. \u0130ktidardan pay almak isteyen iki grup var. Bir tanesi cemaat. Nurculu\u011fun b\u00fcy\u00fck ve vars\u0131l kolu. G\u00fcc\u00fc oran\u0131nda pay almak istiyor. Bir de G\u00fclen hareketi kadar disiplinli davranamayan, federal bir g\u00f6r\u00fcn\u00fc\u015f veren Nak\u015fibendi kollar\u0131 var. Nak\u015fibendiler tek ba\u015f\u0131na hareket eden bir tarikat de\u011fildir. G\u00fcn gelmi\u015ftir \u00f6nemli bir kesimi Demirel\u2019i desteklemi\u015ftir, b\u00fcy\u00fck bir kesimi MHP\u2019yi desteklemi\u015ftir, bir ba\u015fka kesimi de Erbakan\u2019\u0131 desteklemi\u015ftir. Cemaatin \u015fuan \u00e7ok g\u00fc\u00e7l\u00fc g\u00f6r\u00fcnmesinin nedeni kom\u00fcnist partilere \u00f6zg\u00fc olan o \u201c\u00e7elik disiplini\u201d y\u00fcr\u00fct\u00fcyor olmas\u0131ndan ibaret benim g\u00f6z\u00fcmde.<\/p>\n<p style=\"text-align: justify;\"><span style=\"text-decoration: underline;\">Peki ileride nerede ve nas\u0131l patlak verir ?\u00a0<\/span><\/p>\n<p style=\"text-align: justify;\"><strong>\u201cSE\u00c7\u0130ME YAKIN PAZARLIKLAR OLACA\u011eI \u0130\u00c7\u0130N B\u0130R PATLAMA OLAB\u0130L\u0130R\u201d\u00a0<\/strong><\/p>\n<p style=\"text-align: justify;\">\u00d6n\u00fcm\u00fcz se\u00e7im ve se\u00e7im \u00f6ncesinde, bunu sadece cemaat ve AKP ile s\u0131n\u0131rl\u0131 tutmuyorum, daha \u00f6nceki y\u0131llarda dahil destekleme hep pazarl\u0131kla olur. AKP gibi kazanacak partiler s\u00f6z konusu oldu\u011funda, bu pazarl\u0131klar ayr\u0131nt\u0131lan\u0131r. Milletvekili ile s\u0131n\u0131rl\u0131 kal\u0131nmaz, bakanl\u0131k da\u011f\u0131t\u0131l\u0131r pazarl\u0131k ba\u011flan\u0131r bu seferde arkas\u0131ndan \u201cpeki o bakanl\u0131kta m\u00fcste\u015far ve ba\u011fl\u0131 olan genel m\u00fcd\u00fcrler kim olacak\u201d \u015feklinde pazarl\u0131klar olur. Se\u00e7ime yak\u0131n bir patlama noktas\u0131 olarak bunun olabilece\u011fini d\u00fc\u015f\u00fcn\u00fcyorum. Ayn\u0131 \u015fekilde M\u0130T sorunu patlak verdi\u011finde de bir \u015fey halledilmedi Hakan Fidan yerinde duruyor, savc\u0131lar geri ad\u0131m atmad\u0131lar, ba\u015fbakana \u201cbiz bunlar\u0131 yarg\u0131lamak istiyoruz\u201d diye ba\u015fvurdular. Bu politik bir manevrayd\u0131 dolay\u0131s\u0131yla bu sorun buzdolab\u0131ndan \u00e7\u0131kar\u0131l\u0131p yeniden \u00f6n\u00fcm\u00fcze gelebilir. \u0130ki tarafta kendini \u00e7ok g\u00fc\u00e7l\u00fc hissetti\u011fi i\u00e7in bir \u015feylerin patlayaca\u011f\u0131n\u0131 d\u00fc\u015f\u00fcn\u00fcyorum.<\/p>\n<p style=\"text-align: justify;\"><span style=\"text-decoration: underline;\">T\u00fcrkiye\u2019de o kadar \u00e7ok kanayan yara var ki, en sonuncusu da Uludere. Hala daha bir a\u00e7\u0131klama yok. Uludere foto\u011fraf\u0131n\u0131 nas\u0131l g\u00f6r\u00fcyorsunuz?\u00a0<\/span><\/p>\n<p style=\"text-align: justify;\"><strong>\u201cK\u00dcRT SORUNU \u00c7\u00d6Z\u00dcL\u00dcRSE BAZI K\u0130\u015e\u0130LER\u0130N UYKULARI KA\u00c7AR\u201d\u00a0<\/strong><\/p>\n<p style=\"text-align: justify;\">Ortada alt\u0131nda ezilecek bir su\u00e7 var. Yap\u0131lan a\u00e7\u0131klamalar ve s\u00f6yle\u015filere g\u00f6re a\u011f\u0131r bir su\u00e7 var ortada. Bu su\u00e7 kelle g\u00f6t\u00fcr\u00fcr. \u0130dam anlam\u0131nda kullanm\u0131yorum, insanlar pozisyonunu kaybeden. Ba\u015fbakan sorumluysa istifa etmek zorunda kal\u0131r, genel kurmay ba\u015fkan\u0131ysa emekliye sevk edilir. Ortada 34 ki\u015fiyi \u00f6ld\u00fcren bir cinayet var. Uludere\u2019deki suskunluk \u00fcrk\u00fct\u00fcc\u00fc bir suskunluk. Hi\u00e7bir devlet bu kadar zamanda, bu kadar aleni bir olay\u0131n \u201chala daha soru\u015fturmas\u0131n\u0131 tamamlayamad\u0131k\u201d mazeretinin arkas\u0131na saklanamaz. \u015eimdiyse b\u00f6yle bir mazeret bile \u00f6ne s\u00fcrmeden, suskunluk duvar\u0131n\u0131n arkas\u0131na \u00e7ekilmi\u015f durumdalar. Heron zaten insans\u0131z bir u\u00e7ak. Heronlar karar vermedi herhalde bunlara, birileri karar verdi ve bu astsubay, y\u00fczba\u015f\u0131 ya da binba\u015f\u0131 de\u011fil. Bu d\u00fczeyde bir \u015fey \u00e7ok yukar\u0131dan verilebilir. T\u00fcrkiye\u2019de K\u00fcrt sorununun bar\u0131\u015f\u00e7\u0131l \u00e7\u00f6z\u00fcm\u00fcne gidecek olan ad\u0131mlar\u0131 hala daha engellemek isteyen ve etkili oldu\u011funu d\u00fc\u015f\u00fcnd\u00fc\u011f\u00fcm g\u00fc\u00e7lerin y\u00f6nlendirmesi sonucu olan bir \u015fey olabilir. T\u00fcrkiye\u2019de K\u00fcrtlerle silahlar\u0131n sustu\u011fu bir ortam oldu\u011fu takdirde, uykular\u0131 ka\u00e7acak birtak\u0131m g\u00fc\u00e7ler var. Bunun i\u00e7inde uyu\u015fturucu ve silah ka\u00e7ak\u00e7\u0131lar\u0131, sava\u015f baronlar\u0131 ve bunun i\u00e7inde siyasal pozisyonlar\u0131n\u0131 korumak isteyenler var. Cumhuriyet gazetesindeyken su\u00e7 olarak kabul edildi\u011fi i\u00e7in yay\u0131nlanmam\u0131\u015f bir s\u00f6yle\u015fim vard\u0131. Bir \u00f6zel harekat\u00e7\u0131, \u00e7ift maa\u015f al\u0131yor onlar, \u201cBunu kaybetmektense, bilmem kimin \u00f6lmesini tercih ederim\u201d diye samimi itiraflarda bulunmu\u015ftu.<\/p>\n<p style=\"text-align: justify;\">Sava\u015f devam edecek ki, rahatl\u0131\u011f\u0131n\u0131 kaybetmeyecek. Bunu sadece parasal rant olarak d\u00fc\u015f\u00fcnmeyin, siyasi rant\u0131 da var. Bir\u00e7ok kirli insan bu \u00e7at\u0131\u015fma ortam\u0131n\u0131n s\u00fcrmesi konusunda a\u011f\u0131rl\u0131k kulland\u0131lar. Bunun i\u00e7inde \u00fcniformal\u0131 ve \u00fcniformas\u0131z b\u00fcrokratlar var, siyaset\u00e7iler de var. Tabii en \u00e7ok \u00fcniformal\u0131 b\u00fcrokratlar var. Bunlar\u0131n hala pes ettiklerini d\u00fc\u015f\u00fcnm\u00fcyorum. Uludere\u2019yi tek ba\u015f\u0131na de\u011fil, Silvan sald\u0131r\u0131s\u0131 ve Da\u011fl\u0131ca bask\u0131n\u0131 ile beraber d\u00fc\u015f\u00fcnelim. B\u00fct\u00fcn bunlar \u00e7ok ciddi soru i\u015faretleri ta\u015f\u0131yan ve ger\u00e7ek sorumlular\u0131 g\u00fcn \u0131\u015f\u0131\u011f\u0131na \u00e7\u0131kar\u0131l\u0131p mahkum edilmemi\u015f olaylard\u0131. Sorun sadece \u201cne yapal\u0131m PKK geldi, Silvan\u2019da \u015fu kadar askeri \u00f6ld\u00fcrd\u00fc\u201d \u015feklindeydi, peki o askerlere yedi saat boyunca niye yard\u0131m ve destek gitmedi sorusunun cevab\u0131 yok.<\/p>\n<p style=\"text-align: justify;\"><span style=\"text-decoration: underline;\">Toplum olarak birlikte ya\u015famay\u0131 \u00f6\u011frendik mi ya da \u00f6\u011frenebilecek miyiz?\u00a0<\/span><\/p>\n<p style=\"text-align: justify;\"><strong>\u201cB\u0130RL\u0130KTE YA\u015eAMA \u00d6ZG\u00dcR B\u0130REY OLMAKLA M\u00dcMK\u00dcN\u201d\u00a0<\/strong><\/p>\n<p style=\"text-align: justify;\">\u00d6\u011frenmedik tabii ki. Birlikte ya\u015fama \u00f6ncelikle ya\u015fam bi\u00e7imlerine kar\u015f\u0131l\u0131kl\u0131 sayg\u0131 ile m\u00fcmk\u00fcn. Varsa bile bunun ilk basamaklar\u0131nday\u0131z. \u00dcstelik T\u00fcrkiye\u2019de ya\u015fad\u0131\u011f\u0131m\u0131z kampla\u015fmay\u0131 d\u00fc\u015f\u00fcn\u00fcrsek e\u011fer birlikte ya\u015famay\u0131 besleyen de\u011fil zorla\u015ft\u0131ran \u00f6\u011feler olarak ortaya \u00e7\u0131k\u0131yor. Ve ger\u00e7ekten benim bilebildi\u011fim en sert kampla\u015fmay\u0131 ya\u015f\u0131yoruz. Daha \u00f6nce \u00e7ok tepelerde siyaset\u00e7iler aras\u0131nda bir kampla\u015fmadan s\u00f6z edilirdi, 1950li y\u0131llarda Vatan Cephesi gibi. Ama bu toplumun alt katmanlar\u0131na kadar yayg\u0131nla\u015fm\u0131\u015f de\u011fildi. \u015eimdi tam tersine, gerek inan\u00e7 baz\u0131nda gerekse ideolojik bazda \u00e7ok sert bir kampla\u015fma ya\u015f\u0131yoruz. Birlikte ya\u015fama zaten kendili\u011finden iyicene zorla\u015fmakta. Birlikte ya\u015fama \u00f6zg\u00fcr birey olmakla m\u00fcmk\u00fcnd\u00fcr. \u00d6zg\u00fcr bireyler olmad\u0131k\u00e7a, birlikte ya\u015famak demek cemaatlerle, grup psikolojisi ile hatta s\u00fcr\u00fc psikolojisi ile hareket edenler anlam\u0131na gelir. O zamanda birlikte ya\u015faman\u0131n ko\u015fullar\u0131 ortadan kalkar.<\/p>\n<p style=\"text-align: justify;\"><strong>\u201c\u00d6ZG\u00dcR YURTTA\u015e OLMAK \u0130\u00c7\u0130N B\u0130R M\u00dcCADELE YOK\u201d\u00a0<\/strong><\/p>\n<p style=\"text-align: justify;\">Unutmay\u0131n ki birlikte ya\u015famay\u0131 iyi ba\u015faran ufak tefek sakatl\u0131klara ra\u011fmen bir \u00f6rnek vereceksek Bat\u0131 Avrupa toplumlar\u0131ndan s\u00f6z edebiliriz. Orada kilise ve aristokrasiye kar\u015f\u0131 \u201cBen \u00f6zg\u00fcr bir vatanda\u015f\u0131m. Ne aristokrat olarak sana ba\u011fl\u0131y\u0131m, ey kilise ne de sen benim gelece\u011fime karar verebilirsin\u201d diyebilen bir eylem. Sosyalizmden bahsetmiyorum. \u00d6zg\u00fcr bireyler olma kavgas\u0131d\u0131r bu. Asl\u0131nda bu tam burjuva demokratik devrimler dedi\u011fimiz \u015feydir. \u00d6zg\u00fcr yurtta\u015flar olma \u00fc\u00e7 y\u00fcz y\u0131ll\u0131k bir tarih ile kazan\u0131lm\u0131\u015f bir \u015fey. Biz de ise 28 Ekim ak\u015fam halife ve devlete ba\u011fl\u0131 kul, tebaa olarak yapm\u0131\u015f insanlar ve 29 Ekim sabah\u0131 \u201cSiz art\u0131k yurtta\u015fs\u0131n\u0131z\u201d denilmi\u015f. \u00d6zg\u00fcr yurtta\u015f olmak i\u00e7in hi\u00e7bir m\u00fccadele yok ortada. Bu i\u015fler bu kadar \u00e7abuk ve kolay olmuyor. Yurtta\u015fl\u0131k n\u00fcfuz ka\u011f\u0131d\u0131na sahip olmak de\u011fildir sadece. Bu bir \u00f6zg\u00fcr olma bilincidir, kendi se\u00e7meleri ve kendi tercihlerini \u00f6ne \u00e7\u0131karabilme, bu hakk\u0131 kendinde g\u00f6rme ve g\u00fcveni duyma, devleti de o \u015fekilde dizayn edebilecek yurtta\u015flar demektir. Bilin\u00e7li yurtta\u015flar, yurtta\u015fl\u0131k sorumlulu\u011funu kendinde ta\u015f\u0131yan bireyler olu\u015fmadan birlikte ya\u015fayabiliriz gibi bir iyimserli\u011fe kap\u0131lmayal\u0131m. Biz biraz daha ac\u0131 \u00e7ekece\u011fiz.<\/p>\n<p style=\"text-align: justify;\"><span style=\"text-decoration: underline;\">T\u00fcrkiye\u2019de ki yurtta\u015fl\u0131k tan\u0131m\u0131 size g\u00f6re nedir?\u00a0<\/span><\/p>\n<p style=\"text-align: justify;\"><strong>\u201cK\u00dcRT SORUNU \u00c7\u00d6Z\u00dcLMEZSE, T\u00dcRK\u0130YE \u0130LER\u0130 DO\u011eRU ADIM ATAMAZ\u201d\u00a0<\/strong><\/p>\n<p style=\"text-align: justify;\">Bir anayasa yap\u0131l\u0131r m\u0131 bilmiyorum \u00e7\u00fcnk\u00fc bana yap\u0131lamayacakm\u0131\u015f gibi geliyor. Toplumda 12 Eyl\u00fcl anayasas\u0131 dedi\u011fimiz b\u00fcy\u00fck \u00f6l\u00e7\u00fcde fa\u015fizan izler ta\u015f\u0131yan anayasaya \u00e7ok g\u00fc\u00e7l\u00fc bir itiraz yok, bunu g\u00f6rd\u00fck. Bu da \u00f6zg\u00fcr bireyler olamamaktan kaynaklan\u0131yor. Siyasi partiler yeni anayasay\u0131 kotaracaklar. Siyasi partiler aras\u0131nda b\u0131rak\u0131n\u0131z \u00f6zg\u00fcrl\u00fck\u00e7\u00fc, \u00e7a\u011fda\u015f bir anayasaya ula\u015fmay\u0131, herhangi bir anayasal madde konusunda uzla\u015fma yerine birinin ak dedi\u011fine di\u011ferinin kara demesi ve birbirini dinlememesi var. \u015eunu iddia ile s\u00f6ylemek istiyorum K\u00fcrt sorunu e\u011fer \u00e7\u00f6z\u00fclmezse T\u00fcrkiye gelece\u011fe do\u011fru bir ad\u0131m atamayacakt\u0131r. K\u00fcrt sorunun \u00e7\u00f6z\u00fcm\u00fcnde at\u0131lacak anayasa ba\u011flam\u0131ndaki ad\u0131m ise var olan anayasada ki yurtta\u015fl\u0131k tan\u0131m\u0131d\u0131r yani \u201cT\u00fcrkiye Cumhuriyeti\u2019nde olan herkes T\u00fcrk\u2019t\u00fcr\u201d. Anayasada bu madde var ise bunun devam\u0131 art\u0131k kendili\u011finden gelir \u00e7ocuklara her sabah yalan s\u00f6yletirsiniz. \u201cT\u00fcrk\u00fcm\u201d dersiniz. Bir ad\u0131m daha \u201cDo\u011fruyum, \u00e7al\u0131\u015fkan\u0131m\u201d, bu da yalan \u00e7ocuk daha ilkokuldayken yalan s\u00f6ylemeye ba\u015fl\u0131yor. Yurtta\u015fl\u0131k tan\u0131m\u0131 de\u011fi\u015fmedi\u011fi s\u00fcrece, K\u00fcrt sorunu de\u011fi\u015fmeyecek. K\u00fcrt sorunu \u00e7\u00f6z\u00fclmedik\u00e7e de T\u00fcrkiye\u2019de konu\u015ftu\u011fumuz her konuyu \u00e7\u00f6pe atmam\u0131z\u0131 gerektirecek. Bir kilitlenme ile kar\u015f\u0131 kar\u015f\u0131yay\u0131z ve bu daha da kanl\u0131 bir hale de d\u00f6n\u00fc\u015febilir e\u011fer ad\u0131m at\u0131lmazsa. En son anayasan\u0131n tart\u0131\u015f\u0131ld\u0131\u011f\u0131 Abant Platformu\u2019na kat\u0131ld\u0131m, ayn\u0131 g\u00f6r\u00fc\u015fte birle\u015fece\u011fini sanmad\u0131\u011f\u0131m \u00e7ok \u00e7e\u015fitli kesimler bu vatanda\u015fl\u0131k tan\u0131m\u0131 konusunda tam bir mutabakat sa\u011flad\u0131lar. Anayasada vatanda\u015fl\u0131k tan\u0131m\u0131 olmamal\u0131d\u0131r. Olan tan\u0131m de\u011fi\u015fmedik\u00e7e, \u00f6n\u00fcm\u00fcz \u00e7ok karanl\u0131k.<\/p>\n<p style=\"text-align: justify;\"><span style=\"text-decoration: underline;\">\u201c\u00d6zg\u00fcr birey\u201d diyoruz. Peki ne kadar demokrat\u0131z, ne kadar \u00f6zg\u00fcr\u00fcz?\u00a0<\/span><\/p>\n<p style=\"text-align: justify;\"><strong>\u201cK\u00dcRT KEL\u0130MES\u0130N\u0130 KULLANDI\u011eIM \u0130\u00c7\u0130N 7.5 YIL MAHKUM OLDUM\u201d\u00a0<\/strong><\/p>\n<p style=\"text-align: justify;\">Herkes kendi penceresinden bakarak \u00f6zg\u00fcr\u00fcz, az \u00f6zg\u00fcr\u00fcz, hi\u00e7 de\u011filiz gibi cevaplar verebilir. Ama b\u00fct\u00fcn \u00fclke \u00fczerinden bakt\u0131\u011f\u0131m\u0131zda \u00e7ok \u00f6zg\u00fcrl\u00fck talebi olmayan gen\u00e7 kitlelerden de s\u00f6z edebiliriz. Mecburen kendimize benzeyenlerin durumuna bakarak bir \u015feyler s\u00f6yleyebiliriz. O y\u00fczden \u00f6zg\u00fcr oldu\u011fumuzu s\u00f6yleyemeyiz. \u0130nsanlar ba\u015fbakan\u0131 protesto edebilme, var olan iktidara muhalif olabilmeli. Bu bir hakt\u0131r. Bu hak polis \u015fiddeti ile bast\u0131r\u0131l\u0131yorsa e\u011fer soru kendili\u011finden cevaplanm\u0131\u015f olur. \u0130nsanlar ger\u00e7ekten \u00f6zg\u00fcrse kendi etnik, dinsel ya da cinsel kimliklerini \u00f6zg\u00fcrce ifade etmek isterler. T\u00fcrkiye\u2019de bu m\u00fcmk\u00fcn de\u011fil. 1978\u2019de bir yaz\u0131mda \u201cT\u00fcrkiye\u2019de ki T\u00fcrkler ve K\u00fcrtler\u201d c\u00fcmlesinde \u201cK\u00fcrt\u201d kelimesini kulland\u0131\u011f\u0131m i\u00e7in 7,5 y\u0131la mahkum oldum. Ka\u00e7 y\u0131l ge\u00e7mi\u015f sadece \u201cK\u00fcrt\u201d denebiliyor. Bunu deyince bile \u201cb\u00f6l\u00fcc\u00fc m\u00fc\u201d diye bak\u0131labiliyor. Sadece K\u00fcrt ile s\u0131n\u0131rl\u0131 tutmuyorum. Hrant niye \u00f6ld\u00fc sorusu i\u00e7inde ayn\u0131 \u015fey ge\u00e7erlidir. Dolay\u0131s\u0131yla, hay\u0131r \u00f6zg\u00fcr de\u011filiz. Ayn\u0131 \u015fekilde demokrasi kimilerine g\u00f6re Bat\u0131\u2019n\u0131n bask\u0131s\u0131 ile kimilerine g\u00f6re art\u0131k \u00e7a\u011f d\u0131\u015f\u0131 kalma kayg\u0131lar\u0131ndan dolay\u0131 1946\u2019da at\u0131lm\u0131\u015f ad\u0131mlar ile ba\u015flam\u0131\u015ft\u0131r.<\/p>\n<p style=\"text-align: justify;\"><strong>\u201cVER\u0130LEN\u0130N GER\u0130 ALINDI\u011eI B\u0130R ANAYASAMIZ VAR\u201d\u00a0<\/strong><\/p>\n<p style=\"text-align: justify;\">Demokrasi tek parti d\u00f6neminden \u00e7ok partiye ge\u00e7mekten ibaret de\u011fil. \u00c7ok partili bir rejim s\u00f6z konusuysa, onun d\u0131\u015f\u0131nda da bir demokrasi ortam\u0131 yoksa e\u011fer bu olsa olsa mezbahaya g\u00f6t\u00fcrecek olan \u00e7oban\u0131 se\u00e7mektir. Rosa Luxemburg\u2019un bir d\u00fc\u015f\u00fcncesi var \u201c\u00d6zg\u00fcrl\u00fck ve demokrasi az\u0131nl\u0131\u011f\u0131n \u00e7o\u011funluk olabilme hakk\u0131d\u0131r, olana\u011f\u0131d\u0131r\u201d. T\u00fcrkiye\u2019de ise demokrasi \u00e7o\u011funlu\u011fun az\u0131nl\u0131klar \u00fczerindeki bask\u0131s\u0131 olarak ortaya \u00e7\u0131k\u0131yor. Ne diyor ba\u015fbakan \u201cMillet b\u00f6yle istiyor\u201d diyor, yani \u00e7o\u011funluk b\u00f6yle istiyor. Bu yeni de\u011fil, 50\u2019li y\u0131llarda da bir ba\u015fkas\u0131 \u201cSiz isterseniz Hilafeti bile geri getirebilirsiniz\u201d demi\u015fti. Soruda ki \u201c\u00f6zg\u00fcrl\u00fck ve demokrasi\u201dde az\u0131nl\u0131\u011f\u0131n kendini g\u00fcvenceye almas\u0131 ve \u00e7o\u011funluk olabilmek i\u00e7in yolunun a\u00e7\u0131k olmas\u0131. D\u00fc\u015f\u00fcnce \u00f6zg\u00fcrl\u00fc\u011f\u00fc i\u00e7in at\u0131lm\u0131\u015f ad\u0131mlar\u0131n ikinci aya\u011f\u0131 olan \u00f6rg\u00fctlenme \u00f6zg\u00fcrl\u00fc\u011f\u00fcn\u00fcn de s\u0131n\u0131rs\u0131z olmas\u0131 laz\u0131m, aksi takdirde topal olur o demokrasi ve \u00f6zg\u00fcrl\u00fck. Siyasi partiler kanununu a\u00e7\u0131p bakt\u0131\u011f\u0131n\u0131zda, aman toplum bir \u015fey yapmas\u0131n \u00f6rg\u00fctlenmesin anlay\u0131\u015f\u0131n\u0131n \u00fczerine kurulmu\u015ftur. \u00d6rg\u00fctl\u00fc bir g\u00fc\u00e7 ger\u00e7ekten g\u00fc\u00e7l\u00fcd\u00fcr. Devletin izin verdi\u011fi s\u0131n\u0131rlar i\u00e7inde kalan, tahamm\u00fcl edilebilir muhaliflere izin veriliyor. Bizim anayasam\u0131z \u201cana\u201d yasa m\u0131d\u0131r \u201cama\u201d yasa m\u0131d\u0131r sorusu tart\u0131\u015f\u0131l\u0131r \u00e7\u00fcnk\u00fc \u201cherkes fikirlerini a\u00e7\u0131klamakta \u00f6zg\u00fcrd\u00fcr AMA\u201d diye devam eder. A\u00e7\u0131p anayasaya bakt\u0131\u011f\u0131n\u0131zda g\u00f6receksiniz \u201cancak, ama, fakat\u201d gibi s\u00f6zlerle beraber verilenin geri al\u0131nd\u0131\u011f\u0131 bir anayasa var.<\/p>\n<p style=\"text-align: justify;\">Gelelim Hrant Dink cinayetine. Karardan sonra Ahmet Hakan\u2019\u0131n program\u0131nda \u201c\u0130n\u015fallah yar\u0131n y\u00fcr\u00fcy\u00fc\u015fte ba\u015fbakan\u0131n samimiyetini g\u00f6r\u00fcr\u00fcz\u201d demi\u015ftiniz. Ama a\u00e7\u0131klamalar tatmin etmedi; ba\u015fbakan \u201cDevlet yarg\u0131 ile m\u00fc\u015fterek \u00e7al\u0131\u015ft\u0131\u201d, Ar\u0131n\u00e7\u2019ta \u201c\u00dczerimize d\u00fc\u015feni yapt\u0131k ama kamuoyu vicdan\u0131 tatmin edilmemi\u015f\u201d y\u00f6n\u00fcnde oldu. Dink cinayetinde olmas\u0131 gereken noktaya ne zaman ve nas\u0131l gelece\u011fiz?<\/p>\n<p style=\"text-align: justify;\"><strong>\u201cMAHKEME KARARI OTUZ BE\u015e\u0130NC\u0130 SAATTE A\u00c7IKLANMI\u015eTI\u201d\u00a0<\/strong><\/p>\n<p style=\"text-align: justify;\">O programda onu s\u00f6yleyi\u015fim hakl\u0131 bir ironiydi. Ba\u015fbakan karar a\u00e7\u0131kland\u0131ktan sonra \u201cBiz otuz iki saatte katili yakalam\u0131\u015f bir h\u00fck\u00fcmetiz. Biz elimizden gelen her \u015feyi yapt\u0131k\u201d diye \u00f6v\u00fcnd\u00fc. O zamanda s\u00f6yledim, bug\u00fcn de tekrarlayaca\u011f\u0131m; hay\u0131r yapmad\u0131n\u0131z. \u00c7\u00fcnk\u00fc otuz be\u015finci saatte ise \u0130stanbul Emniyet M\u00fcd\u00fcr\u00fc \u201cMilliyet\u00e7i duygular ile i\u015flenmi\u015f, bireysel bir cinayettir. Siyasi ve \u00f6rg\u00fct yan\u0131 yoktur\u201d dedi. Mahkeme karar\u0131 asl\u0131nda otuz be\u015finci saatte a\u00e7\u0131klanm\u0131\u015ft\u0131. Bu olay o \u00fc\u00e7 \u00e7ocu\u011fun becerebilece\u011fi bir i\u015f de\u011fildi. Sadece tetik\u00e7ileri yakalad\u0131lar, elimizden geleni yapt\u0131k dedikleri budur.<\/p>\n<p style=\"text-align: justify;\"><strong>\u201cBA\u015eBAKAN EL\u0130NDEN GELEN\u0130 YAPMADI, SADECE SEYRETT\u0130\u201d\u00a0<\/strong><\/p>\n<p style=\"text-align: justify;\">M\u0130T hakk\u0131nda soru\u015fturma izni verdik, do\u011fru verdiler ama devletin ba\u015fka bir aya\u011f\u0131 olan yarg\u0131 erki de buna dayanarak o soru\u015fturmay\u0131 y\u00fcr\u00fctmedi. Trabzon valisi, Trabzon \u0130stihbarat Ba\u015fkan\u0131 ve Trabzon Jandarma Komutan\u2019\u0131 hakk\u0131nda akla gelebilecek her t\u00fcrl\u00fc engelleme yap\u0131ld\u0131. Bunu ba\u015fbakan yapt\u0131 demiyorum ama \u201cElimizden geleni yapt\u0131k\u201d diyebilmek i\u00e7in Jandarma Alay Komutan\u0131 Ali \u00d6z\u2019\u00fcn yarg\u0131\u00e7 kar\u015f\u0131s\u0131na \u00e7\u0131kmay\u0131\u015f\u0131na el koymas\u0131 laz\u0131md\u0131. Koymad\u0131, seyretti. \u0130stanbul Valisi\u2019ni Ter\u00f6rler M\u00fccadele M\u00fcste\u015far\u0131 yapt\u0131. \u0130stanbul Emniyet M\u00fcd\u00fcr\u00fc\u2019n\u00fc Osmaniye\u2019ye vali yapt\u0131. Ba\u015fbakan\u0131n s\u00f6yledi\u011fi bo\u015f bir laft\u0131. Elinizden geleni yapman\u0131n bir yolu da ba\u015fbakan e\u011fer Hrant\u2019\u0131 anmak i\u00e7in y\u00fcr\u00fcy\u00fc\u015fte yer alsayd\u0131, devlet olaya farkl\u0131 bak\u0131yor diye bir d\u00fc\u015f\u00fcnceye kap\u0131lacakt\u0131k. \u015eimdi adli ayg\u0131t\u0131n labirentlerinde s\u00fcr\u00fcnecek, gidecek. Elinden gelecek \u00e7ok \u015fey varken yapmad\u0131. Engellemediyse bile, baz\u0131 konularda engellemedi ama gerekeni yapmad\u0131 sadece seyretti. Trib\u00fcnde oturmay\u0131 ye\u011fledi.<\/p>\n<p style=\"text-align: justify;\"><span style=\"text-decoration: underline;\">Yeni e\u011fitim sistemi tasla\u011f\u0131 hakk\u0131nda ne d\u00fc\u015f\u00fcn\u00fcyorsunuz?<\/span><\/p>\n<p style=\"text-align: justify;\"><strong>\u201cAKP \u0130\u00c7\u0130NDE D\u0130NC\u0130 N\u0130TEL\u0130KLER\u0130 A\u011eIR BASAN B\u0130R GRUP VAR\u201d<\/strong><\/p>\n<p style=\"text-align: justify;\">K\u00f6r bir muhalefet, muhalefeti de c\u0131l\u0131zla\u015ft\u0131ran ve etkisizle\u015ftiren bir tav\u0131r olur. Ku\u015fkular\u0131m\u0131 bilgi gibi s\u00f6ylemek hakk\u0131na sahip olmad\u0131\u011f\u0131m\u0131 d\u00fc\u015f\u00fcn\u00fcyorum. \u015euan da 4+4+4 sistemati\u011fi ile ne elde etmek istediklerinin \u00e7ok somut bir verisi yok ortada. Mesela, Ali Babacan \u201cT\u00fcrkiye\u2019de ki e\u011fitimin ortalamas\u0131 orta ikiden terk d\u00fczeyindedir. Bu kalite ile \u00e7a\u011f atlayan, ulusal geliri 30 bin dolar olan bir \u00fclke olamay\u0131z\u201d diyor. Bu bir \u015firket y\u00f6neticisinin bak\u0131\u015f\u0131d\u0131r, do\u011frudur da. T\u00fcrk e\u011fitim sisteminin tepeden t\u0131rna\u011fa modernize edilmesi, \u00e7a\u011fda\u015f olmas\u0131 ve iddial\u0131 olup meydan okumas\u0131 hepimizin bildi\u011fi bir ger\u00e7ekti. Bunu o y\u00fczden mi yap\u0131yorlar emin de\u011filim \u00e7\u00fcnk\u00fc bir h\u00fck\u00fcmet tasar\u0131s\u0131 de\u011fildi. H\u00fck\u00fcmetler kanun tasar\u0131s\u0131 yapar, milletvekilleri kanun teklifi yaparlar. Bu bir teklifti. H\u00fck\u00fcmet yapmad\u0131 bunu, AKP i\u00e7erisinde dinci nitelikleri \u00e7ok a\u011f\u0131r basan bir grup yapt\u0131. Temel hareket noktas\u0131 \u201cBaba beni okuldan kurtar\u201dd\u0131. Bir de \u00e7ocuklar\u0131m\u0131z din e\u011fitimi als\u0131n mant\u0131\u011f\u0131yd\u0131. Hem toplumdaki tepkilerden dolay\u0131, hem de Ali Babacan gibilerinin isteklerine cevap verecek bir \u015fey de\u011fildir bu. Geri ad\u0131mlar att\u0131lar. \u00d6rne\u011fin; be\u015f ya\u015f\u0131nda ba\u015flatmaktan vazge\u00e7tiler, k\u0131zlar\u0131 okullardan kurtaracak olan uygulamalardan vazge\u00e7tiler.<\/p>\n<p style=\"text-align: justify;\"><strong>\u201c\u00c7OCUKLARA YAYGIN VE E\u015e\u0130T E\u011e\u0130T\u0130M VER\u0130LMEL\u0130\u201d\u00a0<\/strong><\/p>\n<p style=\"text-align: justify;\">Hayran\u0131 oldu\u011fum i\u00e7in de\u011fil ama iyi bildi\u011fim i\u00e7in Bat\u0131 Avrupa \u00f6rne\u011fini vermek istiyorum. Bir tek Federal Almanya\u2019da bir uygulama vard\u0131, onlarda vazge\u00e7tiler. Sebebi de \u015fuydu; a\u015fa\u011f\u0131 yukar\u0131 on ya\u015f\u0131ndaki \u00e7ocuklar yetenek, yatk\u0131nl\u0131k, zeka, kavray\u0131\u015f g\u00fcc\u00fc gibi hassas terazisi olmayan terazilerde tart\u0131lm\u0131\u015f gibi \u00f6\u011fretmenlerin ve okullar\u0131n karar\u0131 ile hayattaki yollar\u0131 \u00f6nceden belirlenirdi. Bizimkiler ise d\u00f6rd\u00fcnc\u00fc s\u0131n\u0131ftan itibaren yollar\u0131 ay\u0131racak bir sistemati\u011fe do\u011fru ge\u00e7iyorlar. On ya\u015f\u0131ndaki \u00e7ocu\u011fun yatk\u0131nl\u0131klar\u0131n\u0131, yetkinliklerini, kabiliyetlerini, y\u00f6nelimlerini, gelece\u011fini belirleyemezsiniz. Bu daha \u00e7ok teknik i\u015flere gidecek, \u0130mam Hatip okullar\u0131na gidecek, \u015fu sosyal alanda ba\u015far\u0131l\u0131 olacak \u015feklinde belirleyici olamazs\u0131n\u0131z. \u00c7ocu\u011fun gelece\u011fine devletin, anne ve baban\u0131n karar verdi\u011fi bir d\u00fcnya, k\u00f6t\u00fc bir d\u00fcnyad\u0131r. \u00c7ocu\u011fa m\u00fcmk\u00fcn oldu\u011fu kadar yayg\u0131n, e\u015fit e\u011fitim verirsiniz bu e\u011fitim i\u00e7erisinde \u00e7ocuk zaten kendili\u011finden y\u00f6nelmeye ba\u015flar. T\u00fcrkiye\u2019de b\u00f6lgesel farklar \u00e7ok derin. Hep \u0130mam Hatipler odakl\u0131 bak\u0131l\u0131yor. Bu uygulamaya ge\u00e7ilirse ilerde bir g\u00fcn vazge\u00e7ilir fakat o zamanda birka\u00e7 ku\u015fak telef olmu\u015f olur. T\u00fcrkiye\u2019nin b\u00f6yle bir l\u00fcks\u00fc olamaz. Bir de o \u00e7ocuklar\u0131n halini d\u00fc\u015f\u00fcn\u00fcn. O \u00e7ocuk b\u00fcy\u00fcyecek, meslek lisesine gidip tornac\u0131 olacak ama belki m\u00fczisyen olacakt\u0131.<\/p>\n<p style=\"text-align: justify;\">Anayasa Referandumu yap\u0131lal\u0131 bir bu\u00e7uk sene, genel se\u00e7imler yap\u0131lal\u0131 da neredeyse bir sene olacak. AKP \u00f6ncelikli hedeflerinin anayasa oldu\u011funu s\u00f6ylemi\u015fti ama hala daha bir giri\u015fim yok. Bunu nas\u0131l de\u011ferlendiriyorsunuz?<\/p>\n<p style=\"text-align: justify;\"><strong>\u201cANAYASA KONUSUNDA UMUTLU DE\u011e\u0130L\u0130M\u201d\u00a0<\/strong><\/p>\n<p style=\"text-align: justify;\">Bu konuda karamsar\u0131m. E\u011fer 2012\u2019de de anayasa konusunda bir uzla\u015fma olmazsa ondan sonra se\u00e7imler ba\u015flayacak ve bir anayasa \u00fcst\u00fcnde de yo\u011funla\u015fmak m\u00fcmk\u00fcn de\u011fil. Ama \u015fuanda g\u00f6r\u00fcnen o ki, d\u0131\u015fa kar\u015f\u0131 yans\u0131yan iyimser deme\u00e7lere ra\u011fmen anayasa konusunda ortada ciddi bir ad\u0131m yok ve ciddi g\u00f6r\u00fc\u015f ayr\u0131l\u0131klar\u0131 var. \u00d6rne\u011fin; K\u00fcrt hareketinin, vatanda\u015fl\u0131k tan\u0131m\u0131n\u0131n de\u011fi\u015fmemesi, anadilde e\u011fitim hakk\u0131n\u0131n tan\u0131nmamas\u0131 halinde yeni bir anayasa i\u00e7in uzla\u015fma bir yana dursun, \u00e7ok ciddi tepki g\u00f6sterece\u011fine inan\u0131yorum. Milli E\u011fitim Bakan\u0131\u2019n\u0131n \u201cK\u00fcrt\u00e7e se\u00e7meli ders olabilir\u201d a\u00e7\u0131klamas\u0131 ortada ki b\u00fcy\u00fck ayr\u0131m\u0131 g\u00f6steriyor ve bundan yola \u00e7\u0131k\u0131nca yeni bir anayasa i\u00e7in uzla\u015fma ihtimali kalm\u0131yor. Nisan ay\u0131n\u0131n sonunda \u00f6nerilerin al\u0131nm\u0131\u015f olmal\u0131 ve sonraki \u00fc\u00e7 ayda anla\u015f\u0131lan noktalardan bir metin \u00e7\u0131kar\u0131lmal\u0131. \u0130ki ya da \u00fc\u00e7 tane madde \u00e7\u0131kar. Onlarda herhalde \u201cya\u011fmurlu havalarda \u015femsiye al\u0131nmal\u0131d\u0131r\u201d gibi ciddi olmayan maddeler olur. AKP \u201cUzla\u015famad\u0131k, ben tek ba\u015f\u0131ma \u00e7\u0131kar\u0131yorum\u201d diye de \u00e7\u0131karamaz \u00e7\u00fcnk\u00fc meclis aritmeti\u011fine uygun de\u011fil. Galiba biz 12 Eyl\u00fcl\u2019de s\u0131rt\u0131m\u0131za ge\u00e7irilen deli g\u00f6mle\u011fini bir s\u00fcre ta\u015f\u0131mak zorunda kalaca\u011f\u0131z. Bu anayasa yama ile de\u011fi\u015femez, mant\u0131\u011f\u0131n\u0131n de\u011fi\u015fmesi laz\u0131m. Bug\u00fcn olsa yine \u201cEvet\u201d derim. \u201cYetmez ama Evet\u201d demedim, . Hi\u00e7 duraksamadan \u201cEvet\u201d derim. Benim i\u00e7in 12 Eyl\u00fcl anayasas\u0131nda a\u00e7\u0131lacak her bir ufak \u00e7entik evet demem i\u00e7in yeterli bir sebeptir. Yeter ki 12 Eyl\u00fcl anayasas\u0131ndan bir milimetre daha iyi bir \u015fey olsun. Ak\u015fam anti demokratik bir \u00fclkede yat\u0131p, sabah ah ne g\u00fczel demokratik bir \u00fclkede uyand\u0131m gibi hayaller kuramayacak kadar hem deneyimli hem de ya\u015fl\u0131y\u0131m.<\/p>\n<p style=\"text-align: justify;\"><span style=\"text-decoration: underline;\">Ter\u00f6rle M\u00fccadele Kanunu nas\u0131l olmal\u0131?\u00a0<\/span><\/p>\n<p style=\"text-align: justify;\">\u0130ktidar\u0131n\u0131n daha ilk y\u0131llar\u0131nda askerler ile z\u0131tla\u015fmay\u0131 g\u00f6ze alamayan \u00f6dlek AKP, askerlerin \u00f6nerdi\u011fi veya yapt\u0131\u011f\u0131 de\u011fi\u015fiklikleri yaparak, TMK\u2019y\u0131 art\u0131k kara mizah s\u0131n\u0131r\u0131na ta\u015f\u0131d\u0131. Katalog su\u00e7lar deyip, herkesi i\u00e7eri atabilecekleri bir sistem \u00fcrettiler. M\u00fckemmel demiyorum, daha \u00f6zg\u00fcrl\u00fck\u00e7\u00fc bir anayasa kotar\u0131lsa siyasi partiler kanunu da, TMK\u2019da de\u011fi\u015fmek zorunda kalacak zaten. Ama anayasa kotar\u0131lamazsa tek tek o maddeler \u00fczerinde kim, neyi, nas\u0131l de\u011fi\u015ftirecek konusunda \u00e7ok umutlu olmamak laz\u0131m \u00e7\u00fcnk\u00fc \u00e7ok ciddi bir hukuk \u00e7al\u0131\u015fmas\u0131 bu. \u0130lkesi anayasada varsa e\u011fer burada yapamazs\u0131n\u0131z. Bir\u00e7ok demokratikle\u015fme ad\u0131mlar\u0131, g\u00f6n\u00fcll\u00fc veya g\u00f6n\u00fcls\u00fcz AB kriterli i\u00e7in geldi. Bat\u0131 Avrupa standartlar\u0131nda bir demokrasiyi AKP ideolojik olarak ta\u015f\u0131yacak bir parti de\u011fil. Anti-demokratik ortam\u0131 d\u00fczeltecek \u00e7ok umutlu dayanaklar kalmad\u0131 ortada.<\/p>\n<p style=\"text-align: justify;\"><a href=\"http:\/\/www5.muhalifgazete.com\/34064-O-iddianameye-kahkahayla-guldum.htm\" target=\"_blank\">Kaynak : Ceren Terziahmeto\u011flu &#8211; Muhalif Gazete<\/a><\/p>\n","protected":false},"excerpt":{"rendered":"<p style=\"text-align: center;\">\n<p style=\"text-align: justify;\">Muhalifgazete&#8217;den Ceren Terziahmeto\u011flu&#8217;nun Ayd\u0131n Engin ile s\u00f6yle\u015fisi <\/p>\n<p style=\"text-align: justify;\">M\u0130T soru\u015fturmas\u0131 ile beraber g\u00f6zler AKP-cemaat ili\u015fkisine \u00e7evrildi. Ahmet \u015e\u0131k ve Nedim \u015eener\u2019in tahliyesinden sonra g\u00f6zler AKP-cemaat ili\u015fkisine tahliyesi ile beraber de \u201ciktidar-cemaat gerginli\u011fi\u201d sonucu denildi.<\/p>\n<p style=\"text-align: justify;\">De\u011fi\u015fen bir tak\u0131m durumlar\u0131n iktidar-cemaat gerginli\u011finden olup olmad\u0131\u011f\u0131n\u0131, cemaatin h\u00fck\u00fcmet i\u00e7indeki yerini, <\/p>\n","protected":false},"author":1,"featured_media":0,"comment_status":"open","ping_status":"open","sticky":false,"template":"","format":"standard","meta":{"footnotes":""},"categories":[105],"tags":[],"class_list":["post-49657","post","type-post","status-publish","format-standard","hentry","category-gundem","odd"],"_links":{"self":[{"href":"http:\/\/www.korhanyilmaz.com\/index.php?rest_route=\/wp\/v2\/posts\/49657","targetHints":{"allow":["GET"]}}],"collection":[{"href":"http:\/\/www.korhanyilmaz.com\/index.php?rest_route=\/wp\/v2\/posts"}],"about":[{"href":"http:\/\/www.korhanyilmaz.com\/index.php?rest_route=\/wp\/v2\/types\/post"}],"author":[{"embeddable":true,"href":"http:\/\/www.korhanyilmaz.com\/index.php?rest_route=\/wp\/v2\/users\/1"}],"replies":[{"embeddable":true,"href":"http:\/\/www.korhanyilmaz.com\/index.php?rest_route=%2Fwp%2Fv2%2Fcomments&post=49657"}],"version-history":[{"count":0,"href":"http:\/\/www.korhanyilmaz.com\/index.php?rest_route=\/wp\/v2\/posts\/49657\/revisions"}],"wp:attachment":[{"href":"http:\/\/www.korhanyilmaz.com\/index.php?rest_route=%2Fwp%2Fv2%2Fmedia&parent=49657"}],"wp:term":[{"taxonomy":"category","embeddable":true,"href":"http:\/\/www.korhanyilmaz.com\/index.php?rest_route=%2Fwp%2Fv2%2Fcategories&post=49657"},{"taxonomy":"post_tag","embeddable":true,"href":"http:\/\/www.korhanyilmaz.com\/index.php?rest_route=%2Fwp%2Fv2%2Ftags&post=49657"}],"curies":[{"name":"wp","href":"https:\/\/api.w.org\/{rel}","templated":true}]}}