{"id":49654,"date":"2012-03-21T11:55:48","date_gmt":"2012-03-21T09:55:48","guid":{"rendered":"http:\/\/www.korhanyilmaz.com\/?p=49654"},"modified":"2012-03-21T17:12:38","modified_gmt":"2012-03-21T15:12:38","slug":"chpden-suat-kilic-hakkinda-gensoru","status":"publish","type":"post","link":"http:\/\/www.korhanyilmaz.com\/?p=49654","title":{"rendered":"CHP&#8217;den Suat K\u0131l\u0131\u00e7 hakk\u0131nda gensoru"},"content":{"rendered":"<p style=\"text-align: justify;\"><a href=\"http:\/\/www.korhanyilmaz.com\/wp-content\/uploads\/2012\/03\/A0037.jpg\"  class=\"lightview\"><img loading=\"lazy\" decoding=\"async\" class=\"aligncenter size-full wp-image-49655\" title=\"\" src=\"http:\/\/www.korhanyilmaz.com\/wp-content\/uploads\/2012\/03\/A0037.jpg\" alt=\"\" width=\"306\" height=\"165\" \/><\/a><\/p>\n<p style=\"text-align: justify;\">CHP, &#8221;Alt\u0131nda\u011f Belediyesi&#8217;nin uygulamalar\u0131ndan siyasi konumunu kullanarak rant elde etti\u011fi, g\u00f6revini k\u00f6t\u00fcye kulland\u0131\u011f\u0131&#8221; gerek\u00e7esiyle Gen\u00e7lik ve Spor Bakan\u0131 Suat K\u0131l\u0131\u00e7 hakk\u0131nda gensoru \u00f6nergesi verdi. K\u0131l\u0131\u00e7, gensoruya ili\u015fkin, &#8221;Bir bakan\u0131n da kayna\u011f\u0131n\u0131 izah edebildi\u011fi takdirde gayrimenkul edinmesinde bir problem oldu\u011fu kanaatinde de\u011filim&#8221; dedi.<!--more--><\/p>\n<p style=\"text-align: justify;\">ANKARA &#8211; CHP Ankara Milletvekili Levent G\u00f6k ve 22 milletvekilinin imzas\u0131yla TBMM Ba\u015fkanl\u0131\u011f\u0131na verilen gensoru \u00f6nergesinin gerek\u00e7esinde, Alt\u0131nda\u011f Belediyesi&#8217;nin, eski Ankara olarak an\u0131lan Hamam\u00f6n\u00fc mevkisinde &#8221;Talatpa\u015fa Bulvar\u0131 Karacabey Hamam\u0131 ve Yak\u0131n \u00c7evresi Sa\u011fl\u0131kla\u015ft\u0131rma \u00c7al\u0131\u015fmas\u0131&#8221; projesi kapsam\u0131nda 2007&#8217;den itibaren bir \u00e7al\u0131\u015fma y\u00fcr\u00fctt\u00fc\u011f\u00fc an\u0131msat\u0131ld\u0131.<\/p>\n<p style=\"text-align: justify;\">Eski evlerle dolu olan b\u00f6lgede, restorasyon kapsam\u0131na girece\u011fini bilmeden bir \u00e7ok vatanda\u015f\u0131n evlerini ve i\u015fyerlerini yok pahas\u0131na satt\u0131\u011f\u0131 ifade edilen gerek\u00e7ede, &#8221;B\u00f6lgede sistemli bir \u015fekilde tapu devirlerinin artmas\u0131, proje ilerledik\u00e7e el de\u011fi\u015ftirilen gayrimenkullerin de\u011ferinin fahi\u015f bir \u015fekilde y\u00fckselmesiyle, satanlar a\u00e7\u0131s\u0131ndan ciddi ma\u011fduriyetler ya\u015fanm\u0131\u015f, alanlar a\u00e7\u0131s\u0131ndan haks\u0131z kazan\u00e7 elde edilmesine yol a\u00e7m\u0131\u015ft\u0131r&#8221; denildi.<\/p>\n<p style=\"text-align: justify;\">Gerek\u00e7ede, bu b\u00f6lgede siyasi kimli\u011fi bilinen ki\u015filerin de \u00e7e\u015fitli yollarla gayrimenkul edindi\u011finin ortaya \u00e7\u0131kt\u0131\u011f\u0131 belirtilerek, K\u0131l\u0131\u00e7&#8217;\u0131n da restorasyon kapsam\u0131na giren b\u00f6lgeden eski eser niteli\u011findeki iki ta\u015f\u0131nmaz ald\u0131\u011f\u0131n\u0131n \u00f6\u011frenildi\u011fi ifade edildi.<\/p>\n<p style=\"text-align: justify;\"><strong>&#8216;S\u0130YAS\u0130 N\u00dcFUZUNU KULLANDI&#8217;<\/strong><\/p>\n<p style=\"text-align: justify;\">K\u0131l\u0131\u00e7&#8217;\u0131n, 29 Nisan 2009&#8217;da her iki ta\u015f\u0131nmaz\u0131n sat\u0131\u015f\u0131 i\u00e7in 25 bin 500 lira \u00f6dedi\u011finin savunuldu\u011fu gerek\u00e7ede, \u015funlar kaydedildi:<\/p>\n<p style=\"text-align: justify;\">&#8221;Bakan ad\u0131na tapuda al\u0131\u015f\u0131 vekaleten ger\u00e7ekle\u015ftiren ki\u015finin Alt\u0131nda\u011f Belediyesi Tarihi Alanlar\u0131 Koruma \u015eube \u015eefi Alpaslan Ekinci, sat\u0131\u015f\u0131 ger\u00e7ekle\u015ftiren ki\u015finin ise Bakan&#8217;\u0131n nikah \u015fahitli\u011fini yapt\u0131\u011f\u0131 ve bakanl\u0131k b\u00fcnyesinde dan\u0131\u015fmanl\u0131k ve Bakan&#8217;\u0131n atamas\u0131yla T\u00fcrkiye Dijital Oyunlar\u0131 Federasyonu Y\u00f6netim Kurulu \u00fcyesi Erbil Yi\u011fitba\u015f oldu\u011fu ortaya \u00e7\u0131km\u0131\u015ft\u0131r. Yi\u011fitba\u015f&#8217;\u0131n da an\u0131lan gayrimenkulleri \u00e7ok k\u0131sa bir s\u00fcre \u00f6nce sat\u0131n almas\u0131, i\u015flemlerdeki muvazaay\u0131 net bir \u015fekilde g\u00f6zler \u00f6n\u00fcne sermektedir.<\/p>\n<p style=\"text-align: justify;\">Evlerin ucuza sat\u0131n al\u0131nmas\u0131 ve hemen arkas\u0131ndan belediyece restore edilerek muazzam bir bedel art\u0131\u015f\u0131 sa\u011flanmas\u0131, siyasi n\u00fcfuz kullan\u0131larak haks\u0131z kazan\u00e7 elde edilmesi, hangi evin restore edilece\u011fini bilen projeden sorumlu bir belediye b\u00fcrokrat\u0131n\u0131n bu al\u0131\u015fveri\u015fe arac\u0131 olmas\u0131, siyaset\u00e7iye ve devlete olan g\u00fcveni b\u00fcy\u00fck \u00f6l\u00e7\u00fcde zedelemi\u015f, siyaset\u00e7i, b\u00fcrokrat ekseninde kurulan i\u015fbirli\u011finin ne denli b\u00fcy\u00fck boyutlara ula\u015ft\u0131\u011f\u0131n\u0131 g\u00f6zler \u00f6n\u00fcne sermi\u015ftir.<\/p>\n<p style=\"text-align: justify;\">Suat K\u0131l\u0131\u00e7&#8217;\u0131n, g\u00fcnlerdir sessizli\u011fini korumas\u0131 ve mal ediniminin basit, s\u0131radan bir hakk\u0131n kullan\u0131lmas\u0131 yolunda avukat\u0131 ve Alt\u0131nda\u011f Belediye Ba\u015fkan\u0131 Veysel Tiryaki taraf\u0131ndan yap\u0131lan a\u00e7\u0131klamalar\u0131n arkas\u0131na saklanmas\u0131, siyasi n\u00fcfuz kullanmaktan ve f\u0131rsat\u00e7\u0131l\u0131ktan pi\u015fman olmad\u0131\u011f\u0131 izlenimlerini g\u00fc\u00e7lendirmektedir.&#8221;<\/p>\n<p style=\"text-align: justify;\">\u0130ktidardaki partinin g\u00fcc\u00fcn\u00fc ve yetkisini kullanarak, kamu b\u00fcrokrasisi ile ili\u015fkiler kurup, bunu ki\u015fisel menfaat, ranta d\u00f6n\u00fc\u015ft\u00fcrmesi kabul edilebilecek bir tablo olmad\u0131\u011f\u0131n\u0131n belirtildi\u011fi gerek\u00e7ede, &#8221;Bakan K\u0131l\u0131\u00e7&#8217;\u0131n, siyasi etik ve davran\u0131\u015fa s\u0131\u011fmayan bir yolla restorasyon yap\u0131lan bir b\u00f6lgede, de\u011feri artaca\u011f\u0131 kesin olan ta\u015f\u0131nmazlar\u0131, ucuza, dan\u0131\u015f\u0131kl\u0131 yollarla edinmesi siyasi n\u00fcfuzunu kulland\u0131\u011f\u0131n\u0131 g\u00f6stermektedir&#8221; denildi.<\/p>\n<p style=\"text-align: justify;\"><strong>&#8216;MECL\u0130S G\u00dcNDEM\u0130N\u0130 ME\u015eGUL ETME \u00c7ABASI&#8217;<\/strong><\/p>\n<p style=\"text-align: justify;\">Gen\u00e7lik ve Spor Bakan\u0131 Suat K\u0131l\u0131\u00e7 da, gensoru \u00f6nergesine ili\u015fkin, &#8221;Bir bakan\u0131n da bir milletvekilinin de kayna\u011f\u0131n\u0131 izah edebildi\u011fi takdirde gayrimenkul edinmesinde bir problem oldu\u011fu kanaatinde de\u011filim&#8221; dedi.<\/p>\n<p style=\"text-align: justify;\">K\u0131l\u0131\u00e7, Meclis\u2019te gazetecilerin, CHP&#8217;nin kendisi hakk\u0131nda verdi\u011fi gensoru \u00f6nergesine ili\u015fkin sorular\u0131n\u0131 yan\u0131tlad\u0131. Bakan K\u0131l\u0131\u00e7, gensoruya gerek\u00e7e g\u00f6sterilen hususun hukuki bir problem te\u015fkil etmedi\u011fini vurgulayarak, &#8221;Konunun gere\u011fini, detaylar\u0131n\u0131 gensorunun yap\u0131laca\u011f\u0131 g\u00fcn ortaya koyaca\u011f\u0131z&#8221; dedi.<\/p>\n<p style=\"text-align: justify;\">CHP&#8217;nin gensoru \u00f6nergesinin, &#8221;Meclis Genel Kurulu&#8217;nun g\u00fcndemini me\u015fgul etme \u00e7abas\u0131 gibi g\u00f6r\u00fcnd\u00fc\u011f\u00fcn\u00fc&#8221; belirten K\u0131l\u0131\u00e7, \u00f6nergeyi hen\u00fcz okumad\u0131\u011f\u0131n\u0131, okuduktan sonra gereken de\u011ferlendirmeyi Genel Kurul&#8217;da yapaca\u011f\u0131n\u0131 s\u00f6yledi.<\/p>\n<p style=\"text-align: justify;\">Bir gazetecinin &#8221;Siyasi etik konusunda bir problem yaratt\u0131\u011f\u0131 iddia ediliyor. Bu konudaki fikriniz nedir?&#8221; sorusuna ise K\u0131l\u0131\u00e7, &#8221;Bir milletvekilinin gayrimenkul edinmesinde etik ba\u011flamda bir problem oldu\u011fu kanaatinde de\u011filim. Edinim y\u0131l\u0131 2009. Benim bakan da olmad\u0131\u011f\u0131m bir d\u00f6nem. Kald\u0131 ki bir bakan\u0131n da bir milletvekilinin de kayna\u011f\u0131n\u0131 izah edebildi\u011fi takdirde gayrimenkul edinmesinde bir problem oldu\u011fu kanaatinde de\u011filim&#8221; kar\u015f\u0131l\u0131\u011f\u0131n\u0131 verdi.<\/p>\n<p style=\"text-align: justify;\"><a href=\"http:\/\/www.ntvmsnbc.com\/id\/25332492\/\" target=\"_blank\">Kaynak : NTVMSNBC<\/a><\/p>\n","protected":false},"excerpt":{"rendered":"<p style=\"text-align: justify;\">\n<p style=\"text-align: justify;\">CHP, &#8221;Alt\u0131nda\u011f Belediyesi&#8217;nin uygulamalar\u0131ndan siyasi konumunu kullanarak rant elde etti\u011fi, g\u00f6revini k\u00f6t\u00fcye kulland\u0131\u011f\u0131&#8221; gerek\u00e7esiyle Gen\u00e7lik ve Spor Bakan\u0131 Suat K\u0131l\u0131\u00e7 hakk\u0131nda gensoru \u00f6nergesi verdi. K\u0131l\u0131\u00e7, gensoruya ili\u015fkin, &#8221;Bir bakan\u0131n da kayna\u011f\u0131n\u0131 izah edebildi\u011fi takdirde gayrimenkul edinmesinde bir problem oldu\u011fu kanaatinde de\u011filim&#8221; dedi.<\/p>\n","protected":false},"author":1,"featured_media":0,"comment_status":"open","ping_status":"open","sticky":false,"template":"","format":"standard","meta":{"footnotes":""},"categories":[105],"tags":[],"class_list":["post-49654","post","type-post","status-publish","format-standard","hentry","category-gundem","odd"],"_links":{"self":[{"href":"http:\/\/www.korhanyilmaz.com\/index.php?rest_route=\/wp\/v2\/posts\/49654","targetHints":{"allow":["GET"]}}],"collection":[{"href":"http:\/\/www.korhanyilmaz.com\/index.php?rest_route=\/wp\/v2\/posts"}],"about":[{"href":"http:\/\/www.korhanyilmaz.com\/index.php?rest_route=\/wp\/v2\/types\/post"}],"author":[{"embeddable":true,"href":"http:\/\/www.korhanyilmaz.com\/index.php?rest_route=\/wp\/v2\/users\/1"}],"replies":[{"embeddable":true,"href":"http:\/\/www.korhanyilmaz.com\/index.php?rest_route=%2Fwp%2Fv2%2Fcomments&post=49654"}],"version-history":[{"count":0,"href":"http:\/\/www.korhanyilmaz.com\/index.php?rest_route=\/wp\/v2\/posts\/49654\/revisions"}],"wp:attachment":[{"href":"http:\/\/www.korhanyilmaz.com\/index.php?rest_route=%2Fwp%2Fv2%2Fmedia&parent=49654"}],"wp:term":[{"taxonomy":"category","embeddable":true,"href":"http:\/\/www.korhanyilmaz.com\/index.php?rest_route=%2Fwp%2Fv2%2Fcategories&post=49654"},{"taxonomy":"post_tag","embeddable":true,"href":"http:\/\/www.korhanyilmaz.com\/index.php?rest_route=%2Fwp%2Fv2%2Ftags&post=49654"}],"curies":[{"name":"wp","href":"https:\/\/api.w.org\/{rel}","templated":true}]}}