{"id":49649,"date":"2012-03-21T15:45:04","date_gmt":"2012-03-21T13:45:04","guid":{"rendered":"http:\/\/www.korhanyilmaz.com\/?p=49649"},"modified":"2012-03-21T16:06:57","modified_gmt":"2012-03-21T14:06:57","slug":"chpli-pavey-kursuye-bu-tisortle-cikti","status":"publish","type":"post","link":"http:\/\/www.korhanyilmaz.com\/?p=49649","title":{"rendered":"CHP&#8217;li Pavey k\u00fcrs\u00fcye bu ti\u015f\u00f6rtle \u00e7\u0131kt\u0131"},"content":{"rendered":"<p style=\"text-align: justify;\"><a href=\"http:\/\/www.korhanyilmaz.com\/wp-content\/uploads\/2012\/03\/A0035.jpg\"  class=\"lightview\"><img loading=\"lazy\" decoding=\"async\" class=\"aligncenter size-full wp-image-49650\" title=\"\" src=\"http:\/\/www.korhanyilmaz.com\/wp-content\/uploads\/2012\/03\/A0035.jpg\" alt=\"\" width=\"291\" height=\"226\" \/><\/a><\/p>\n<p style=\"text-align: justify;\"><strong>&#8216;Kalbim Sivas&#8217;ta yand\u0131&#8217;<\/strong><\/p>\n<p style=\"text-align: justify;\">CHP\u2019li Pavey, k\u00fcrs\u00fcye \u201dKalbim Sivas\u2019ta yand\u0131\u201d yaz\u0131l\u0131 ti\u015f\u00f6rtle \u00e7\u0131kt\u0131<\/p>\n<p style=\"text-align: justify;\">CHP \u0130stanbul Milletvekili \u015eafak Pavey, TBMM Genel Kurulu\u2019nda, k\u00fcrs\u00fcye \u201dKalbim Sivas\u2019ta yand\u0131\u201d yaz\u0131l\u0131 ti\u015f\u00f6rtle \u00e7\u0131kt\u0131.<\/p>\n<p style=\"text-align: justify;\">Genel Kurul, Ba\u015fkanvekili Meral Ak\u015fener ba\u015fkanl\u0131\u011f\u0131nda topland\u0131. Ak\u015fener, g\u00fcndeme ge\u00e7meden \u00f6nce 3 milletvekiline g\u00fcndem d\u0131\u015f\u0131 s\u00f6z verdi.\u00a0<!--more--><\/p>\n<p style=\"text-align: justify;\"><a href=\"http:\/\/www.korhanyilmaz.com\/wp-content\/uploads\/2012\/03\/A0036.jpg\"  class=\"lightview\"><img loading=\"lazy\" decoding=\"async\" class=\"alignleft  wp-image-49651\" style=\"margin-left: 10px; margin-right: 10px;\" src=\"http:\/\/www.korhanyilmaz.com\/wp-content\/uploads\/2012\/03\/A0036.jpg\" alt=\"\" width=\"180\" height=\"261\" \/><\/a>8 Mart D\u00fcnya Kad\u0131nlar G\u00fcn\u00fc dolay\u0131s\u0131yla s\u00f6z alan CHP\u2019li Pavey, kad\u0131na \u201ddaha \u00e7ok \u00e7ocuk\u201d tavsiye edilirken, bu \u00e7ocuklara nas\u0131l bak\u0131laca\u011f\u0131n\u0131n ve geleceklerinin nas\u0131l g\u00fcvence alt\u0131na al\u0131naca\u011f\u0131n\u0131n da anlat\u0131lmas\u0131 gerekti\u011fini s\u00f6yledi.<\/p>\n<p style=\"text-align: justify;\">K\u00fcrs\u00fcye, \u201dKalbim Sivas\u2019ta yand\u0131\u201d yaz\u0131l\u0131 ti\u015f\u00f6rtle \u00e7\u0131kan Pavey, \u201dBu davadan elimizde tek hikaye kald\u0131: Su\u00e7lular, masumlar\u0131 yakabilece\u011fi \u00f6zg\u00fcrl\u00fc\u011f\u00fc ile \u00f6d\u00fcllendirildiler\u201d dedi.<\/p>\n<p style=\"text-align: justify;\">G\u00fcndem d\u0131\u015f\u0131 s\u00f6z alan AK Parti Samsun Milletvekili T\u00fclay Bak\u0131r da d\u00fcnyada insanlar\u0131n renk, \u0131rk, etnik farkl\u0131l\u0131klar\u0131 nedeniyle \u00fcst\u00fcn ya da hakir g\u00f6r\u00fclmeye devam edildi\u011fini s\u00f6yledi. Irk\u00e7\u0131l\u0131\u011f\u0131n insanl\u0131\u011f\u0131n hen\u00fcz a\u015f\u0131lamayan en b\u00fcy\u00fck<\/p>\n<p style=\"text-align: justify;\">problemi oldu\u011funa i\u015faret eden Bak\u0131r, \u201dYaln\u0131zca g\u00fcn\u00fcm\u00fcze \u00f6zg\u00fc olmayan, tarihten gelen \u0131rk\u00e7\u0131l\u0131k, cehaletle g\u00fc\u00e7lenen bir olgu\u201d dedi.<\/p>\n<p style=\"text-align: justify;\">Bak\u0131r, \u0131rk\u00e7\u0131l\u0131\u011f\u0131n bir insanl\u0131k su\u00e7u olarak tan\u0131mland\u0131\u011f\u0131n\u0131 ve d\u00fcnya genelinde bu su\u00e7la m\u00fccadele edilmeye \u00e7al\u0131\u015f\u0131ld\u0131\u011f\u0131n\u0131, ancak ba\u015far\u0131l\u0131 olunamad\u0131\u011f\u0131n\u0131 anlatt\u0131.<\/p>\n<p style=\"text-align: justify;\">Irk\u00e7\u0131l\u0131\u011f\u0131n vatan sevgisi ile tan\u0131mlanamayaca\u011f\u0131n\u0131 belirten Bak\u0131r, devletin \u0131rk ulusu olma fikrinin art\u0131k \u00e7a\u011fda\u015f d\u00fc\u015f\u00fcnce fikri olarak kabul edilmedi\u011fini kaydetti.<\/p>\n<p style=\"text-align: justify;\">MHP Ankara Milletvekili \u00d6zcan Yeni\u00e7eri, ilkokul mezunlar\u0131na s\u00fcr\u00fcc\u00fc belgesi verilmemesinin, \u00f6nemli bir kesimi ma\u011fdur etti\u011fini s\u00f6yledi. S\u00fcr\u00fcc\u00fc belgesinde ilk\u00f6\u011fretim okulu mezunu olma \u015fart\u0131n\u0131n getirilmesinin, ilkokul mezunu olup da ilk\u00f6\u011fretimi bitirme f\u0131rsat\u0131 bulamayanlar i\u00e7in ciddi bir s\u0131k\u0131nt\u0131 olu\u015fturdu\u011funu anlatan Yeni\u00e7eri, yeni bir d\u00fczenleme ile bu ma\u011fduriyetin giderilmesi gerekti\u011fini belirtti.<\/p>\n<p style=\"text-align: justify;\">Yeni\u00e7eri, AB \u00fclkelerinde s\u00fcr\u00fcc\u00fc belgesi al\u0131m\u0131 ile ilgili e\u011fitim \u015fart\u0131 bulunmad\u0131\u011f\u0131n\u0131, \u00e7\u00fcnk\u00fc g\u00fcvenli ara\u00e7 kullan\u0131m\u0131n\u0131n beceri ve yetenekle ilgili oldu\u011funu s\u00f6yledi.<\/p>\n<p style=\"text-align: justify;\"><a href=\"http:\/\/www5.muhalifgazete.com\/34088-CHP-li-Pavey-kursuye-bu-tisortle-cikti.htm\" target=\"_blank\">Kaynak : Muhalif Gazete<\/a><\/p>\n","protected":false},"excerpt":{"rendered":"<p style=\"text-align: justify;\">\n<p style=\"text-align: justify;\">&#8216;Kalbim Sivas&#8217;ta yand\u0131&#8217;<\/p>\n<p style=\"text-align: justify;\">CHP\u2019li Pavey, k\u00fcrs\u00fcye \u201dKalbim Sivas\u2019ta yand\u0131\u201d yaz\u0131l\u0131 ti\u015f\u00f6rtle \u00e7\u0131kt\u0131<\/p>\n<p style=\"text-align: justify;\">CHP \u0130stanbul Milletvekili \u015eafak Pavey, TBMM Genel Kurulu\u2019nda, k\u00fcrs\u00fcye \u201dKalbim Sivas\u2019ta yand\u0131\u201d yaz\u0131l\u0131 ti\u015f\u00f6rtle \u00e7\u0131kt\u0131.<\/p>\n<p style=\"text-align: justify;\">Genel Kurul, Ba\u015fkanvekili Meral Ak\u015fener ba\u015fkanl\u0131\u011f\u0131nda topland\u0131. Ak\u015fener, g\u00fcndeme ge\u00e7meden \u00f6nce 3 milletvekiline g\u00fcndem d\u0131\u015f\u0131 s\u00f6z verdi. <\/p>\n","protected":false},"author":1,"featured_media":0,"comment_status":"open","ping_status":"open","sticky":false,"template":"","format":"standard","meta":{"footnotes":""},"categories":[105],"tags":[],"class_list":["post-49649","post","type-post","status-publish","format-standard","hentry","category-gundem","odd"],"_links":{"self":[{"href":"http:\/\/www.korhanyilmaz.com\/index.php?rest_route=\/wp\/v2\/posts\/49649","targetHints":{"allow":["GET"]}}],"collection":[{"href":"http:\/\/www.korhanyilmaz.com\/index.php?rest_route=\/wp\/v2\/posts"}],"about":[{"href":"http:\/\/www.korhanyilmaz.com\/index.php?rest_route=\/wp\/v2\/types\/post"}],"author":[{"embeddable":true,"href":"http:\/\/www.korhanyilmaz.com\/index.php?rest_route=\/wp\/v2\/users\/1"}],"replies":[{"embeddable":true,"href":"http:\/\/www.korhanyilmaz.com\/index.php?rest_route=%2Fwp%2Fv2%2Fcomments&post=49649"}],"version-history":[{"count":0,"href":"http:\/\/www.korhanyilmaz.com\/index.php?rest_route=\/wp\/v2\/posts\/49649\/revisions"}],"wp:attachment":[{"href":"http:\/\/www.korhanyilmaz.com\/index.php?rest_route=%2Fwp%2Fv2%2Fmedia&parent=49649"}],"wp:term":[{"taxonomy":"category","embeddable":true,"href":"http:\/\/www.korhanyilmaz.com\/index.php?rest_route=%2Fwp%2Fv2%2Fcategories&post=49649"},{"taxonomy":"post_tag","embeddable":true,"href":"http:\/\/www.korhanyilmaz.com\/index.php?rest_route=%2Fwp%2Fv2%2Ftags&post=49649"}],"curies":[{"name":"wp","href":"https:\/\/api.w.org\/{rel}","templated":true}]}}