{"id":49633,"date":"2012-03-21T08:48:35","date_gmt":"2012-03-21T06:48:35","guid":{"rendered":"http:\/\/www.korhanyilmaz.com\/?p=49633"},"modified":"2012-03-21T09:20:12","modified_gmt":"2012-03-21T07:20:12","slug":"pttnin-suc-girisimine-meb-engeli","status":"publish","type":"post","link":"http:\/\/www.korhanyilmaz.com\/?p=49633","title":{"rendered":"PTT&#8217;nin &#8216;su\u00e7&#8217; giri\u015fimine MEB engeli"},"content":{"rendered":"<p style=\"text-align: justify;\"><a href=\"http:\/\/www.korhanyilmaz.com\/wp-content\/uploads\/2012\/03\/A0034.jpg\"  class=\"lightview\"><img loading=\"lazy\" decoding=\"async\" class=\"aligncenter size-full wp-image-49634\" title=\"\" src=\"http:\/\/www.korhanyilmaz.com\/wp-content\/uploads\/2012\/03\/A0034.jpg\" alt=\"\" width=\"298\" height=\"194\" \/><\/a><\/p>\n<p style=\"text-align: justify;\">PTT&#8217;nin 3 milyon \u00f6\u011frencinin bilgilerini toplad\u0131\u011f\u0131, Milli E\u011fitim Bakanl\u0131\u011f\u0131&#8217;n\u0131n buna kar\u015f\u0131 \u00e7\u0131kt\u0131\u011f\u0131 belirtildi. Hukuk\u00e7ulara g\u00f6re PTT su\u00e7 i\u015fliyor.<\/p>\n<p style=\"text-align: justify;\">PTT\u2019nin, 2012\u2019de \u00d6SYM\u2019nin yapaca\u011f\u0131 YGS ve SBS gibi s\u0131navlarda yar\u0131\u015facak olan 3 milyonu a\u015fk\u0131n adaya ait kimlik bilgilerinin pe\u015fine d\u00fc\u015ft\u00fc\u011f\u00fc ortaya \u00e7\u0131kt\u0131.<\/p>\n<p style=\"text-align: justify;\">Hebert\u00fcrk&#8217;\u00fcn haberine g\u00f6re, PTT Genel M\u00fcd\u00fcrl\u00fc\u011f\u00fc, ocak ay\u0131nda resmi yaz\u0131yla t\u00fcm te\u015fkilat\u0131n\u0131 uyararak aday bilgilerini elde etmelerini istedi.\u00a0<!--more--><\/p>\n<p style=\"text-align: justify;\">\u00d6\u011frencilerin ad-soyad\u0131, do\u011fum tarihi, TC kimlik numaras\u0131, \u00f6\u011frenim g\u00f6rd\u00fckleri okullar ve adreslerine kadar, her t\u00fcrl\u00fc bilgilerinin Milli E\u011fitim M\u00fcd\u00fcrl\u00fckleriyle irtibata ge\u00e7ilerek temin edilmesini isteyen PTT\u2019nin resmi yaz\u0131\u015fmas\u0131nda ilgin\u00e7 bir \u00fcslupla \u201c2012 y\u0131l\u0131 \u00d6SYM\u2019ye ba\u015fvuran adaylar\u0131n bilgilerinin temin edilmesi y\u00f6n\u00fcnde her t\u00fcrl\u00fc giri\u015fimde bulunun\u201d ifadesi yer ald\u0131.<\/p>\n<p style=\"text-align: justify;\">Milli E\u011fitim M\u00fcd\u00fcrl\u00fcklerinin istenilen belgeleri g\u00f6ndermeye ba\u015flad\u0131\u011f\u0131 \u00f6\u011frenilirken, Milli E\u011fitim Bakanl\u0131\u011f\u0131, bu durumdan ancak Bal\u0131kesir Valili\u011fi\u2019nin resmi yaz\u0131yla durumu kendilerine sormas\u0131 \u00fczerine haberdar oldu.<\/p>\n<p style=\"text-align: justify;\">Bakanl\u0131k olaya el koydu ve &#8216;Bilgileri payla\u015fmay\u0131n&#8217; uyar\u0131s\u0131nda bulundu. MEB Bilgi \u0130\u015flem Grup Ba\u015fkan\u0131 Volkan Ak\u00e7ay, t\u00fcm e\u011fitim te\u015fkilat\u0131na yaz\u0131 g\u00f6ndererek, gizli olan bilgilerin PTT dahil hi\u00e7bir kuruma s\u0131zd\u0131r\u0131lmamas\u0131 i\u00e7in uyard\u0131.<\/p>\n<p style=\"text-align: justify;\">MEB\u2019in uyar\u0131s\u0131nda, \u201c\u0130statistiki bilgiler dahil her t\u00fcrl\u00fc verinin toplanmas\u0131, haz\u0131rlanmas\u0131 ve payla\u015f\u0131lmas\u0131, bakanl\u0131\u011f\u0131m\u0131z ad\u0131na Strateji Geli\u015ftirme Ba\u015fkanl\u0131\u011f\u0131 sorumlulu\u011fundad\u0131r. Bu bilgilerin PTT Genel M\u00fcd\u00fcrl\u00fc\u011f\u00fc dahil hi\u00e7bir ki\u015fi, kurum ya da kurulu\u015fla payla\u015f\u0131lmamas\u0131 gerekir\u201d denildi.<\/p>\n<p style=\"text-align: justify;\"><strong>&#8220;AMACIMIZ T\u0130CAR\u0130&#8221;<\/strong><\/p>\n<p style=\"text-align: justify;\">PTT Genel M\u00fcd\u00fcr\u00fc Osman Tural, \u00f6\u011frenci bilgilerini ticari olarak de\u011ferlendireceklerini belirterek \u015funlar\u0131 s\u00f6yledi: \u201cBiz o bilgileri temin edelim derken, \u2018Gidin Milli E\u011fitim Bakanl\u0131\u011f\u0131\u2019ndan al\u0131n\u2019 demedik. Kamu kurulu\u015fu oldu\u011fumuz i\u00e7in \u00d6SYM\u2019nin yapt\u0131\u011f\u0131 \u00fcniversite s\u0131nav\u0131na girecek \u00f6\u011frencilerle ilgili adres bank olu\u015fturmak istedik. Di\u011fer \u00fcniversiteler, dershaneler bu bilgilere ula\u015f\u0131yor. Biz de bunlar\u0131 de\u011fi\u015fik \u015fekillerde ticari olarak de\u011ferlendirebiliriz.\u201d<\/p>\n<p style=\"text-align: justify;\">Tural, gazetenin, \u201cTicari olarak nas\u0131l de\u011ferlendireceksiniz? \u00d6\u011frencilerin ki\u015fisel bilgilerini \u00fccret kar\u015f\u0131l\u0131\u011f\u0131 \u00fc\u00e7\u00fcnc\u00fc \u015fah\u0131slarla m\u0131 payla\u015facaks\u0131n\u0131z?\u201d sorusunu ise \u201cO da bizim bilece\u011fimiz bir i\u015f\u201d diye yan\u0131tlad\u0131.<\/p>\n<p style=\"text-align: justify;\"><strong>&#8220;HUKUKEN SU\u00c7&#8221;<\/strong><\/p>\n<p style=\"text-align: justify;\">\u0130stanbul \u00dcniversitesi Hukuk Fak\u00fcltesi \u00d6\u011fretim \u00dcyesi ve insan haklar\u0131 ve kamu hukuku uzman\u0131 Prof. Dr. Semih Gemalmaz \u201cBu bir su\u00e7tur. R\u0131za olmadan hi\u00e7 kimsenin ki\u015fisel bilgileri toplanamaz. Her t\u00fcrl\u00fc yolla bilgiyi toplama giri\u015fimi ise hem i\u00e7 hukuka hem de uluslararas\u0131 insan haklar\u0131 standartlar\u0131na ayk\u0131r\u0131d\u0131r\u201d dedi.<\/p>\n<p style=\"text-align: justify;\">Av. Ergin Cinmen de \u015funlar\u0131 s\u00f6yledi: \u201cKi\u015fisel bilgilerin, emanet edildi\u011fi kurumlar d\u0131\u015f\u0131ndaki ki\u015fi ya da kurumlara verilmesi su\u00e7 te\u015fkil eder. T\u00fcrk Ceza Kanunu\u2019nun 136. maddesi, \u2018Ki\u015fisel verileri hukuka ayk\u0131r\u0131 olarak bir ba\u015fkas\u0131na veren, yayan veya ele ge\u00e7iren ki\u015fi 1 y\u0131ldan 4 y\u0131la kadar hapis cezas\u0131yla cezaland\u0131r\u0131l\u0131r\u2019 diyor. 137. maddede ise ceza daha da a\u011f\u0131rla\u015ft\u0131r\u0131l\u0131yor. Bu su\u00e7un kamu g\u00f6revlisi taraf\u0131ndan i\u015flenmesi halinde, \u00fcst s\u0131n\u0131r 6 y\u0131la \u00e7\u0131kar\u0131l\u0131yor.&#8221;<\/p>\n<p style=\"text-align: justify;\"><a href=\"http:\/\/www.ntvmsnbc.com\/id\/25332383\" target=\"_blank\">Kaynak : NTVMSNBC<\/a><\/p>\n","protected":false},"excerpt":{"rendered":"<p style=\"text-align: justify;\">\n<p style=\"text-align: justify;\">PTT&#8217;nin 3 milyon \u00f6\u011frencinin bilgilerini toplad\u0131\u011f\u0131, Milli E\u011fitim Bakanl\u0131\u011f\u0131&#8217;n\u0131n buna kar\u015f\u0131 \u00e7\u0131kt\u0131\u011f\u0131 belirtildi. Hukuk\u00e7ulara g\u00f6re PTT su\u00e7 i\u015fliyor.<\/p>\n<p style=\"text-align: justify;\">PTT\u2019nin, 2012\u2019de \u00d6SYM\u2019nin yapaca\u011f\u0131 YGS ve SBS gibi s\u0131navlarda yar\u0131\u015facak olan 3 milyonu a\u015fk\u0131n adaya ait kimlik bilgilerinin pe\u015fine d\u00fc\u015ft\u00fc\u011f\u00fc ortaya \u00e7\u0131kt\u0131.<\/p>\n<p style=\"text-align: justify;\">Hebert\u00fcrk&#8217;\u00fcn haberine g\u00f6re, PTT Genel M\u00fcd\u00fcrl\u00fc\u011f\u00fc, <\/p>\n","protected":false},"author":1,"featured_media":0,"comment_status":"open","ping_status":"open","sticky":false,"template":"","format":"standard","meta":{"footnotes":""},"categories":[105],"tags":[],"class_list":["post-49633","post","type-post","status-publish","format-standard","hentry","category-gundem","odd"],"_links":{"self":[{"href":"http:\/\/www.korhanyilmaz.com\/index.php?rest_route=\/wp\/v2\/posts\/49633","targetHints":{"allow":["GET"]}}],"collection":[{"href":"http:\/\/www.korhanyilmaz.com\/index.php?rest_route=\/wp\/v2\/posts"}],"about":[{"href":"http:\/\/www.korhanyilmaz.com\/index.php?rest_route=\/wp\/v2\/types\/post"}],"author":[{"embeddable":true,"href":"http:\/\/www.korhanyilmaz.com\/index.php?rest_route=\/wp\/v2\/users\/1"}],"replies":[{"embeddable":true,"href":"http:\/\/www.korhanyilmaz.com\/index.php?rest_route=%2Fwp%2Fv2%2Fcomments&post=49633"}],"version-history":[{"count":0,"href":"http:\/\/www.korhanyilmaz.com\/index.php?rest_route=\/wp\/v2\/posts\/49633\/revisions"}],"wp:attachment":[{"href":"http:\/\/www.korhanyilmaz.com\/index.php?rest_route=%2Fwp%2Fv2%2Fmedia&parent=49633"}],"wp:term":[{"taxonomy":"category","embeddable":true,"href":"http:\/\/www.korhanyilmaz.com\/index.php?rest_route=%2Fwp%2Fv2%2Fcategories&post=49633"},{"taxonomy":"post_tag","embeddable":true,"href":"http:\/\/www.korhanyilmaz.com\/index.php?rest_route=%2Fwp%2Fv2%2Ftags&post=49633"}],"curies":[{"name":"wp","href":"https:\/\/api.w.org\/{rel}","templated":true}]}}