{"id":49629,"date":"2012-03-20T12:25:54","date_gmt":"2012-03-20T10:25:54","guid":{"rendered":"http:\/\/www.korhanyilmaz.com\/?p=49629"},"modified":"2012-03-21T00:59:58","modified_gmt":"2012-03-20T22:59:58","slug":"aihm-ozel-yetkiye-karsi-degil","status":"publish","type":"post","link":"http:\/\/www.korhanyilmaz.com\/?p=49629","title":{"rendered":"&#8216;A\u0130HM \u00f6zel yetkiye kar\u015f\u0131 de\u011fil&#8217;"},"content":{"rendered":"<p style=\"text-align: center;\"><a href=\"http:\/\/www.korhanyilmaz.com\/wp-content\/uploads\/2012\/03\/A0033.jpg\"  class=\"lightview\"><img loading=\"lazy\" decoding=\"async\" class=\"aligncenter  wp-image-49630\" src=\"http:\/\/www.korhanyilmaz.com\/wp-content\/uploads\/2012\/03\/A0033.jpg\" alt=\"\" width=\"333\" height=\"191\" \/><\/a><\/p>\n<p style=\"text-align: justify;\">A\u0130HM&#8217;nin T\u00fcrk yarg\u0131c\u0131 I\u015f\u0131l Karaka\u015f, &#8220;A\u0130HM a\u00e7\u0131s\u0131ndan \u00f6zel yetkili mahkemelerin kald\u0131r\u0131lmas\u0131n\u0131 gerektiren bir durum yok. Bu mahkemeler ter\u00f6r su\u00e7lar\u0131na bakabilir. Fransa&#8217;da da benzer mahkemeler var&#8221; dedi.<\/p>\n<p style=\"text-align: justify;\">\u0130STANBUL &#8211; Avrupa \u0130nsan Haklar\u0131 Mahkemesi&#8217;nin (A\u0130HM) T\u00fcrk yarg\u0131c\u0131 I\u015f\u0131l Karaka\u015f, Ergenekon ve Balyoz davalar\u0131n\u0131n T\u00fcrkiye&#8217;deki demokratikle\u015fme s\u00fcrecine katk\u0131s\u0131n\u0131n b\u00fcy\u00fck oldu\u011funu s\u00f6yledi. Devam eden davalar\u0131n &#8216;herkesin adalet \u00f6n\u00fcnde e\u015fit oldu\u011fu&#8217; fikrini g\u00fc\u00e7lendirdi\u011fine dikkat \u00e7ekti.\u00a0<!--more--><\/p>\n<p style=\"text-align: justify;\">Karaka\u015f, A\u0130HM&#8217;nin \u00f6zel yetkili mahkemelerin kald\u0131r\u0131lmas\u0131 y\u00f6n\u00fcnde bir beklentisinin olmad\u0131\u011f\u0131n\u0131 vurgulad\u0131. Tuncay \u00d6zkan&#8217;\u0131n tutukluluk karar\u0131n\u0131n A\u0130HM&#8217;de &#8216;yasal&#8217; bulundu\u011funu hat\u0131rlatan Karaka\u015f, Avrupa Parlamentosu&#8217;nun T\u00fcrkiye taslak raporunda Ergenekon davas\u0131yla ilgili kulland\u0131\u011f\u0131 &#8216;tutars\u0131z deliller&#8217; ifadesini ise ele\u015ftirdi. &#8220;Bunun bir anlam\u0131 yoktur. Siyas\u00ee m\u00fclahazad\u0131r.&#8221; dedi. Ergenekon davas\u0131na bakan mahkemenin en k\u0131sa s\u00fcrede karar vermesi gerekti\u011fine i\u015faret eden Karaka\u015f, aksi halde T\u00fcrkiye&#8217;nin, uzun yarg\u0131lama sebebiyle A\u0130HM&#8217;de mahk\u00fbm olabilece\u011fi uyar\u0131s\u0131nda bulundu. 301. maddenin kald\u0131r\u0131lmas\u0131n\u0131n gereklili\u011fine de\u011finen Karaka\u015f&#8217;a g\u00f6re, reformlar\u0131n kal\u0131c\u0131 olmas\u0131 i\u00e7in yeni bir anayasa \u015fart.<\/p>\n<p style=\"text-align: justify;\">Zaman gazetesine konu\u015fan A\u0130HM yarg\u0131c\u0131 I\u015f\u0131l Karaka\u015f, Ergenekon ve Balyoz davalar\u0131n\u0131n T\u00fcrkiye&#8217;nin demokratikle\u015fme s\u00fcrecinde \u00e7ok \u00f6nemli oldu\u011funu kaydetti. Karaka\u015f, &#8220;Bu davalar, baz\u0131 \u00fcst d\u00fczey kamu g\u00f6revlilerinin s\u0131radan vatanda\u015flar gibi yarg\u0131 \u00f6n\u00fcnde e\u015fit oldu\u011fu fikrini g\u00fc\u00e7lendirdi. Genelkurmay ba\u015fkan\u0131 da olsa e\u011fer bir su\u00e7 \u015f\u00fcphesi varsa tutuklanabilir.&#8221; dedi. Ergenekon davas\u0131nda mahkemenin en k\u0131sa s\u00fcrede karar vermesi gerekti\u011fini anlatt\u0131. Davan\u0131n uzamas\u0131 halinde T\u00fcrkiye&#8217;nin A\u0130HM&#8217;de uzun yarg\u0131lama s\u00fcresi nedeniyle mahkum olabilece\u011fini s\u00f6yledi.<\/p>\n<p style=\"text-align: justify;\">Avrupa Parlamentosu&#8217;nun 2012 T\u00fcrkiye raporu tasla\u011f\u0131nda Ergenekon davas\u0131nda san\u0131klar aleyhinde &#8216;tutars\u0131z delil iddialar\u0131ndan endi\u015fe edildi\u011fi&#8217; ifadesinin yer ald\u0131\u011f\u0131 sorulan Karaka\u015f, &#8220;Avrupa Parlamentosu&#8217;nun &#8216;tutars\u0131z delil iddialar\u0131n\u0131&#8217; g\u00fcndeme getirmesinin bir anlam\u0131 yok. Siyasi bir m\u00fclahazad\u0131r. A\u0130HM, Ergenekon davas\u0131nda yarg\u0131lanan Tuncay \u00d6zkan ve Levent Bekta\u015f&#8217;\u0131n tutukluluklar\u0131 i\u00e7in elde yeterli delil oldu\u011funa karar vermi\u015ftir.&#8221; dedi. AP D\u0131\u015f \u0130li\u015fkiler Komisyonu&#8217;nda kabul edilen taslak metinde, &#8216;Ergenekon ve Balyoz san\u0131klar aleyhine tutars\u0131z deliller kullan\u0131ld\u0131\u011f\u0131na ili\u015fkin iddialardan endi\u015fe duyuldu\u011fu&#8217; belirtilmi\u015fti. I\u015f\u0131l Karaka\u015f, \u00f6zel yetkili mahkemelerin kald\u0131r\u0131lmas\u0131na ili\u015fkin tart\u0131\u015fmalar\u0131 da de\u011ferlendirdi. \u015eu ifadeleri kulland\u0131: &#8220;A\u0130HM a\u00e7\u0131s\u0131ndan \u00f6zel yetkili mahkemelerin kald\u0131r\u0131lmas\u0131n\u0131 gerektiren bir durum yok. Bu mahkemeler ter\u00f6r su\u00e7lar\u0131na bakabilir. Fransa&#8217;da da benzer mahkemeler var. Adil yarg\u0131lama hakk\u0131 \u00e7i\u011fnenmedi\u011fi s\u00fcrece A\u0130HM a\u00e7\u0131s\u0131ndan mahzuru yok.&#8221;<\/p>\n<p style=\"text-align: justify;\"><strong>301. MADDE TAMAMEN KALDIRLMALI<\/strong><\/p>\n<p style=\"text-align: justify;\">Karaka\u015f, A\u0130HM&#8217;nin T\u00fcrk Ceza Kanunu&#8217;nun 301. maddesini ifade \u00f6zg\u00fcrl\u00fc\u011f\u00fcne ayk\u0131r\u0131 buldu\u011funu hat\u0131rlatt\u0131. Karaka\u015f, &#8220;Bu maddenin tamamen kald\u0131r\u0131lmas\u0131 laz\u0131m. T\u00fcrkl\u00fc\u011fe ve T\u00fcrk milletine hakaret \u00e7ok mu\u011flak ifadeler.&#8221; \u015feklinde konu\u015ftu. 301. maddeyle ilgili yarg\u0131lamalar\u0131n Adalet Bakanl\u0131\u011f\u0131&#8217;n\u0131n izniyle yap\u0131lmas\u0131n\u0131 da ele\u015ftirdi: &#8220;\u0130ktidar ge\u00e7ici \u00e7\u00f6z\u00fcmler \u00fcretiyor. Bug\u00fcn Adalet Bakanl\u0131\u011f\u0131&#8217;nda insan haklar\u0131na \u00f6nem veren bir irade var. Mesela, 301 davalar\u0131 bakanl\u0131k izni olmad\u0131\u011f\u0131 i\u00e7in 2008&#8217;den beri \u00e7ok azald\u0131. Ancak, yar\u0131n ba\u015fka bir siyasi anlay\u0131\u015f gelirse i\u015fler yine de\u011fi\u015fir.&#8221;<\/p>\n<p style=\"text-align: justify;\">Sivas davas\u0131nda ya\u015fanan zamana\u015f\u0131m\u0131 konusuna da de\u011finerek, &#8220;Devletin bu kadar vahim bir davada zamana\u015f\u0131m\u0131na u\u011fratmadan yarg\u0131lamay\u0131 tamamlamas\u0131 gerekirdi.&#8221; dedi.<\/p>\n<p style=\"text-align: justify;\"><strong>KALICI DE\u011e\u0130\u015e\u0130M \u0130\u00c7\u0130N YEN\u0130 ANAYASA \u015eART<\/strong><\/p>\n<p style=\"text-align: justify;\">T\u00fcrkiye&#8217;nin kal\u0131c\u0131 de\u011fi\u015fim i\u00e7in yeni bir anayasaya ihtiya\u00e7 duydu\u011funu belirten A\u0130HM&#8217;nin T\u00fcrk yarg\u0131c\u0131 I\u015f\u0131l Karaka\u015f, &#8220;Yeni anayasada temel hak ve \u00f6zg\u00fcrl\u00fckler alan\u0131nda Avrupa \u0130nsan Haklar\u0131 S\u00f6zle\u015fmesi ve A\u0130HM i\u00e7tihatlar\u0131 neyse aynen tatbik edilmeli.&#8221; dedi. Anadilde e\u011fitim hakk\u0131n\u0131 da savunan Karaka\u015f, &#8220;Abant Platformu&#8217;nun yeni anayasayla ilgili toplant\u0131s\u0131n\u0131 b\u00fcy\u00fck bir ilgiyle izledim. Sonu\u00e7 bildirgesine tamamen kat\u0131l\u0131yorum.&#8221; ifadelerini kulland\u0131. AK Parti h\u00fck\u00fcmetinin insan haklar\u0131 sorunlar\u0131n\u0131 \u00e7\u00f6zmek i\u00e7in g\u00fc\u00e7l\u00fc bir irade g\u00f6sterdi\u011fini kaydeden Karaka\u015f, &#8220;Son 4 y\u0131lda A\u0130HM ile y\u00fcksek yarg\u0131 organlar\u0131 ve Adalet Bakanl\u0131\u011f\u0131 aras\u0131nda \u00e7ok g\u00fc\u00e7l\u00fc bir i\u015fbirli\u011fi var.&#8221; dedi.<\/p>\n<p style=\"text-align: justify;\"><strong>HAK\u0130MLER, A\u0130HM&#8217;YE G\u00d6ZLER\u0130N\u0130 KAPATIYOR<\/strong><\/p>\n<p style=\"text-align: justify;\">Ba\u015fbakan Recep Tayyip Erdo\u011fan&#8217;\u0131n &#8220;T\u00fcrkiye&#8217;ye &#8216;\u00f6zg\u00fc ko\u015fullar&#8217; anlay\u0131\u015f\u0131n\u0131 unutmam\u0131z laz\u0131m.&#8221; ifadesinin \u00f6nemine dikkat \u00e7eken I\u015f\u0131l Karaka\u015f, &#8220;Ancak yarg\u0131da da zihniyetin de\u011fi\u015fmesi laz\u0131m. 2004&#8217;te Anayasa&#8217;ya 90. madde eklendi. Ancak hakimler 20 y\u0131l \u00f6nce okulda ne \u00f6\u011frendiyse onu uygulamaya devam ediyor. A\u0130HM kararlar\u0131na g\u00f6zlerini kapat\u0131yorlar.&#8221; dedi. TMK, CMK ve TCK kanunlar\u0131nda beklenen reform paketini de de\u011ferlendiren Karaka\u015f, mevcut TMK&#8217;n\u0131n bas\u0131n \u00f6zg\u00fcrl\u00fc\u011f\u00fcn\u00fc tehdit etti\u011fini s\u00f6yledi. TMK&#8217;n\u0131n 6. maddesinin 2. ve 5. f\u0131kralar\u0131, 7. maddenin 2. f\u0131kras\u0131n\u0131n A\u0130HM&#8217;de bir\u00e7ok kez mahk\u00fbm oldu\u011funa dikkat \u00e7ekti.<\/p>\n<p style=\"text-align: justify;\"><a href=\"http:\/\/www.ntvmsnbc.com\/id\/25332094\/\" target=\"_blank\">Kaynak : NTVMSNBC<\/a><\/p>\n","protected":false},"excerpt":{"rendered":"<p style=\"text-align: center;\">\n<p style=\"text-align: justify;\">A\u0130HM&#8217;nin T\u00fcrk yarg\u0131c\u0131 I\u015f\u0131l Karaka\u015f, &#8220;A\u0130HM a\u00e7\u0131s\u0131ndan \u00f6zel yetkili mahkemelerin kald\u0131r\u0131lmas\u0131n\u0131 gerektiren bir durum yok. Bu mahkemeler ter\u00f6r su\u00e7lar\u0131na bakabilir. Fransa&#8217;da da benzer mahkemeler var&#8221; dedi.<\/p>\n<p style=\"text-align: justify;\">\u0130STANBUL &#8211; Avrupa \u0130nsan Haklar\u0131 Mahkemesi&#8217;nin (A\u0130HM) T\u00fcrk yarg\u0131c\u0131 I\u015f\u0131l Karaka\u015f, Ergenekon ve Balyoz davalar\u0131n\u0131n T\u00fcrkiye&#8217;deki demokratikle\u015fme s\u00fcrecine katk\u0131s\u0131n\u0131n b\u00fcy\u00fck oldu\u011funu s\u00f6yledi. <\/p>\n","protected":false},"author":1,"featured_media":0,"comment_status":"open","ping_status":"open","sticky":false,"template":"","format":"standard","meta":{"footnotes":""},"categories":[105],"tags":[243],"class_list":["post-49629","post","type-post","status-publish","format-standard","hentry","category-gundem","tag-prof-dr-isil-karakas","odd"],"_links":{"self":[{"href":"http:\/\/www.korhanyilmaz.com\/index.php?rest_route=\/wp\/v2\/posts\/49629","targetHints":{"allow":["GET"]}}],"collection":[{"href":"http:\/\/www.korhanyilmaz.com\/index.php?rest_route=\/wp\/v2\/posts"}],"about":[{"href":"http:\/\/www.korhanyilmaz.com\/index.php?rest_route=\/wp\/v2\/types\/post"}],"author":[{"embeddable":true,"href":"http:\/\/www.korhanyilmaz.com\/index.php?rest_route=\/wp\/v2\/users\/1"}],"replies":[{"embeddable":true,"href":"http:\/\/www.korhanyilmaz.com\/index.php?rest_route=%2Fwp%2Fv2%2Fcomments&post=49629"}],"version-history":[{"count":0,"href":"http:\/\/www.korhanyilmaz.com\/index.php?rest_route=\/wp\/v2\/posts\/49629\/revisions"}],"wp:attachment":[{"href":"http:\/\/www.korhanyilmaz.com\/index.php?rest_route=%2Fwp%2Fv2%2Fmedia&parent=49629"}],"wp:term":[{"taxonomy":"category","embeddable":true,"href":"http:\/\/www.korhanyilmaz.com\/index.php?rest_route=%2Fwp%2Fv2%2Fcategories&post=49629"},{"taxonomy":"post_tag","embeddable":true,"href":"http:\/\/www.korhanyilmaz.com\/index.php?rest_route=%2Fwp%2Fv2%2Ftags&post=49629"}],"curies":[{"name":"wp","href":"https:\/\/api.w.org\/{rel}","templated":true}]}}