{"id":49617,"date":"2011-11-29T13:50:37","date_gmt":"2011-11-29T11:50:37","guid":{"rendered":"http:\/\/www.korhanyilmaz.com\/?p=49617"},"modified":"2012-03-20T21:26:16","modified_gmt":"2012-03-20T19:26:16","slug":"o-karikaturu-al-musait","status":"publish","type":"post","link":"http:\/\/www.korhanyilmaz.com\/?p=49617","title":{"rendered":"&#8216;O karikat\u00fcr\u00fc al m\u00fcsait&#8230;&#8217;"},"content":{"rendered":"<p style=\"text-align: center;\"><a href=\"http:\/\/www.korhanyilmaz.com\/wp-content\/uploads\/2012\/03\/A0030.jpg\"  class=\"lightview\"><img loading=\"lazy\" decoding=\"async\" class=\"aligncenter  wp-image-49618\" src=\"http:\/\/www.korhanyilmaz.com\/wp-content\/uploads\/2012\/03\/A0030.jpg\" alt=\"\" width=\"315\" height=\"252\" \/><\/a><\/p>\n<p style=\"text-align: justify;\">Ba\u011f\u0131\u015f ile Hollandal\u0131 a\u015f\u0131r\u0131 sa\u011fc\u0131 parlamenter Barry Madlener aras\u0131nda karikat\u00fcr krizi ya\u015fand\u0131<\/p>\n<p style=\"text-align: justify;\">Avrupa Parlamentosu&#8217;nun evsahipli\u011finde AB Bakan\u0131 ve Ba\u015fm\u00fczakereci Egemen Ba\u011f\u0131\u015f ve AB Geni\u015fleme Komiseri Stefan F\u00fcle&#8217;nin de kat\u0131l\u0131m\u0131yla ger\u00e7ekle\u015ftirilen 67&#8217;inci T\u00fcrkiye-AB Karma Parlamento Komisyonu (KPK) toplant\u0131s\u0131nda gerginlik \u00e7\u0131kt\u0131.\u00a0<!--more--><\/p>\n<p style=\"text-align: justify;\"><a href=\"http:\/\/www.korhanyilmaz.com\/wp-content\/uploads\/2011\/11\/A0032.jpg\"  class=\"lightview\"><img loading=\"lazy\" decoding=\"async\" class=\"alignleft  wp-image-49627\" style=\"margin-left: 10px; margin-right: 10px;\" src=\"http:\/\/www.korhanyilmaz.com\/wp-content\/uploads\/2011\/11\/A0032.jpg\" alt=\"\" width=\"288\" height=\"197\" \/><\/a>Oturumda s\u00f6z alan Hollandal\u0131 a\u015f\u0131r\u0131 sa\u011fc\u0131 milletvekili Barry Madlener, &#8216;T\u00fcrkiye gibi bir \u00fclke AB&#8217;ye ait de\u011fildir. \u00c7\u00fcnk\u00fc geri kalm\u0131\u015f \u0130slami bir ideolojisi vard\u0131r ve bu Avrupa&#8217;ya ait bir durum de\u011fildir. \u0130slam ve \u00f6zg\u00fcrl\u00fck birarada yer alan iki kavram olamaz&#8217; dedi.<\/p>\n<p style=\"text-align: justify;\">T\u00fcrkiye&#8217;de bas\u0131n\u0131n ve internetin k\u0131s\u0131tland\u0131\u011f\u0131n\u0131, kad\u0131nlara ve e\u015fcinsellere \u015fiddet olaylar\u0131n\u0131n gittik\u00e7e artt\u0131\u011f\u0131n\u0131 savunan Madlener, &#8216;Hatta T\u00fcrkiye&#8217;deki karikat\u00fcristler dahi mahkemeye \u00e7\u0131kar\u0131lmaktan korkar hale geldiler. Bu b\u00fcy\u00fck bir skandald\u0131r&#8217; dedi.<\/p>\n<p style=\"text-align: justify;\">Daha sonra \u00e7er\u00e7eveletti\u011fi, Bahad\u0131r Baruter&#8217;e ait, yarg\u0131lanan karikat\u00fcr\u00fc havaya kald\u0131ran ve Ba\u011f\u0131\u015f&#8217;a hediye etmek istedi\u011fini s\u00f6yleyen Madlener, s\u0131ras\u0131ndan kalkarak k\u00fcrs\u00fcye y\u00f6neldi.<\/p>\n<p style=\"text-align: justify;\">KPK E\u015fba\u015fkan\u0131 Afif Demirk\u0131ran, yan\u0131ndan ge\u00e7erken m\u00fcdahale etti\u011fi Madlener&#8217;in elinden karikat\u00fcr\u00fc almaya \u00e7al\u0131\u015f\u0131rken yere d\u00fc\u015f\u00fcrd\u00fc.<\/p>\n<p style=\"text-align: justify;\">Bu s\u0131rada Bakan Egemen Ba\u011f\u0131\u015f&#8217;\u0131n &#8216;B\u0131rak\u0131n gelsin, (karikat\u00fcr\u00fcn\u00fc) almay\u0131n&#8217; dedi\u011fi duyuldu. Ba\u011f\u0131\u015f, Madlener&#8217;e \u0130ngilizce olarak &#8221; Al onu m\u00fcsait bir yere&#8221; koy diye seslendi.<\/p>\n<p style=\"text-align: justify;\">Avrupa kanad\u0131ndan KPK E\u015fba\u015fkan\u0131 Helene Flautre, &#8216;\u00c7ok te\u015fekk\u00fcr ederiz Say\u0131n Madlener, Medyatik giri\u015fimlerinizi daha \u00f6nce de g\u00f6rd\u00fck. Siz bizi ki\u015fisel propagandan\u0131z i\u00e7in kullan\u0131yorsunuz. As\u0131l bu bir skandald\u0131r&#8217; dedi.<\/p>\n<p style=\"text-align: justify;\">T\u00fcrk kanad\u0131ndan KPK E\u015fba\u015fkan\u0131 Afif Demirk\u0131ran ise &#8216;Baz\u0131 arkada\u015flar bu platformu sadece ve sadece provakasyon yapmak i\u00e7in kullan\u0131yor. Bu bir Avrupa parlamenterine yak\u0131\u015fmaz. Bak\u0131n bu ki\u015fi d\u00fcn toplant\u0131ya geldi, \u00e7ok \u00f6nemli bir konu konu\u015fulmas\u0131na ra\u011fmen ho\u015funa gitmedi\u011fi i\u00e7in geri gitti ve arkada\u015flar\u0131m\u0131zdan bir tanesine &#8216;Ben yar\u0131n gelece\u011fim ve Say\u0131n Ba\u011f\u0131\u015f&#8217;la kavga edece\u011fim&#8217; demi\u015f. Buras\u0131 bir kavga yeri de\u011fil \u00e7\u00f6z\u00fcm yeridir&#8217; \u015feklinde konu\u015ftu.<\/p>\n<p style=\"text-align: justify;\"><strong>\u00a0\u2018GELS\u0130N C\u00dcSSES\u0130 YETMEZ\u2019\u00a0<\/strong><\/p>\n<p style=\"text-align: justify;\">Bakan Ba\u011f\u0131\u015f, Madlener&#8217;in kavga etmek istedi\u011fini duyunca &#8216;Gelsin, onun c\u00fcssesi yetmez&#8217; diye m\u00fcdahalede bulundu.<\/p>\n<p style=\"text-align: justify;\">Ba\u011f\u0131\u015f, daha sonraki konu\u015fmas\u0131nda &#8216;Malesef Avrupa&#8217;da \u0131rk\u00e7\u0131l\u0131k hastal\u0131\u011f\u0131ndan muzdarip olanlar var. Onlar\u0131 Mevlana&#8217;n\u0131n &#8216;gel, ne olursan ol yine gel&#8217; anlay\u0131\u015f\u0131yla, Yunus Emre&#8217;nin &#8216;yarad\u0131lan\u0131 yaradandan \u00f6t\u00fcr\u00fc severiz anlay\u0131\u015f\u0131yla&#8217; tedavi etmeye haz\u0131r oldu\u011fumu burada vurgulamak istiyorum&#8217; dedi.<\/p>\n<p style=\"text-align: justify;\"><a href=\"http:\/\/haber.gazetevatan.com\/o-karikaturu-al-musait\/414199\/9\/Haber\" target=\"_blank\">Kaynak : VATAN Gazetesi<\/a><\/p>\n","protected":false},"excerpt":{"rendered":"<p style=\"text-align: center;\">\n<p style=\"text-align: justify;\">Ba\u011f\u0131\u015f ile Hollandal\u0131 a\u015f\u0131r\u0131 sa\u011fc\u0131 parlamenter Barry Madlener aras\u0131nda karikat\u00fcr krizi ya\u015fand\u0131<\/p>\n<p style=\"text-align: justify;\">Avrupa Parlamentosu&#8217;nun evsahipli\u011finde AB Bakan\u0131 ve Ba\u015fm\u00fczakereci Egemen Ba\u011f\u0131\u015f ve AB Geni\u015fleme Komiseri Stefan F\u00fcle&#8217;nin de kat\u0131l\u0131m\u0131yla ger\u00e7ekle\u015ftirilen 67&#8217;inci T\u00fcrkiye-AB Karma Parlamento Komisyonu (KPK) toplant\u0131s\u0131nda gerginlik \u00e7\u0131kt\u0131. <\/p>\n","protected":false},"author":1,"featured_media":0,"comment_status":"open","ping_status":"open","sticky":false,"template":"","format":"standard","meta":{"footnotes":""},"categories":[105],"tags":[],"class_list":["post-49617","post","type-post","status-publish","format-standard","hentry","category-gundem","odd"],"_links":{"self":[{"href":"http:\/\/www.korhanyilmaz.com\/index.php?rest_route=\/wp\/v2\/posts\/49617","targetHints":{"allow":["GET"]}}],"collection":[{"href":"http:\/\/www.korhanyilmaz.com\/index.php?rest_route=\/wp\/v2\/posts"}],"about":[{"href":"http:\/\/www.korhanyilmaz.com\/index.php?rest_route=\/wp\/v2\/types\/post"}],"author":[{"embeddable":true,"href":"http:\/\/www.korhanyilmaz.com\/index.php?rest_route=\/wp\/v2\/users\/1"}],"replies":[{"embeddable":true,"href":"http:\/\/www.korhanyilmaz.com\/index.php?rest_route=%2Fwp%2Fv2%2Fcomments&post=49617"}],"version-history":[{"count":0,"href":"http:\/\/www.korhanyilmaz.com\/index.php?rest_route=\/wp\/v2\/posts\/49617\/revisions"}],"wp:attachment":[{"href":"http:\/\/www.korhanyilmaz.com\/index.php?rest_route=%2Fwp%2Fv2%2Fmedia&parent=49617"}],"wp:term":[{"taxonomy":"category","embeddable":true,"href":"http:\/\/www.korhanyilmaz.com\/index.php?rest_route=%2Fwp%2Fv2%2Fcategories&post=49617"},{"taxonomy":"post_tag","embeddable":true,"href":"http:\/\/www.korhanyilmaz.com\/index.php?rest_route=%2Fwp%2Fv2%2Ftags&post=49617"}],"curies":[{"name":"wp","href":"https:\/\/api.w.org\/{rel}","templated":true}]}}