{"id":49613,"date":"2012-03-20T16:56:43","date_gmt":"2012-03-20T14:56:43","guid":{"rendered":"http:\/\/www.korhanyilmaz.com\/?p=49613"},"modified":"2012-03-20T21:17:16","modified_gmt":"2012-03-20T19:17:16","slug":"turkiyenin-sonu-seriat","status":"publish","type":"post","link":"http:\/\/www.korhanyilmaz.com\/?p=49613","title":{"rendered":"T\u00fcrkiye&#8217;nin sonu \u015feriat!"},"content":{"rendered":"<p style=\"text-align: center;\"><a href=\"http:\/\/www.korhanyilmaz.com\/wp-content\/uploads\/2012\/03\/A0028.jpg\"  class=\"lightview\"><img loading=\"lazy\" decoding=\"async\" class=\"aligncenter  wp-image-49614\" src=\"http:\/\/www.korhanyilmaz.com\/wp-content\/uploads\/2012\/03\/A0028.jpg\" alt=\"\" width=\"420\" height=\"210\" \/><\/a><\/p>\n<p style=\"text-align: justify;\">T\u00fcrkiye&#8217;nin AB \u00fcyesi olmas\u0131n\u0131n tam bir hayal oldu\u011funu savunan Hollandal\u0131 sa\u011fc\u0131 parlamenter, \u0130slam&#8217;la demokrasinin birarada y\u00fcr\u00fcmeyece\u011fini savundu..<\/p>\n<p style=\"text-align: justify;\">Hollanda&#8217;daki a\u015f\u0131r\u0131 sa\u011fc\u0131 Wilders \u00d6zg\u00fcrl\u00fckler Partisi\u2019nden Avrupa Parlamentosu \u00fcyesi Barry Madlener, ABHaber\u2019e T\u00fcrkiye-AB ili\u015fkilerini de\u011ferlendirdi.<\/p>\n<p style=\"text-align: justify;\">T\u00fcrkiye AB Karma Parlamento Komisyonu KPK \u00fcyesi de olan Maldener,T\u00fcrkiye\u2019nin AB \u00fcyesi olmas\u0131n\u0131n tam bir hayal oldu\u011funu,bu hayali de T\u00fcrklerin ger\u00e7ek g\u00f6r\u00fcp kand\u0131\u011f\u0131n\u0131 kaydetti.<!--more--><\/p>\n<p style=\"text-align: justify;\"><strong>BA\u011eI\u015e BANA LAF YET\u0130\u015eT\u0130RECE\u011e\u0130NE..\u00a0<\/strong><\/p>\n<p style=\"text-align: justify;\">Maldener \u015funlar\u0131 s\u00f6yledi:<\/p>\n<p style=\"text-align: justify;\">Bak\u0131n bug\u00fcne kadar 68 toplant\u0131 yap\u0131lm\u0131\u015f. T\u00fcrkiye hala AB \u00fcyesi de\u011fil. Daha 100 toplant\u0131 yap\u0131l\u0131r. T\u00fcrkiye gene \u00fcye olamaz. T\u00fcrkiye AB \u00fcyesi olamayacak. AB Bakan\u0131 Ba\u011f\u0131\u015f ger\u00e7ekleri s\u00f6ylemiyor. Ba\u011f\u0131\u015f bana konu\u015fmas\u0131n. Ba\u011f\u0131\u015f karikat\u00fcr \u00e7izdi\u011fi i\u00e7in adli s\u00fcrece tabi tutulan karikat\u00fcrc\u00fclerden bahsetsin. Ba\u011f\u0131\u015f gazetecilerin d\u00fc\u015f\u00fcncelerinden,insanlar\u0131n kitap yazd\u0131klar\u0131 i\u00e7in ni\u00e7in hapise at\u0131ld\u0131klar\u0131n\u0131 anlats\u0131n. Ba\u011f\u0131\u015f bunlar\u0131 anlats\u0131n. Bana cevap yeti\u015ftirmesine gerek yok. Ba\u011f\u0131\u015f \u015fov yapmas\u0131n. Avrupa Komisyonu\u2019nun pozitif ajandas\u0131ndan bahsediyor.<\/p>\n<p style=\"text-align: justify;\">Bunlar\u0131n da hepsi hayal \u00fcr\u00fcn\u00fc. Tek ger\u00e7ek T\u00fcrkiye\u2019nin AB \u00fcyesi olamayaca\u011f\u0131d\u0131r.\u2019\u2019<\/p>\n<p style=\"text-align: justify;\">AB \u00fcyesi \u00fclkelerin kapal\u0131 kap\u0131lar arad\u0131nda farkl\u0131 kamuoyu \u00f6n\u00fcnde farkl\u0131 T\u00fcrkiye politikas\u0131 izlediklerini hat\u0131rlatan Maldener, &#8220;AB \u00fcyeleri kendi \u00e7\u0131karlar\u0131 i\u00e7in kamuoyu \u00f6n\u00fcnde T\u00fcrkiye\u2019nin \u00fcyeli\u011fini destekliyor. Kapal\u0131 kap\u0131lar ard\u0131nda ise T\u00fcrkiye\u2019nin AB \u00fcyeli\u011fine kar\u015f\u0131lar. Ni\u00e7in T\u00fcrkiye\u2019nin AB \u00fcyeli\u011fine do\u011frudan kar\u015f\u0131 \u00e7\u0131ks\u0131nlar. Ticari \u00e7\u0131karlar\u0131 var. Tam bir hipokriSi. Ni\u00e7in T\u00fcrkiye bug\u00fcne kadar \u00fcye olamad\u0131. Her \u015fey ortada&#8221; dedi.<\/p>\n<p style=\"text-align: justify;\">Almanya ve Fransa\u2019n\u0131n T\u00fcrkiye\u2019nin AB \u00fcyeli\u011fine kar\u015f\u0131 olduklar\u0131n\u0131 ancak kendi \u00e7\u0131karlar\u0131 do\u011frultusunda T\u00fcrkiye\u2019nin AB \u00fcyeli\u011fini kulland\u0131klar\u0131n\u0131n alt\u0131n\u0131 \u00e7izen Maldener,<\/p>\n<p style=\"text-align: justify;\">&#8216;Amanya ve Fransa T\u00fcrkiye\u2019nin AB \u00fcyeli\u011fi s\u00fcrecini kendi \u00e7\u0131karlar\u0131 do\u011frultusunda y\u00f6nlendirdi bug\u00fcne kadar. Ger\u00e7ek bu&#8217; diye konu\u015ftu.<\/p>\n<p style=\"text-align: justify;\"><strong>\u0130SLAM&#8217;LA DEMOKRAS\u0130 \u0130MKANSIZ!\u00a0<\/strong><\/p>\n<p style=\"text-align: justify;\">Demokrasi, k\u00fclt\u00fcr ve din farkl\u0131\u011f\u0131 y\u00fcz\u00fcnden T\u00fcrkiye\u2019nin AB \u00fcyeli\u011fine kar\u015f\u0131 \u00e7\u0131k\u0131ld\u0131\u011f\u0131n\u0131n bir kez daha alt\u0131n\u0131 \u00e7izen Barry Maldener daha sonra \u015funlar\u0131 kaydetti:<\/p>\n<p style=\"text-align: justify;\">T\u00fcrkiye Gazze\u2019deki ter\u00f6ristleri destekliyor. T\u00fcrkiye \u0130ran Devlet Ba\u015fkan\u0131 Mahmud Ahmedinejad&#8217;\u0131n en yak\u0131n dostu. T\u00fcrkiye bu \u015fartlar alt\u0131nda Avrupa ile sa\u011fl\u0131kl\u0131 ili\u015fkiler geli\u015ftiremez.<\/p>\n<p style=\"text-align: justify;\">Bir kere \u015funu g\u00f6rmemez gerekiyor.\u0130slam ile demokrasi birarada ya\u015famas\u0131 imkans\u0131z. T\u00fcm \u0130slam \u00fclkeleri geri kalm\u0131\u015f. Bir tane geli\u015fmi\u015f \u0130slam \u00fclkesi yok.\u0130slam&#8217;da devlet y\u00f6netimi g\u00fcnl\u00fck ya\u015fam birbirinden ayr\u0131lm\u0131yor. Hepsi i\u00e7ice kar\u0131\u015fm\u0131\u015f. \u0130slam \u00fclkesiyseniz \u015feriat y\u00f6netimine ge\u00e7mek zorundas\u0131n\u0131z. Sek\u00fcler laik devlet yap\u0131s\u0131 imkans\u0131z. Zaten geri kalman\u0131n en \u00f6nemli sebebi bu. H\u0131ristiyanl\u0131kta ise \u0130slam\u0131n tam tersi din devlet i\u015fleri birbirinden ayr\u0131lm\u0131\u015f durumda. Geli\u015fme bunun i\u00e7in oluyor. H\u0131ristiyan \u00fclkelerde bilim ak\u0131lc\u0131l\u0131k \u00f6n planda.Din ile devlet i\u015fleri ayr\u0131. \u0130slam&#8217; da b\u00f6yle de\u011fil.Bu a\u00e7\u0131dan \u0130slam \u00fclkelerinin sonu \u015feriat. T\u00fcrkiye\u2019ninde sonu \u015feriat ile y\u00f6netim. Bundan ka\u00e7mas\u0131 imkans\u0131z .Ama bug\u00fcn ama yar\u0131n.\u2019\u2019<\/p>\n<p style=\"text-align: justify;\"><a href=\"http:\/\/haber.gazetevatan.com\/turkiyenin-sonu-seriat\/438020\/1\/Gundem\" target=\"_blank\">Kaynak : VATAN Gazetesi<\/a><\/p>\n<hr \/>\n<p style=\"text-align: center;\"><a href=\"http:\/\/www.korhanyilmaz.com\/?p=49617\"><img loading=\"lazy\" decoding=\"async\" class=\"size-full wp-image-49622 aligncenter\" src=\"http:\/\/www.korhanyilmaz.com\/wp-content\/uploads\/2012\/03\/A0031.jpg\" alt=\"\" width=\"320\" height=\"100\" \/ class=\"lightview\"><\/a><\/p>\n","protected":false},"excerpt":{"rendered":"<p style=\"text-align: center;\">\n<p style=\"text-align: justify;\">T\u00fcrkiye&#8217;nin AB \u00fcyesi olmas\u0131n\u0131n tam bir hayal oldu\u011funu savunan Hollandal\u0131 sa\u011fc\u0131 parlamenter, \u0130slam&#8217;la demokrasinin birarada y\u00fcr\u00fcmeyece\u011fini savundu..<\/p>\n<p style=\"text-align: justify;\">Hollanda&#8217;daki a\u015f\u0131r\u0131 sa\u011fc\u0131 Wilders \u00d6zg\u00fcrl\u00fckler Partisi\u2019nden Avrupa Parlamentosu \u00fcyesi Barry Madlener, ABHaber\u2019e T\u00fcrkiye-AB ili\u015fkilerini de\u011ferlendirdi.<\/p>\n<p style=\"text-align: justify;\">T\u00fcrkiye AB Karma Parlamento Komisyonu KPK \u00fcyesi de olan Maldener,T\u00fcrkiye\u2019nin AB \u00fcyesi olmas\u0131n\u0131n tam <\/p>\n","protected":false},"author":1,"featured_media":0,"comment_status":"open","ping_status":"open","sticky":false,"template":"","format":"standard","meta":{"footnotes":""},"categories":[105],"tags":[],"class_list":["post-49613","post","type-post","status-publish","format-standard","hentry","category-gundem","odd"],"_links":{"self":[{"href":"http:\/\/www.korhanyilmaz.com\/index.php?rest_route=\/wp\/v2\/posts\/49613","targetHints":{"allow":["GET"]}}],"collection":[{"href":"http:\/\/www.korhanyilmaz.com\/index.php?rest_route=\/wp\/v2\/posts"}],"about":[{"href":"http:\/\/www.korhanyilmaz.com\/index.php?rest_route=\/wp\/v2\/types\/post"}],"author":[{"embeddable":true,"href":"http:\/\/www.korhanyilmaz.com\/index.php?rest_route=\/wp\/v2\/users\/1"}],"replies":[{"embeddable":true,"href":"http:\/\/www.korhanyilmaz.com\/index.php?rest_route=%2Fwp%2Fv2%2Fcomments&post=49613"}],"version-history":[{"count":0,"href":"http:\/\/www.korhanyilmaz.com\/index.php?rest_route=\/wp\/v2\/posts\/49613\/revisions"}],"wp:attachment":[{"href":"http:\/\/www.korhanyilmaz.com\/index.php?rest_route=%2Fwp%2Fv2%2Fmedia&parent=49613"}],"wp:term":[{"taxonomy":"category","embeddable":true,"href":"http:\/\/www.korhanyilmaz.com\/index.php?rest_route=%2Fwp%2Fv2%2Fcategories&post=49613"},{"taxonomy":"post_tag","embeddable":true,"href":"http:\/\/www.korhanyilmaz.com\/index.php?rest_route=%2Fwp%2Fv2%2Ftags&post=49613"}],"curies":[{"name":"wp","href":"https:\/\/api.w.org\/{rel}","templated":true}]}}