{"id":49609,"date":"2012-03-20T18:40:09","date_gmt":"2012-03-20T16:40:09","guid":{"rendered":"http:\/\/www.korhanyilmaz.com\/?p=49609"},"modified":"2012-03-20T19:29:30","modified_gmt":"2012-03-20T17:29:30","slug":"sahinin-o-sozleri-de-raporda","status":"publish","type":"post","link":"http:\/\/www.korhanyilmaz.com\/?p=49609","title":{"rendered":"\u015eahin&#8217;in o s\u00f6zleri de raporda"},"content":{"rendered":"<p style=\"text-align: center;\"><a href=\"http:\/\/www.korhanyilmaz.com\/wp-content\/uploads\/2012\/03\/A0027.jpg\"  class=\"lightview\"><img loading=\"lazy\" decoding=\"async\" class=\"aligncenter  wp-image-49610\" src=\"http:\/\/www.korhanyilmaz.com\/wp-content\/uploads\/2012\/03\/A0027.jpg\" alt=\"\" width=\"276\" height=\"207\" \/><\/a><\/p>\n<p style=\"text-align: justify;\">ABD Uluslararas\u0131 Dini \u00d6zg\u00fcrl\u00fckler Komisyonu&#8217;nun 2012 raporunda, T\u00fcrk h\u00fck\u00fcmeti ele\u015ftirildi. \u0130\u00e7i\u015fleri Bakan\u0131 \u0130dris Naim \u015eahin&#8217;in &#8220;T\u00fcrk milleti ya\u015fad\u0131k\u00e7a o kan\u0131n hesab\u0131 sorulacakt\u0131r&#8221; y\u00f6n\u00fcndeki ifadelerine de yer verilen raporda T\u00fcrkiye hakk\u0131nda sert ele\u015ftiriler yer al\u0131yor.<\/p>\n<p style=\"text-align: justify;\">New York- Amerikan h\u00fck\u00fcmetinin Uluslararas\u0131 Dini \u00d6zg\u00fcrl\u00fckler Komisyonu&#8217;nun haz\u0131rlad\u0131\u011f\u0131 2012 raporunda, T\u00fcrk h\u00fck\u00fcmetinin, &#8220;t\u00fcm dini topluluklar\u0131 etkileyen ve \u00f6zellikle \u00fclkedeki M\u00fcsl\u00fcman olmayan dini az\u0131nl\u0131klar\u0131 tehdit eden dini \u00f6zg\u00fcrl\u00fckleri ya da inan\u00e7lar\u0131 sistematik ve g\u00f6ze batan bir bi\u00e7imde s\u0131n\u0131rland\u0131rd\u0131\u011f\u0131&#8221; gerek\u00e7esiyle T\u00fcrkiye&#8217;nin, &#8220;\u00f6zellikle kayg\u0131 duyulan \u00fclke&#8221; oldu\u011fu belirtildi.\u00a0<!--more--><\/p>\n<p style=\"text-align: justify;\">Raporda, devletin \u00f6zellikle dini s\u0131n\u0131rland\u0131rmalar konusunda kamusal alanda otoriter kontrol\u00fcn\u00fcn M\u00fcsl\u00fcman olmayan dini az\u0131nl\u0131klara y\u00f6nelik oldu\u011fu ileri s\u00fcr\u00fclerek, bu az\u0131nl\u0131klar aras\u0131nda, Yunanl\u0131lar, Ermeniler, Ortodoks Kilisesi, Katolik ve Protestan Kilisesi, Yahudi toplumu ve Aleviler g\u00f6sterildi.<\/p>\n<p style=\"text-align: justify;\">T\u00fcrkiye&#8217;nin dini az\u0131nl\u0131klar\u0131n din adam\u0131 yeti\u015ftirmesini engelledi\u011fini iddia eden Uluslararas\u0131 Dini \u00d6zg\u00fcrl\u00fckler Komisyonu, ABD h\u00fck\u00fcmetine, T\u00fcrk h\u00fck\u00fcmetinin din ya da inan\u00e7 \u00f6zg\u00fcrl\u00fc\u011f\u00fc konusunda uluslararas\u0131 standartlarda yasalar ve uygulamalar getirmesi tart\u0131\u015fmas\u0131n\u0131 tavsiye ediyor.<\/p>\n<p style=\"text-align: justify;\">Ergenekon davas\u0131na da de\u011finilen raporda, Ergenekon&#8217;un AKP h\u00fck\u00fcmetine ve dini az\u0131nl\u0131klara kar\u015f\u0131 komplo d\u00fczenlendi\u011finin iddia edildi\u011fi belirtilerek, grupla ba\u011flant\u0131l\u0131 \u00fcyelerin, 2006&#8217;da Rahip Andrea Santoro cinayeti, 2007&#8217;deki Malatya Zirve Yay\u0131nevi&#8217;nde protestan olan Necati Ayd\u0131n, U\u011fur Y\u00fcksel ve Alman yurtta\u015f\u0131 Tilmann Ekkehart Geske cinayeti ve 2007&#8217;de ger\u00e7ekle\u015ftirilen H\u0131rant Dink cinayetine kar\u0131\u015ft\u0131\u011f\u0131n\u0131n iddia edildi\u011fi belirtildi.<\/p>\n<p style=\"text-align: justify;\">Raporda, \u015eubat ay\u0131 sonunda Hocal\u0131 katliam\u0131 nedeniyle Taksim Meydan\u0131&#8217;nda yap\u0131lan g\u00f6sterilere de de\u011finilerek, \u0130\u00e7i\u015fleri Bakan\u0131 \u0130dris Naim \u015eahin&#8217;in &#8220;T\u00fcrk milleti ya\u015fad\u0131k\u00e7a o kan\u0131n hesab\u0131 sorulacakt\u0131r&#8221; ifadelerine yer verildi.<\/p>\n<p style=\"text-align: justify;\">Uluslararas\u0131 Dini \u00d6zg\u00fcrl\u00fckler Komisyonu raporunda ayr\u0131ca \u015fu konulara da yer verdi:<\/p>\n<p style=\"text-align: justify;\">&#8220;T\u00fcrkiye&#8217;nin ek\u00fcmenik patri\u011fi tan\u0131mamas\u0131, Heybeli Ada&#8217;daki Ruhban Okulunun hala a\u00e7\u0131lmamas\u0131, Alevilerin zorunlu din dersinin kald\u0131r\u0131lmas\u0131 talebi, n\u00fcfus c\u00fczdan\u0131nda din hanesinin bulunmas\u0131, t\u00fcrban, vicdani ret, AB&#8217;ye \u00fcyelik ve yasal reformlar, Ergenekon davas\u0131, K\u0131br\u0131s sorunu.&#8221;<\/p>\n<p style=\"text-align: justify;\"><a href=\"http:\/\/www.cumhuriyet.com.tr\/?hn=323860\" target=\"_blank\">Kaynak : Cumhuriyet Haber Portal\u0131<\/a><\/p>\n","protected":false},"excerpt":{"rendered":"<p style=\"text-align: center;\">\n<p style=\"text-align: justify;\">ABD Uluslararas\u0131 Dini \u00d6zg\u00fcrl\u00fckler Komisyonu&#8217;nun 2012 raporunda, T\u00fcrk h\u00fck\u00fcmeti ele\u015ftirildi. \u0130\u00e7i\u015fleri Bakan\u0131 \u0130dris Naim \u015eahin&#8217;in &#8220;T\u00fcrk milleti ya\u015fad\u0131k\u00e7a o kan\u0131n hesab\u0131 sorulacakt\u0131r&#8221; y\u00f6n\u00fcndeki ifadelerine de yer verilen raporda T\u00fcrkiye hakk\u0131nda sert ele\u015ftiriler yer al\u0131yor.<\/p>\n<p style=\"text-align: justify;\">New York- Amerikan h\u00fck\u00fcmetinin Uluslararas\u0131 Dini \u00d6zg\u00fcrl\u00fckler Komisyonu&#8217;nun haz\u0131rlad\u0131\u011f\u0131 2012 raporunda, T\u00fcrk h\u00fck\u00fcmetinin, &#8220;t\u00fcm <\/p>\n","protected":false},"author":1,"featured_media":0,"comment_status":"open","ping_status":"open","sticky":false,"template":"","format":"standard","meta":{"footnotes":""},"categories":[105],"tags":[],"class_list":["post-49609","post","type-post","status-publish","format-standard","hentry","category-gundem","odd"],"_links":{"self":[{"href":"http:\/\/www.korhanyilmaz.com\/index.php?rest_route=\/wp\/v2\/posts\/49609","targetHints":{"allow":["GET"]}}],"collection":[{"href":"http:\/\/www.korhanyilmaz.com\/index.php?rest_route=\/wp\/v2\/posts"}],"about":[{"href":"http:\/\/www.korhanyilmaz.com\/index.php?rest_route=\/wp\/v2\/types\/post"}],"author":[{"embeddable":true,"href":"http:\/\/www.korhanyilmaz.com\/index.php?rest_route=\/wp\/v2\/users\/1"}],"replies":[{"embeddable":true,"href":"http:\/\/www.korhanyilmaz.com\/index.php?rest_route=%2Fwp%2Fv2%2Fcomments&post=49609"}],"version-history":[{"count":0,"href":"http:\/\/www.korhanyilmaz.com\/index.php?rest_route=\/wp\/v2\/posts\/49609\/revisions"}],"wp:attachment":[{"href":"http:\/\/www.korhanyilmaz.com\/index.php?rest_route=%2Fwp%2Fv2%2Fmedia&parent=49609"}],"wp:term":[{"taxonomy":"category","embeddable":true,"href":"http:\/\/www.korhanyilmaz.com\/index.php?rest_route=%2Fwp%2Fv2%2Fcategories&post=49609"},{"taxonomy":"post_tag","embeddable":true,"href":"http:\/\/www.korhanyilmaz.com\/index.php?rest_route=%2Fwp%2Fv2%2Ftags&post=49609"}],"curies":[{"name":"wp","href":"https:\/\/api.w.org\/{rel}","templated":true}]}}