{"id":49605,"date":"2012-03-20T19:17:42","date_gmt":"2012-03-20T17:17:42","guid":{"rendered":"http:\/\/www.korhanyilmaz.com\/?p=49605"},"modified":"2012-03-20T19:25:52","modified_gmt":"2012-03-20T17:25:52","slug":"aihm-davalari-dondurdu","status":"publish","type":"post","link":"http:\/\/www.korhanyilmaz.com\/?p=49605","title":{"rendered":"A\u0130HM davalar\u0131 dondurdu"},"content":{"rendered":"<p style=\"text-align: center;\"><a href=\"http:\/\/www.korhanyilmaz.com\/wp-content\/uploads\/2012\/03\/A0026.jpg\"  class=\"lightview\"><img loading=\"lazy\" decoding=\"async\" class=\"aligncenter  wp-image-49606\" src=\"http:\/\/www.korhanyilmaz.com\/wp-content\/uploads\/2012\/03\/A0026.jpg\" alt=\"\" width=\"276\" height=\"207\" \/><\/a><\/p>\n<p style=\"text-align: justify;\">Avrupa \u0130nsan Haklar\u0131 Mahkemesi (A\u0130HM) uzun yarg\u0131lama s\u00fcresiyle ilgili T\u00fcrkiye&#8217;den gelen yakla\u015f\u0131k 3 bin \u015fikayet ba\u015fvurusunu bir y\u0131ll\u0131\u011f\u0131na ask\u0131ya ald\u0131.<\/p>\n<p style=\"text-align: justify;\">Strasbourg- A\u0130HM kendisine gelen, T\u00fcrk h\u00fck\u00fcmetinin bilgisine iletilmemi\u015f \u015fikayet ba\u015fvurular\u0131 i\u00e7in Ankara&#8217;n\u0131n \u00f6ncelikle gerekli yasal d\u00fczenleme yap\u0131p bir etkili i\u00e7 hukuk yolu olu\u015fturmas\u0131n\u0131 beklemeyi kararla\u015ft\u0131rd\u0131.<\/p>\n<p style=\"text-align: justify;\">Strasbourg mahkemesi, bir y\u0131l\u0131n sonunda T\u00fcrkiye&#8217;nin s\u00f6z konusu \u015fikayetlerle ilgili etkili i\u00e7 hukuk yolu olu\u015fturup olu\u015fturmad\u0131\u011f\u0131na bakarak karar\u0131n\u0131 verecek.\u00a0<!--more--><\/p>\n<p style=\"text-align: justify;\">A\u0130HM, T\u00fcrk h\u00fck\u00fcmetine daha \u00f6nceden iletilmi\u015f 330 davayla ilgili karar\u0131n\u0131 gelecek d\u00f6nemde vermeye devam edecek.<\/p>\n<p style=\"text-align: justify;\">Uzun yarg\u0131lama s\u00fcresiyle gelen bir \u015fikayeti, &#8221;pilot dava&#8221; ilan eden A\u0130HM, bu konudaki gerek\u00e7eli karar\u0131n\u0131n, di\u011fer ask\u0131ya al\u0131nan davalarla ilgili ma\u011fduriyetin giderilmesi i\u00e7in emsal olu\u015fturmas\u0131 g\u00f6r\u00fc\u015f\u00fcn\u00fc benimsedi.<\/p>\n<p style=\"text-align: justify;\">\u00dcmm\u00fchan Kaplan taraf\u0131ndan yap\u0131lan ve pilot dava olarak nitelenen \u015fikayetle ilgili olarak A\u0130HM, T\u00fcrkiye&#8217;nin makul bir s\u00fcrede yarg\u0131lamayla ilgili 6. ve etkili ba\u015fvuru hakk\u0131yla ilgili 13. maddelerini ihlal etti\u011fi g\u00f6r\u00fc\u015f\u00fcne vard\u0131.<\/p>\n<p style=\"text-align: justify;\">Adalet Bakan\u0131 Sadullah Ergin, son Strasbourg ziyareti s\u0131ras\u0131nda konuyu g\u00fcndeme getirmi\u015f ve A\u0130HM de \u00f6nemli i\u015f y\u00fck\u00fcnden hafifleyece\u011fi i\u00e7in bu \u00f6neriye s\u0131cak bakm\u0131\u015ft\u0131.<\/p>\n<p style=\"text-align: justify;\">T\u00fcrkiye&#8217;nin kurulacak etkin i\u00e7 hukuk yoluyla bir komisyon kurup, bu \u015fikayetlerle ilgili ma\u011fduriyetleri giderecek \u00f6nlemleri almas\u0131 bekleniyor.<\/p>\n<p style=\"text-align: justify;\">A\u0130HM, daha sonra bu konuda al\u0131nan \u00f6nlemlerin i\u00e7tihatlar\u0131na uygun olup olmad\u0131\u011f\u0131na yine bir pilot dava se\u00e7ip de\u011ferlendirdikten sonra bu konudaki son karar\u0131n\u0131 verecek.<\/p>\n<p style=\"text-align: justify;\">A\u0130HM daha \u00f6nce \u00e7ok say\u0131da K\u0131br\u0131sl\u0131 Rum&#8217;un ba\u015fvurusuyla ilgili olarak, KKTC&#8217;de kurulan ta\u015f\u0131nmaz mal komisyonu etkili i\u00e7 hukuk yolu olarak tan\u0131m\u0131\u015f\u0131 ve Rumlar\u0131n ba\u015fvurular\u0131n\u0131n burada \u00e7\u00f6z\u00fclmesini g\u00f6r\u00fc\u015f\u00fcn\u00fc benimsemi\u015fti.<\/p>\n<p style=\"text-align: justify;\"><a href=\"http:\/\/www.cumhuriyet.com.tr\/?hn=323866\" target=\"_blank\">Kaynak : Cumhuriyet Haber Portal\u0131<\/a><\/p>\n","protected":false},"excerpt":{"rendered":"<p style=\"text-align: center;\">\n<p style=\"text-align: justify;\">Avrupa \u0130nsan Haklar\u0131 Mahkemesi (A\u0130HM) uzun yarg\u0131lama s\u00fcresiyle ilgili T\u00fcrkiye&#8217;den gelen yakla\u015f\u0131k 3 bin \u015fikayet ba\u015fvurusunu bir y\u0131ll\u0131\u011f\u0131na ask\u0131ya ald\u0131.<\/p>\n<p style=\"text-align: justify;\">Strasbourg- A\u0130HM kendisine gelen, T\u00fcrk h\u00fck\u00fcmetinin bilgisine iletilmemi\u015f \u015fikayet ba\u015fvurular\u0131 i\u00e7in Ankara&#8217;n\u0131n \u00f6ncelikle gerekli yasal d\u00fczenleme yap\u0131p bir etkili i\u00e7 hukuk yolu olu\u015fturmas\u0131n\u0131 beklemeyi kararla\u015ft\u0131rd\u0131.<\/p>\n<p style=\"text-align: justify;\">Strasbourg <\/p>\n","protected":false},"author":1,"featured_media":0,"comment_status":"open","ping_status":"open","sticky":false,"template":"","format":"standard","meta":{"footnotes":""},"categories":[105],"tags":[],"class_list":["post-49605","post","type-post","status-publish","format-standard","hentry","category-gundem","odd"],"_links":{"self":[{"href":"http:\/\/www.korhanyilmaz.com\/index.php?rest_route=\/wp\/v2\/posts\/49605","targetHints":{"allow":["GET"]}}],"collection":[{"href":"http:\/\/www.korhanyilmaz.com\/index.php?rest_route=\/wp\/v2\/posts"}],"about":[{"href":"http:\/\/www.korhanyilmaz.com\/index.php?rest_route=\/wp\/v2\/types\/post"}],"author":[{"embeddable":true,"href":"http:\/\/www.korhanyilmaz.com\/index.php?rest_route=\/wp\/v2\/users\/1"}],"replies":[{"embeddable":true,"href":"http:\/\/www.korhanyilmaz.com\/index.php?rest_route=%2Fwp%2Fv2%2Fcomments&post=49605"}],"version-history":[{"count":0,"href":"http:\/\/www.korhanyilmaz.com\/index.php?rest_route=\/wp\/v2\/posts\/49605\/revisions"}],"wp:attachment":[{"href":"http:\/\/www.korhanyilmaz.com\/index.php?rest_route=%2Fwp%2Fv2%2Fmedia&parent=49605"}],"wp:term":[{"taxonomy":"category","embeddable":true,"href":"http:\/\/www.korhanyilmaz.com\/index.php?rest_route=%2Fwp%2Fv2%2Fcategories&post=49605"},{"taxonomy":"post_tag","embeddable":true,"href":"http:\/\/www.korhanyilmaz.com\/index.php?rest_route=%2Fwp%2Fv2%2Ftags&post=49605"}],"curies":[{"name":"wp","href":"https:\/\/api.w.org\/{rel}","templated":true}]}}