{"id":49601,"date":"2012-03-20T14:46:13","date_gmt":"2012-03-20T12:46:13","guid":{"rendered":"http:\/\/www.korhanyilmaz.com\/?p=49601"},"modified":"2012-03-20T19:21:28","modified_gmt":"2012-03-20T17:21:28","slug":"ahmet-turk-hastanelik-oldu","status":"publish","type":"post","link":"http:\/\/www.korhanyilmaz.com\/?p=49601","title":{"rendered":"Ahmet T\u00fcrk hastanelik oldu"},"content":{"rendered":"<p style=\"text-align: center;\"><a href=\"http:\/\/www.korhanyilmaz.com\/wp-content\/uploads\/2012\/03\/A0025.jpg\"  class=\"lightview\"><img loading=\"lazy\" decoding=\"async\" class=\"aligncenter  wp-image-49602\" src=\"http:\/\/www.korhanyilmaz.com\/wp-content\/uploads\/2012\/03\/A0025.jpg\" alt=\"\" width=\"322\" height=\"241\" \/><\/a><\/p>\n<p style=\"text-align: justify;\">Van, Mersin \u015eanl\u0131urfa, Batman ve \u015e\u0131rnak&#8217;ta d\u00fczenlenen erken Nevruz etkinliklerinde olaylar \u00e7\u0131kt\u0131. Batman&#8217;daki kutlamalarda Ba\u011f\u0131ms\u0131z Milletvekili Ahmet T\u00fcrk, parti otob\u00fcs\u00fcn\u00fcn i\u00e7ine d\u00fc\u015fen gaz bombas\u0131 nedeniyle fenala\u015ft\u0131. Baz\u0131 polislerin de T\u00fcrk&#8217;\u00fc darp etti\u011fi \u00f6ne s\u00fcr\u00fcld\u00fc. T\u00fcrk&#8217;\u00fcn kald\u0131r\u0131ld\u0131\u011f\u0131 hastanenin ba\u015fhekimi, T\u00fcrk&#8217;\u00fcn genel durumunun iyi oldu\u011funu s\u00f6yledi. Y\u00fcksekova&#8217;da izinsiz nevruz kutlamas\u0131 i\u00e7in toplanan g\u00f6stericilerin aras\u0131ndan a\u00e7\u0131lan ate\u015f sonucu 3 polis memuru ve 14 ya\u015f\u0131nda bir \u00e7ocu\u011fun yaraland\u0131\u011f\u0131n\u0131 bildirildi.<!--more--><\/p>\n<p style=\"text-align: justify;\">\u0130stanbul \/ Van- Van, Mersin \u015eanl\u0131urfa, Batman ve \u015e\u0131rnak&#8217;ta d\u00fczenlenen Nevruz kutlamalar\u0131nda olaylar \u00e7\u0131kt\u0131.<\/p>\n<p style=\"text-align: justify;\">Batman&#8217;daki kutlamalarda \u00e7\u0131kan olaylarda Ba\u011f\u0131ms\u0131z Milletvekili Ahmet T\u00fcrk, parti otob\u00fcs\u00fcn\u00fcn i\u00e7ine d\u00fc\u015fen gaz bombas\u0131 nedeniyle fenala\u015ft\u0131. Baz\u0131 polislerin de T\u00fcrk&#8217;\u00fc darp etti\u011fi \u00f6ne s\u00fcr\u00fcld\u00fc. T\u00fcrk, olay\u0131n ard\u0131ndan hastaneye kald\u0131r\u0131ld\u0131.<\/p>\n<p style=\"text-align: justify;\">Batman Valisi Ahmet Turhan yapt\u0131\u011f\u0131 a\u00e7\u0131klamada, biber gaz\u0131ndan etkilenen Ahmet T\u00fcrk&#8217;\u00fcn hastaneye g\u00f6t\u00fcr\u00fclmek \u00fczere polis arac\u0131na al\u0131nd\u0131\u011f\u0131n\u0131 belirtti.<\/p>\n<p style=\"text-align: justify;\">Ahmet T\u00fcrk, kalp pili ta\u015f\u0131d\u0131\u011f\u0131 i\u00e7in \u00f6nce kardiologlar\u0131n kontrol\u00fcnde tedaviye al\u0131nd\u0131.<\/p>\n<p style=\"text-align: justify;\"><strong>&#8220;15 polis taraf\u0131ndan d\u00f6v\u00fcld\u00fc&#8221;\u00a0<\/strong><\/p>\n<p style=\"text-align: justify;\">BDP E\u015fba\u015fkan\u0131 Selahattin Demirta\u015f, Twitter&#8217;dan yazd\u0131\u011f\u0131 mesajda, Mardin Ba\u011f\u0131ms\u0131z Milletvekili Ahmet T\u00fcrk&#8217;\u00fcn Batman&#8217;daki Nevruz g\u00f6sterileri s\u0131ras\u0131nda 15 polis taraf\u0131ndan d\u00f6v\u00fcld\u00fc\u011f\u00fcn\u00fc iddia etti.<\/p>\n<p style=\"text-align: justify;\">Demirta\u015f, mesaj\u0131nda, T\u00fcrk&#8217;e yap\u0131lan sald\u0131r\u0131n\u0131n &#8220;AKP ve \u0130dris Naim zihniyetinin \u00e7\u0131lg\u0131nla\u015ft\u0131\u011f\u0131n\u0131n g\u00f6stergesi&#8221; oldu\u011funu savunarak, \u015funlar\u0131 ifade etti:<\/p>\n<p style=\"text-align: justify;\">&#8220;Ahmet T\u00fcrk gazdan etkilendi, diye haber yapan medyaya duyuruyorum: T\u00fcrk, otob\u00fcse gaz at\u0131ld\u0131ktan sonra 15 polis taraf\u0131ndan d\u00f6v\u00fcld\u00fc. Kalbinde pil olan T\u00fcrk, partililer taraf\u0131ndan ara\u00e7la hastaneye g\u00f6t\u00fcr\u00fcld\u00fc. A\u015f\u0131r\u0131 gaz ve y\u00fcz\u00fcne ald\u0131\u011f\u0131 yumruk darbeleriyle yaralanan T\u00fcrk, \u015fu anda Batman D\u00fcnya Hastanesi&#8217;nde tedavi alt\u0131nda.&#8221;<\/p>\n<p style=\"text-align: justify;\"><strong>&#8220;T\u00fcrk&#8217;\u00fcn genel durumu iyi&#8221;\u00a0<\/strong><\/p>\n<p style=\"text-align: justify;\">Batman \u00d6zel D\u00fcnya Hastanesi Ba\u015fhekimi Dr. Abdullah Altan \u00d6zkaya, &#8221;Ahmet T\u00fcrk&#8217;\u00fcn \u015fu an itibar\u0131yla ciddi bir problemle kar\u015f\u0131 kar\u015f\u0131ya olmad\u0131\u011f\u0131n\u0131 s\u00f6yleyebilirim&#8221; dedi.<\/p>\n<p style=\"text-align: justify;\">Dr. \u00d6zkaya, makam\u0131nda d\u00fczenledi\u011fi bas\u0131n toplant\u0131s\u0131nda, Mardin ba\u011f\u0131ms\u0131z Milletvekili Ahmet T\u00fcrk, Van ba\u011f\u0131ms\u0131z Milletvekili Aysel Tu\u011fluk ve Avrupa Parlamentosu (AP) eski Milletvekili Feleknaz Uca&#8217;n\u0131n kentteki olaylar sonras\u0131nda kalabal\u0131k bir grup taraf\u0131ndan hastaneye getirildi\u011fini s\u00f6yledi.<\/p>\n<p style=\"text-align: justify;\">Milletvekili Tu\u011fluk&#8217;un yap\u0131lan kontrol\u00fcnde herhangi bir t\u0131bbi m\u00fcdahale gerektirecek bir durumunun olmad\u0131\u011f\u0131n\u0131n tespit edildi\u011fini belirten \u00d6zkaya, &#8221;Ahmet T\u00fcrk ve Feleknaz Uca&#8217;ya m\u00fcdahale edildi. Genel durumlar\u0131 ve ya\u015famsal fonksiyonlar\u0131 gayet iyi. T\u00fcrk&#8217;\u00fcn daha \u00f6nce var olan kardiyak patolojisi ve beraberinde sol g\u00f6z kenar\u0131na kendi ifadesiyle bir darp olmas\u0131 nedeniyle beyin cerrah\u0131, g\u00f6z, kardiyoloji ve dahiliye doktorlar\u0131m\u0131z taraf\u0131ndan muayeneleri yap\u0131ld\u0131&#8221; dedi.<\/p>\n<p style=\"text-align: justify;\">Ahmet T\u00fcrk&#8217;\u00fc bir s\u00fcre g\u00f6zlem alt\u0131nda tutmay\u0131 uygun g\u00f6rd\u00fcklerini ifade eden Dr. \u00d6zkaya, \u015funlar\u0131 s\u00f6yledi:<\/p>\n<p style=\"text-align: justify;\">&#8221;T\u00fcrk&#8217;\u00fcn \u015fu an itibariyle ciddi bir problemle kar\u015f\u0131 kar\u015f\u0131ya olmad\u0131\u011f\u0131n\u0131 s\u00f6yleyebilirim. Sadece daha \u00f6nce var olan kardiyak problemi nedeniyle hastam\u0131z\u0131 bir s\u00fcre g\u00f6zlem alt\u0131na almay\u0131 uygun g\u00f6rd\u00fck. Beyin Cerrahi B\u00f6l\u00fcm\u00fc&#8217;nde doktorlar\u0131m\u0131z\u0131n g\u00f6zetimi alt\u0131nda. Genel durumu gayet iyidir. G\u00f6zdeki k\u00fc\u00e7\u00fck bir \u00f6dem ve \u015fi\u015fkinlik nedeniyle lokal ila\u00e7 tedavisi ba\u015flat\u0131ld\u0131.<\/p>\n<p style=\"text-align: justify;\">Feleknaz Uca ise solunumunu rahatlatmak ve desteklemek amac\u0131yla dahiliye servisinde yat\u0131r\u0131l\u0131yor. Genel durumu iyi.&#8221;<\/p>\n<p style=\"text-align: justify;\">Dr. \u00d6zkaya, T\u00fcrk ve Uca&#8217;y\u0131 birka\u00e7 saat daha g\u00f6zlem alt\u0131nda tutup yeni bir durum ortaya \u00e7\u0131kmazsa taburcu etmeyi d\u00fc\u015f\u00fcnd\u00fcklerini s\u00f6zlerine ekledi.<\/p>\n<p style=\"text-align: justify;\"><strong>T\u00fcrk: Durumum iyi\u00a0<\/strong><\/p>\n<p style=\"text-align: justify;\">Batman\u2019daki nevruz s\u0131ras\u0131nda bir polisin yumruklu sald\u0131r\u0131s\u0131na u\u011frad\u0131\u011f\u0131 \u00f6ne s\u00fcr\u00fclen Mardin Ba\u011f\u0131ms\u0131z Milletvekili ve DTK Genel Ba\u015fkan\u0131 Ahmet T\u00fcrk\u2019\u00fcn tedavisi s\u00fcr\u00fcyor. Sol g\u00f6z\u00fcnde \u015fi\u015flik ve k\u0131zarma oldu\u011fu g\u00f6r\u00fclen T\u00fcrk, kardiyoloji b\u00f6l\u00fcm\u00fcndeki odas\u0131ndan bir ara koridora \u00e7\u0131karak, kendisinin durumunu merak eden partililere k\u0131sa bir konu\u015fma yapt\u0131.<\/p>\n<p style=\"text-align: justify;\">Durumunun iyi oldu\u011funu belirten T\u00fcrk, &#8220;Ben iyiyim, rahat\u0131m beni merak etmeyin. Zaten yan\u0131mda kimse yoktu. \u00d6nce ta\u015flarla otob\u00fcs\u00fcn b\u00fct\u00fcn camlar\u0131n\u0131 k\u0131rd\u0131lar, gaz att\u0131lar. Gaz etkisiyle d\u0131\u015far\u0131ya \u00e7\u0131kt\u0131m. Polisin biri, resmi giyimli birisi bana do\u011fru gelerek a\u00e7\u0131k a\u00e7\u0131k haz\u0131rlanm\u0131\u015ft\u0131, ondan sonra yumruklar atmaya ba\u015flad\u0131. Orada yan\u0131mda ne bir halk ve ne kitle var. Sadece otob\u00fcste 4-5 ki\u015fiyleydik. \u015eu anda iyiyim. Sonu\u00e7ta halen zul\u00fcmle, sindirmeyle, susturmayla, bir siyaseti izliyor. Bu siyasetle K\u00fcrtleri susturaca\u011f\u0131n\u0131 zannediyor. Ama bu yol yol de\u011fil, bu yol ak\u0131l yolu de\u011fil. Biz her zaman s\u00f6yl\u00fcyoruz, bu sorunlar ancak diyalogla \u00e7\u00f6z\u00fcl\u00fcr. Ter\u00f6r estirerek, \u015fiddet uygulayarak bu halk\u0131 susturamazlar&#8221; dedi.<\/p>\n<p style=\"text-align: justify;\"><strong>\u00dc\u00e7 polis yaraland\u0131\u00a0<\/strong><\/p>\n<p style=\"text-align: justify;\">Hakkari Y\u00fcksekova Kaymakam\u0131 \u00dczeyir Aziz \u00d6zeren, izinsiz nevruz kutlamas\u0131 i\u00e7in toplanan g\u00f6stericilerin aras\u0131ndan a\u00e7\u0131lan ate\u015f sonucu 3 polis memurunun yaraland\u0131\u011f\u0131n\u0131 belirtti.<\/p>\n<p style=\"text-align: justify;\">\u00d6zeren, &#8221;Grubun aras\u0131ndan g\u00fcvenlik g\u00fc\u00e7lerinin \u00fczerine uzun namlulu silahlarla ate\u015f a\u00e7\u0131ld\u0131\u011f\u0131n\u0131, bir panzer s\u00fcr\u00fcc\u00fcs\u00fc ile yan\u0131ndaki polis memurunun yaraland\u0131\u011f\u0131n\u0131&#8221; belirterek, yaral\u0131 polislerin sa\u011fl\u0131k durumunun iyi oldu\u011funu s\u00f6yledi.<\/p>\n<p style=\"text-align: justify;\">\u00dczeyir Aziz \u00d6zeren, g\u00f6stericilerin aras\u0131nda polise uzun namlulu silahla ate\u015f a\u00e7an bir ki\u015finin polis taraf\u0131ndan tespit edildi\u011fini kaydederek,\u00a0&#8221;Polise uzun namlulu silahla ate\u015f a\u00e7an ki\u015fi \u00f6zel harekat timlerinin kar\u015f\u0131l\u0131k vermesi \u00fczerine yaralanarak mahalle aras\u0131na ka\u00e7m\u0131\u015f. Uzun namlulu silahl\u0131 sald\u0131rgan\u0131n yakalanmas\u0131 i\u00e7in ka\u00e7t\u0131\u011f\u0131 b\u00f6lgeye hava destekli operasyon ba\u015flat\u0131ld\u0131&#8221; dedi.<\/p>\n<p style=\"text-align: justify;\">Y\u00fcr\u00fcy\u00fc\u015fe izin \u00e7\u0131kmad\u0131<\/p>\n<p style=\"text-align: justify;\">Van&#8217;daki nevruz kutlamalar\u0131 saat 10.00&#8217;da BDP Genel Ba\u015fkan\u0131 Selahattin Demirta\u015f&#8217;\u0131n K\u00fclt\u00fcr Caddesi \u00fczerinde bulunan BDP \u00e7ad\u0131r\u0131 \u00f6n\u00fcne gelmesiyle ba\u015flad\u0131.<\/p>\n<p style=\"text-align: justify;\">Polisin geni\u015f g\u00fcvenlik \u00f6nlemleri alt\u0131nda burada davul zurna e\u015fli\u011finde halaylar \u00e7ekildi. Daha sonra yakla\u015f\u0131k 500 ki\u015filik grup, Demirta\u015f, Van Belediye Ba\u015fkan\u0131 Bekir Kaya, \u0130l Ba\u015fkan\u0131 C\u00fcneyt Cani\u015f&#8217;le birlikte nevruz kutlamalar\u0131n\u0131n yap\u0131laca\u011f\u0131 Belediye \u0130tfaiye meydan\u0131na do\u011fru y\u00fcr\u00fcy\u00fc\u015fe ge\u00e7ti.<\/p>\n<p style=\"text-align: justify;\">K\u00fclt\u00fcr m\u00fcd\u00fcrl\u00fc\u011f\u00fc \u00f6n\u00fcne kadar gelen kalabal\u0131k burada durduruldu. DP&#8217;li y\u00f6neticiler ile polis aras\u0131ndaki g\u00f6r\u00fc\u015fmeler burada devam ederken, polis de \u00e7evrede geni\u015f g\u00fcvenlik \u00f6nlemleri ald\u0131. Bu arada kentin \u00e7e\u015fitli noktalar\u0131ndaki toplanmalar ise helikopterden takip ediliyor.<\/p>\n<p style=\"text-align: justify;\"><strong>Milletvekilleri oturma eylemi yapt\u0131\u00a0<\/strong><\/p>\n<p style=\"text-align: justify;\">Mersin&#8217;de, Valilik taraf\u0131ndan bug\u00fcn yap\u0131lmas\u0131 i\u00e7in \u00f6nce izin verilen, ancak \u0130\u00e7i\u015fleri Bakanl\u0131\u011f\u0131 taraf\u0131ndan iptal edilen nevruz kutlamas\u0131 i\u00e7in toplananlara polis m\u00fcdahale etti. \u00c7\u0131kan olaylarda at\u0131lan el yap\u0131m\u0131 bomba bo\u015f alana d\u00fc\u015ferek patlad\u0131.<\/p>\n<p style=\"text-align: justify;\">BDP \u0130stanbul Milletvekili S\u0131rr\u0131 S\u00fcreyya \u00d6nder ile Mersin Milletvekili Ertu\u011frul K\u00fcrk\u00e7\u00fc ve Akdeniz \u0130l\u00e7e Belediye Ba\u015fkan\u0131 BDP&#8217;li Faz\u0131l T\u00fcrk, T\u0131rm\u0131l Alan\u0131&#8217;na gelerek oturma eylemine ba\u015flad\u0131. Milletvekili K\u00fcrk\u00e7\u00fc, halk\u0131n bar\u0131\u015f g\u00fcn\u00fcn\u00fc bug\u00fcn kutlamay\u0131 tercih etti\u011fini s\u00f6yledi. \u0130\u00e7i\u015fleri Bakanl\u0131\u011f\u0131&#8217;n\u0131n genelgesi bahane edilerek kutlamalara izin verilmedi\u011fini belirten K\u00fcrk\u00e7\u00fc, &#8220;Ayn\u0131 kutlama bug\u00fcn Osmaniye&#8217;de yap\u0131l\u0131yor ve hi\u00e7 bir m\u00fcdahale yok. Bu \u00e7eli\u015fki de\u011fil mi? Polis, orant\u0131s\u0131z g\u00fc\u00e7 kullan\u0131yor. Hepimiz gazdan etkilendik&#8221; dedi.<\/p>\n<p style=\"text-align: justify;\">Adana&#8217;dan Mersin&#8217;e d\u00fczenlenen banliy\u00f6 tren seferleri de Mersin&#8217;deki olaylar nedeniyle durduruldu.<\/p>\n<p style=\"text-align: justify;\"><strong>4 ilden takviye geldi\u00a0<\/strong><\/p>\n<p style=\"text-align: justify;\">Ankara, Gaziantep, Kilis ve Osmaniye&#8217;den takviye gelen polislerin de deste\u011fiyle \u015eevket S\u00fcmer, G\u00fcne, Siteler, Yeni Pazar, \u00c7ay, \u00c7ilek, Demirta\u015f ve Alsancak mahallelerinde geni\u015f g\u00fcvenlik \u00f6nlemi al\u0131nd\u0131. Bir polis helikopteri de b\u00f6lgeyi havadan kontrol etti.<\/p>\n<p style=\"text-align: justify;\"><strong>\u015eanl\u0131urfa&#8217;da da Nevruz&#8217;a m\u00fcdahale\u00a0<\/strong><\/p>\n<p style=\"text-align: justify;\">BDP te\u015fkilat\u0131 taraf\u0131ndan milletvekili Leyla Zana&#8217;n\u0131n kat\u0131l\u0131m\u0131yla bug\u00fcn nevruz kutlamas\u0131 yap\u0131laca\u011f\u0131 duyurulan Viran\u015fehir&#8217;de, kutlama i\u00e7in toplanan 200 ki\u015fiye polis biber gaz\u0131 ve tazyikli suyla m\u00fcdahale etti. Bunun \u00fczerine nevruz kutlamak isteyenler aras\u0131ndan da polise ta\u015f at\u0131ld\u0131. Daha sonra ara sokaklara da\u011f\u0131lan g\u00f6stericiler ile polis aras\u0131ndaki \u00e7at\u0131\u015fma buralarda devam etti. \u0130l\u00e7eye takviye kuvvetler getirildi.<\/p>\n<p style=\"text-align: justify;\">\u0130zin verilmeyen kutlamalar i\u00e7in BDP il\u00e7ede el ilanlar\u0131 da\u011f\u0131tarak \u00e7a\u011fr\u0131da bulunmu\u015f polis de \u015eanl\u0131urfa&#8217;dan getirilen \u00e7ok say\u0131da polis ve z\u0131rhl\u0131 ara\u00e7lar ile \u00f6nlem ald\u0131. Hayvan Pazar\u0131&#8217;ndaki bo\u015f alan\u0131n \u00e7evresini saran polisler, etrafta toplanan \u00e7ocuklara da megafonlarla &#8220;ta\u015f atmamalar\u0131 evlerine d\u00f6nmeleri&#8221; \u00e7a\u011fr\u0131s\u0131nda bulundu. Polis, \u00e7ocuklara top ve oyuncak da da\u011f\u0131tt\u0131.<\/p>\n<p style=\"text-align: justify;\"><strong>Kaplan: &#8220;Sultan efendilerinin fetvas\u0131n\u0131 m\u0131 bekleyece\u011fi&#8221;\u00a0<\/strong><\/p>\n<p style=\"text-align: justify;\">BDP \u015e\u0131rnak Milletvekili ve Grup Ba\u015fkanvekili Hasip Kaplan, partisinin nevruz kutlamalar\u0131na kat\u0131lmak i\u00e7in Antalya&#8217;ya gitti. Kaplan burada yapt\u0131\u011f\u0131 a\u00e7\u0131klamada, &#8220;Bayramlar izne tabi de\u011fildir. Bayramlar i\u00e7in izin verilmez. Sultan efendilerinin fetvas\u0131n\u0131 m\u0131 bekleyece\u011fiz bayram\u0131 kutlamak i\u00e7in?&#8221; dedi.<\/p>\n<p style=\"text-align: justify;\"><strong>Nevruz \u00f6ncesi 2 kilo patlay\u0131c\u0131\u00a0<\/strong><\/p>\n<p style=\"text-align: justify;\">Van Valili\u011fi&#8217;nden yap\u0131lan yaz\u0131l\u0131 a\u00e7\u0131klamada, Van&#8217;da, Diyarbak\u0131r ve \u0130stanbul&#8217;da yap\u0131lmaya \u00e7al\u0131\u015f\u0131ld\u0131\u011f\u0131 gibi PKK ter\u00f6r \u00f6rg\u00fct\u00fcn\u00fcn talimatlar\u0131 do\u011frultusunda, \u00f6rg\u00fcte m\u00fczahir \u015fah\u0131slar taraf\u0131ndan nevruz kutlamalar\u0131 ad\u0131 alt\u0131nda molotofkokteyli ve ta\u015fl\u0131 eylemler yap\u0131laca\u011f\u0131 istihbarat\u0131 al\u0131nd\u0131\u011f\u0131 bildirildi.<\/p>\n<p style=\"text-align: justify;\">A\u00e7\u0131klamada kutlamalar esnas\u0131nda ve sonras\u0131nda \u00e7e\u015fitli provokatif olaylar yap\u0131laca\u011f\u0131 istihbarat\u0131 do\u011frultusunda ilin giri\u015f ve \u00e7\u0131k\u0131\u015flar\u0131nda ayr\u0131ca \u015fehir i\u00e7erisinde \u0130l Emniyet M\u00fcd\u00fcrl\u00fc\u011f\u00fcm\u00fcz ekiplerince geni\u015f \u00e7apl\u0131 \u00f6nlemler al\u0131nd\u0131\u011f\u0131 belirtildi.<\/p>\n<p style=\"text-align: justify;\">A\u00e7\u0131klamada, \u015fu ifadelere yer verildi:<\/p>\n<p style=\"text-align: justify;\">&#8221;Al\u0131nan \u00f6nlemler \u00e7er\u00e7evesinde, yasa d\u0131\u015f\u0131 guruplar\u0131n s\u00f6zde Nevruz kutlamas\u0131n\u0131 yapaca\u011f\u0131 Seyit Fehim Arvasi Mahallesi&#8217;nde bulunan \u0130tfaiye Meydan\u0131 ve \u00e7evresinde gerekli g\u00fcvenlik tedbirleri al\u0131nm\u0131\u015ft\u0131r. Saat 07.30 s\u0131ralar\u0131nda Bomba \u0130mha ve \u0130nceleme ekiplerimizin detekt\u00f6r k\u00f6pekleri ile yapm\u0131\u015f oldu\u011fu kontroller esnas\u0131nda, Hidayet Caddesi giri\u015fi Behiye \u015eavur Cami kar\u015f\u0131s\u0131nda bulunan d\u00fckkanlar\u0131n arka k\u0131sm\u0131ndaki bo\u015f arazide, \u00f6rg\u00fct mensuplar\u0131 taraf\u0131ndan yerle\u015ftirildi\u011fi de\u011ferlendirilen siyah renkli po\u015fete k\u00f6pekler tepki vermi\u015ftir. Bu tepki \u00fczerine gerekli \u00e7evre emniyeti al\u0131nd\u0131ktan sonra bomba imha ekiplerince usul\u00fcne uygun yap\u0131lan m\u00fcdahale neticesinde; el yap\u0131m\u0131 par\u00e7a tesirli zaman ayarl\u0131 bomba etkisiz hale getirilmi\u015ftir. M\u00fcdahaleden sonra yap\u0131lan incelemede \u015feffaf renkli bidon i\u00e7erisine yerle\u015ftirilmi\u015f 1 kilo 850 gram A4 plastik patlay\u0131c\u0131 madde ve i\u00e7erisinde par\u00e7a tesiri amac\u0131yla konulmu\u015f \u00e7ok say\u0131da metal \u00e7ivi, dijital saat, bir adet 9 Voltluk pil, 1 adet elektrikli f\u00fcnye elde edilmi\u015ftir. Konu ile ilgili tahkikata ba\u015flanm\u0131\u015ft\u0131r.&#8221;<\/p>\n<p style=\"text-align: justify;\"><a href=\"http:\/\/www.cumhuriyet.com.tr\/?hn=323714\" target=\"_blank\">Kaynak : Cumhuriyet Haber Portal\u0131<\/a><\/p>\n","protected":false},"excerpt":{"rendered":"<p style=\"text-align: center;\">\n<p style=\"text-align: justify;\">Van, Mersin \u015eanl\u0131urfa, Batman ve \u015e\u0131rnak&#8217;ta d\u00fczenlenen erken Nevruz etkinliklerinde olaylar \u00e7\u0131kt\u0131. Batman&#8217;daki kutlamalarda Ba\u011f\u0131ms\u0131z Milletvekili Ahmet T\u00fcrk, parti otob\u00fcs\u00fcn\u00fcn i\u00e7ine d\u00fc\u015fen gaz bombas\u0131 nedeniyle fenala\u015ft\u0131. Baz\u0131 polislerin de T\u00fcrk&#8217;\u00fc darp etti\u011fi \u00f6ne s\u00fcr\u00fcld\u00fc. T\u00fcrk&#8217;\u00fcn kald\u0131r\u0131ld\u0131\u011f\u0131 hastanenin ba\u015fhekimi, T\u00fcrk&#8217;\u00fcn genel durumunun iyi oldu\u011funu s\u00f6yledi. Y\u00fcksekova&#8217;da izinsiz nevruz kutlamas\u0131 i\u00e7in toplanan <\/p>\n","protected":false},"author":1,"featured_media":0,"comment_status":"open","ping_status":"open","sticky":false,"template":"","format":"standard","meta":{"footnotes":""},"categories":[105],"tags":[],"class_list":["post-49601","post","type-post","status-publish","format-standard","hentry","category-gundem","odd"],"_links":{"self":[{"href":"http:\/\/www.korhanyilmaz.com\/index.php?rest_route=\/wp\/v2\/posts\/49601","targetHints":{"allow":["GET"]}}],"collection":[{"href":"http:\/\/www.korhanyilmaz.com\/index.php?rest_route=\/wp\/v2\/posts"}],"about":[{"href":"http:\/\/www.korhanyilmaz.com\/index.php?rest_route=\/wp\/v2\/types\/post"}],"author":[{"embeddable":true,"href":"http:\/\/www.korhanyilmaz.com\/index.php?rest_route=\/wp\/v2\/users\/1"}],"replies":[{"embeddable":true,"href":"http:\/\/www.korhanyilmaz.com\/index.php?rest_route=%2Fwp%2Fv2%2Fcomments&post=49601"}],"version-history":[{"count":0,"href":"http:\/\/www.korhanyilmaz.com\/index.php?rest_route=\/wp\/v2\/posts\/49601\/revisions"}],"wp:attachment":[{"href":"http:\/\/www.korhanyilmaz.com\/index.php?rest_route=%2Fwp%2Fv2%2Fmedia&parent=49601"}],"wp:term":[{"taxonomy":"category","embeddable":true,"href":"http:\/\/www.korhanyilmaz.com\/index.php?rest_route=%2Fwp%2Fv2%2Fcategories&post=49601"},{"taxonomy":"post_tag","embeddable":true,"href":"http:\/\/www.korhanyilmaz.com\/index.php?rest_route=%2Fwp%2Fv2%2Ftags&post=49601"}],"curies":[{"name":"wp","href":"https:\/\/api.w.org\/{rel}","templated":true}]}}