{"id":49590,"date":"2012-03-19T09:47:58","date_gmt":"2012-03-19T07:47:58","guid":{"rendered":"http:\/\/www.korhanyilmaz.com\/?p=49590"},"modified":"2012-03-19T09:54:51","modified_gmt":"2012-03-19T07:54:51","slug":"ahmet-sikin-o-sozlerine-sorusturma","status":"publish","type":"post","link":"http:\/\/www.korhanyilmaz.com\/?p=49590","title":{"rendered":"Ahmet \u015e\u0131k&#8217;\u0131n o s\u00f6zlerine soru\u015fturma"},"content":{"rendered":"<p style=\"text-align: justify;\"><a href=\"http:\/\/www.korhanyilmaz.com\/wp-content\/uploads\/2012\/03\/A0024.jpg\"  class=\"lightview\"><img loading=\"lazy\" decoding=\"async\" class=\"aligncenter size-full wp-image-49591\" title=\"\" src=\"http:\/\/www.korhanyilmaz.com\/wp-content\/uploads\/2012\/03\/A0024.jpg\" alt=\"\" width=\"292\" height=\"224\" \/><\/a><\/p>\n<p style=\"text-align: justify;\">Tutuklu yarg\u0131land\u0131\u011f\u0131 Odatv davas\u0131nda tahliye olan Ahmet \u015e\u0131k hakk\u0131nda cezaevi \u00e7\u0131k\u0131\u015f\u0131nda s\u00f6yledi\u011fi &#8220;Bu komployu kuran, y\u00fcr\u00fcten polisler, savc\u0131lar ve h\u00e2kimler bu cezaevine girecek. Onlar buraya girdi\u011finde adalet gelecek&#8221; s\u00f6zleri nedeniyle soru\u015fturma a\u00e7\u0131ld\u0131. <!--more--><\/p>\n<p style=\"text-align: justify;\">Sabah Gazetesi&#8217;nin haberine g\u00f6re, Oda TV davas\u0131n\u0131n 12 Mart&#8217;ta yap\u0131lan \u0130stanbul 16. A\u011f\u0131r Ceza Mahkemesi&#8217;ndeki son duru\u015fmas\u0131nda tahliye olan gazeteci Ahmet \u015e\u0131k hakk\u0131nda Silivri Cezaevi \u00e7\u0131k\u0131\u015f\u0131nda h\u00e2kim ve savc\u0131lara y\u00f6nelik s\u00f6zleri nedeniyle soru\u015fturma ba\u015flat\u0131ld\u0131. \u00d6zel Yetkili \u0130stanbul Cumhuriyet Ba\u015fsavc\u0131l\u0131\u011f\u0131&#8217;nca ba\u015flat\u0131lan soru\u015fturma kapsam\u0131nda Savc\u0131 Muammer Akka\u015f&#8217;\u0131n \u0130stanbul Emniyet M\u00fcd\u00fcrl\u00fc\u011f\u00fc&#8217;nden \u015e\u0131k&#8217;\u0131n cezaevi \u00e7\u0131k\u0131\u015f\u0131ndaki s\u00f6zlerinin yer ald\u0131\u011f\u0131 g\u00f6r\u00fcnt\u00fcleri istedi\u011fi \u00f6\u011frenildi.<\/p>\n<p style=\"text-align: justify;\">H\u00e2kim ve savc\u0131lar\u0131 ter\u00f6r \u00f6rg\u00fctlerine hedef g\u00f6stermek ve tehdit etmek su\u00e7lamas\u0131 ile ba\u015flat\u0131lan soru\u015fturma kapsam\u0131nda \u015e\u0131k&#8217;\u0131n \u00f6n\u00fcm\u00fczdeki g\u00fcnlerde ifadeye \u00e7a\u011f\u0131r\u0131laca\u011f\u0131 kaydedildi. \u015e\u0131k, cezaevi \u00e7\u0131k\u0131\u015f\u0131nda gazetecilere yapt\u0131\u011f\u0131 a\u00e7\u0131klamada &#8220;Eksik kalm\u0131\u015f adalet, hukuk ve demokrasi getirmeyecek. Sadece benim davamda 5 tutuklu var, 100 civar\u0131nda gazeteci h\u00e2l\u00e2 i\u00e7eride. \u0130fade \u00f6zg\u00fcrl\u00fc\u011f\u00fc meselesi sadece gazetecilerin sorunu de\u011fil. 600 civar\u0131nda \u00f6\u011frenci var. Bunun m\u00fccadelesine devam edece\u011fiz. Bu komployu kuran, y\u00fcr\u00fcten polisler, savc\u0131lar ve h\u00e2kimler bu cezaevine girecek. Onlar buraya girdi\u011finde adalet gelecek. O cemaat ba\u011flant\u0131l\u0131, o \u00e7ete ba\u011flant\u0131l\u0131 adamlar buraya girecek&#8221; demi\u015fti.<\/p>\n<p style=\"text-align: justify;\"><a href=\"http:\/\/www.cnnturk.com\/2012\/turkiye\/03\/19\/ahmet.sikin.o.sozlerine.sorusturma\/653700.0\/index.html\" target=\"_blank\">Kaynak : CNN T\u00dcRK<\/a><\/p>\n","protected":false},"excerpt":{"rendered":"<p style=\"text-align: justify;\">\n<p style=\"text-align: justify;\">Tutuklu yarg\u0131land\u0131\u011f\u0131 Odatv davas\u0131nda tahliye olan Ahmet \u015e\u0131k hakk\u0131nda cezaevi \u00e7\u0131k\u0131\u015f\u0131nda s\u00f6yledi\u011fi &#8220;Bu komployu kuran, y\u00fcr\u00fcten polisler, savc\u0131lar ve h\u00e2kimler bu cezaevine girecek. Onlar buraya girdi\u011finde adalet gelecek&#8221; s\u00f6zleri nedeniyle soru\u015fturma a\u00e7\u0131ld\u0131. <\/p>\n","protected":false},"author":1,"featured_media":0,"comment_status":"open","ping_status":"open","sticky":false,"template":"","format":"standard","meta":{"footnotes":""},"categories":[105],"tags":[],"class_list":["post-49590","post","type-post","status-publish","format-standard","hentry","category-gundem","odd"],"_links":{"self":[{"href":"http:\/\/www.korhanyilmaz.com\/index.php?rest_route=\/wp\/v2\/posts\/49590","targetHints":{"allow":["GET"]}}],"collection":[{"href":"http:\/\/www.korhanyilmaz.com\/index.php?rest_route=\/wp\/v2\/posts"}],"about":[{"href":"http:\/\/www.korhanyilmaz.com\/index.php?rest_route=\/wp\/v2\/types\/post"}],"author":[{"embeddable":true,"href":"http:\/\/www.korhanyilmaz.com\/index.php?rest_route=\/wp\/v2\/users\/1"}],"replies":[{"embeddable":true,"href":"http:\/\/www.korhanyilmaz.com\/index.php?rest_route=%2Fwp%2Fv2%2Fcomments&post=49590"}],"version-history":[{"count":0,"href":"http:\/\/www.korhanyilmaz.com\/index.php?rest_route=\/wp\/v2\/posts\/49590\/revisions"}],"wp:attachment":[{"href":"http:\/\/www.korhanyilmaz.com\/index.php?rest_route=%2Fwp%2Fv2%2Fmedia&parent=49590"}],"wp:term":[{"taxonomy":"category","embeddable":true,"href":"http:\/\/www.korhanyilmaz.com\/index.php?rest_route=%2Fwp%2Fv2%2Fcategories&post=49590"},{"taxonomy":"post_tag","embeddable":true,"href":"http:\/\/www.korhanyilmaz.com\/index.php?rest_route=%2Fwp%2Fv2%2Ftags&post=49590"}],"curies":[{"name":"wp","href":"https:\/\/api.w.org\/{rel}","templated":true}]}}