{"id":49586,"date":"2012-03-19T08:26:07","date_gmt":"2012-03-19T06:26:07","guid":{"rendered":"http:\/\/www.korhanyilmaz.com\/?p=49586"},"modified":"2012-03-19T09:37:03","modified_gmt":"2012-03-19T07:37:03","slug":"giresunda-garip-isler","status":"publish","type":"post","link":"http:\/\/www.korhanyilmaz.com\/?p=49586","title":{"rendered":"Giresun&#8217;da &#8220;garip&#8221; i\u015fler&#8230;"},"content":{"rendered":"<p style=\"text-align: center;\"><a href=\"http:\/\/www.korhanyilmaz.com\/wp-content\/uploads\/2012\/03\/A0023.jpg\"  class=\"lightview\"><img loading=\"lazy\" decoding=\"async\" class=\"aligncenter  wp-image-49587\" src=\"http:\/\/www.korhanyilmaz.com\/wp-content\/uploads\/2012\/03\/A0023.jpg\" alt=\"\" width=\"307\" height=\"236\" \/><\/a><\/p>\n<p style=\"text-align: justify;\">Giresun \u00dcniversitesi&#8217;nde y\u0131lan hikayesine d\u00f6nen rekt\u00f6rl\u00fck se\u00e7iminde ilgin\u00e7 bir geli\u015fme ya\u015fand\u0131. 31 oyla birinci ve 29 oyla ikinci olan adaylar\u0131 eleyen Y\u00d6K, \u015fimdi de sadece 1 oy olan Prof. Dr. Murat Teker&#8217;i aday g\u00f6sterdi. Prof. Dr. Teker, &#8220;Oy \u00f6nemli de\u011fil. Demek ki kariyerim etkili oldu&#8221; dedi.<\/p>\n<p style=\"text-align: justify;\">Giresun \u00dcniversitesi&#8217;nde rekt\u00f6rl\u00fck se\u00e7imi y\u0131lan hikayesine d\u00f6nd\u00fc. 2007&#8217;de kurulan \u00fcniversitede rekt\u00f6r Prof. Dr. Osman Metin \u00d6zt\u00fcrk, 1 Haziran 2010&#8217;da emekliye ayr\u0131ld\u0131ktan sonra koltuk bir t\u00fcrl\u00fc dolmad\u0131. <!--more--><\/p>\n<p style=\"text-align: justify;\">Y\u00fcksek\u00f6\u011fretim Kurulu Ba\u015fkanl\u0131\u011f\u0131, Prof. Halil \u0130brahim Bahar&#8217;\u0131 Rekt\u00f6r Vekili olarak g\u00f6revlendirdi, 18 Haziran 2010&#8217;da da rekt\u00f6rl\u00fck se\u00e7imi karar\u0131 ald\u0131. Se\u00e7imde Bahar 31, Prof. Dr. Mustafa T\u00fcrkmen 29, Prof. Dr. Ayg\u00fcn Attar 21, Prof. Dr. Ayhan B\u00f6l\u00fck 4, Prof. Dr. Y\u0131lmaz Can 2, Prof. Dr. Murat Teker ise 1 oy ald\u0131.<\/p>\n<p style=\"text-align: justify;\">1 Temmuz 2010&#8217;da toplanan Y\u00d6K Genel Kurulu, se\u00e7imde en fazla oyu alan Bahar ile ikinci olan T\u00fcrkmen&#8217;i eledi, se\u00e7imde \u00fc\u00e7\u00fcnc\u00fc olan Attar&#8217;\u0131 listeba\u015f\u0131 yapt\u0131. B\u00f6l\u00fck ikinci ve Can ise \u00fc\u00e7\u00fcnc\u00fc s\u0131raya yerle\u015ftirildi ancak haz\u0131rlanan liste, Can&#8217;\u0131n istifas\u0131 nedeniyle Cumhurba\u015fkanl\u0131\u011f\u0131&#8217;na sunulamad\u0131.<\/p>\n<p style=\"text-align: justify;\"><strong>1 oy alan listeye al\u0131nd\u0131<\/strong><\/p>\n<p style=\"text-align: justify;\">Bu geli\u015fmelerin ard\u0131ndan Rekt\u00f6r Vekili Bahar g\u00f6revinden al\u0131nd\u0131, yerine atanan Karadeniz Teknik \u00dcniversitesi Rekt\u00f6r Ba\u015fdan\u0131\u015fman\u0131 Prof. Dr. Ersan Bocuto\u011flu da ayn\u0131 ak\u0131bete u\u011frad\u0131. Onun yerine de Cumhurba\u015fkanl\u0131\u011f\u0131&#8217;na sunulacak listeden istifa eden Prof. Dr. Can, 6&#8217;\u015far ayl\u0131k g\u00f6revlendirme ile 3 kez Rekt\u00f6r Vekili olarak atand\u0131.<\/p>\n<p style=\"text-align: justify;\">Se\u00e7imin yenilenmesi iste\u011fi, &#8216;Her \u00e7ekilmenin ard\u0131ndan se\u00e7imin yenilenmesi, rekt\u00f6r se\u00e7imi i\u015flemini uzun s\u00fcre\u00e7lere yayar&#8217; gerek\u00e7esiyle Ankara 4. \u0130dare Mahkemesi&#8217;nden d\u00f6nd\u00fc. Mahkeme ilk 6 aday aras\u0131ndan yeni bir aday\u0131n listeye konulmas\u0131n\u0131 istedi. Y\u00d6K Genel Kurulu, son ald\u0131\u011f\u0131 kararla Cumhurba\u015fkanl\u0131\u011f\u0131&#8217;na sunulacak listeden istifa eden Can&#8217;\u0131n yerine se\u00e7imlerde sadece 1 oy alarak son s\u0131rada yer alan Sakarya \u00dcniversitesi \u00d6\u011fretim \u00dcyesi Teker&#8217;in \u00fc\u00e7\u00fcnc\u00fc aday olarak Cumhurba\u015fkanl\u0131\u011f\u0131&#8217;na sunmaya karar verdi.<\/p>\n<p style=\"text-align: justify;\"><strong>&#8220;Normal, \u00e7\u00fcnk\u00fc beni tan\u0131m\u0131yorlar&#8221;<\/strong><\/p>\n<p style=\"text-align: justify;\">Y\u00d6K&#8217;\u00fcn 1 oylu aday\u0131, Sakarya \u00dcniversitesi Fen-Edebiyat Fak\u00fcltesi Kimya B\u00f6l\u00fcm\u00fc Fizikokimya Anabilim Dal\u0131 Ba\u015fkan\u0131 Prof. Dr. Murat Teker, \u015f\u00f6yle konu\u015ftu:<\/p>\n<p style=\"text-align: justify;\">&#8220;\u00dcniversitenin bu kadar y\u0131pranmas\u0131 do\u011fru de\u011fil. Kim se\u00e7ilirse se\u00e7ilsin, \u00f6nemli olan hizmettir. Memleketime hizmet etmek istiyorum. 1 oy almam do\u011fal \u00e7\u00fcnk\u00fc orada beni tan\u0131m\u0131yorlar, akademisyenler tabii tan\u0131d\u0131klar\u0131na oy verecekler. Ben se\u00e7im \u00e7al\u0131\u015fmas\u0131 yapamazd\u0131m, onlar\u0131n avantaj\u0131 vard\u0131. Se\u00e7im sonu\u00e7lar\u0131n\u0131 bu \u015fartlarda de\u011ferlendirmek gerekir. 1 oyla 100 oyun fark\u0131 yok.&#8221;<\/p>\n<p style=\"text-align: justify;\">Cumhurba\u015fkanl\u0131\u011f\u0131&#8217;na sunulacak olan listeye al\u0131nmas\u0131na \u00e7ok sevindi\u011fini kaydeden 55 ya\u015f\u0131ndaki Teker, &#8220;Benim \u00f6\u011fretim hayat\u0131m, kariyerim, projelerimdir \u00f6nemli olan. Cumhurba\u015fkan\u0131 kimi lay\u0131k g\u00f6r\u00fcrse, ona destek olmak gerekir. Bundan sonras\u0131 i\u00e7in tabii her aday kadar umudum var. G\u00f6rev verilirse faydal\u0131 olaca\u011f\u0131ma inan\u0131yorum. \u0130yi hizmet yap\u0131p, ayr\u0131l\u0131rken herkesin hay\u0131r duas\u0131n\u0131 almak \u00e7ok \u00f6nemli&#8221; ifadelerini kulland\u0131.<\/p>\n<p style=\"text-align: justify;\"><span style=\"color: #888888;\">Haber : G\u00fcrkan Ata \/ Ak\u015fam<\/span><\/p>\n<p style=\"text-align: justify;\"><a href=\"http:\/\/www.cnnturk.com\/2012\/guncel\/03\/19\/giresunda.garip.isler\/653685.0\/index.html\" target=\"_blank\">Kaynak : CNN T\u00dcRK<\/a><\/p>\n","protected":false},"excerpt":{"rendered":"<p style=\"text-align: center;\">\n<p style=\"text-align: justify;\">Giresun \u00dcniversitesi&#8217;nde y\u0131lan hikayesine d\u00f6nen rekt\u00f6rl\u00fck se\u00e7iminde ilgin\u00e7 bir geli\u015fme ya\u015fand\u0131. 31 oyla birinci ve 29 oyla ikinci olan adaylar\u0131 eleyen Y\u00d6K, \u015fimdi de sadece 1 oy olan Prof. Dr. Murat Teker&#8217;i aday g\u00f6sterdi. Prof. Dr. Teker, &#8220;Oy \u00f6nemli de\u011fil. Demek ki kariyerim etkili oldu&#8221; dedi.<\/p>\n<p style=\"text-align: justify;\">Giresun \u00dcniversitesi&#8217;nde <\/p>\n","protected":false},"author":1,"featured_media":0,"comment_status":"open","ping_status":"open","sticky":false,"template":"","format":"standard","meta":{"footnotes":""},"categories":[105],"tags":[],"class_list":["post-49586","post","type-post","status-publish","format-standard","hentry","category-gundem","odd"],"_links":{"self":[{"href":"http:\/\/www.korhanyilmaz.com\/index.php?rest_route=\/wp\/v2\/posts\/49586","targetHints":{"allow":["GET"]}}],"collection":[{"href":"http:\/\/www.korhanyilmaz.com\/index.php?rest_route=\/wp\/v2\/posts"}],"about":[{"href":"http:\/\/www.korhanyilmaz.com\/index.php?rest_route=\/wp\/v2\/types\/post"}],"author":[{"embeddable":true,"href":"http:\/\/www.korhanyilmaz.com\/index.php?rest_route=\/wp\/v2\/users\/1"}],"replies":[{"embeddable":true,"href":"http:\/\/www.korhanyilmaz.com\/index.php?rest_route=%2Fwp%2Fv2%2Fcomments&post=49586"}],"version-history":[{"count":0,"href":"http:\/\/www.korhanyilmaz.com\/index.php?rest_route=\/wp\/v2\/posts\/49586\/revisions"}],"wp:attachment":[{"href":"http:\/\/www.korhanyilmaz.com\/index.php?rest_route=%2Fwp%2Fv2%2Fmedia&parent=49586"}],"wp:term":[{"taxonomy":"category","embeddable":true,"href":"http:\/\/www.korhanyilmaz.com\/index.php?rest_route=%2Fwp%2Fv2%2Fcategories&post=49586"},{"taxonomy":"post_tag","embeddable":true,"href":"http:\/\/www.korhanyilmaz.com\/index.php?rest_route=%2Fwp%2Fv2%2Ftags&post=49586"}],"curies":[{"name":"wp","href":"https:\/\/api.w.org\/{rel}","templated":true}]}}