{"id":49582,"date":"2012-03-18T23:17:30","date_gmt":"2012-03-18T21:17:30","guid":{"rendered":"http:\/\/www.korhanyilmaz.com\/?p=49582"},"modified":"2012-03-19T09:31:55","modified_gmt":"2012-03-19T07:31:55","slug":"aydinda-protokol-krizi","status":"publish","type":"post","link":"http:\/\/www.korhanyilmaz.com\/?p=49582","title":{"rendered":"Ayd\u0131n&#8217;da protokol krizi"},"content":{"rendered":"<p style=\"text-align: justify;\"><a href=\"http:\/\/www.korhanyilmaz.com\/wp-content\/uploads\/2012\/03\/A0022.jpg\"  class=\"lightview\"><img loading=\"lazy\" decoding=\"async\" class=\"aligncenter size-full wp-image-49583\" title=\"\" src=\"http:\/\/www.korhanyilmaz.com\/wp-content\/uploads\/2012\/03\/A0022.jpg\" alt=\"\" width=\"292\" height=\"195\" \/><\/a><\/p>\n<p style=\"text-align: justify;\">Ayd\u0131n&#8217;da, 18 Mart \u00c7anakkale Zaferi ve \u015eehitleri Anma G\u00fcn\u00fc etkinliklerinde sadece AK Parti Ayd\u0131n Milletvekili Mehmet Erdem&#8217;e konu\u015fma yapt\u0131r\u0131lmas\u0131, MHP Ayd\u0131n Milletvekili ve TBMM \u0130dare Amiri Ali Uzun\u0131rmak&#8217;\u0131n tepkisine neden oldu.<\/p>\n<p style=\"text-align: justify;\">(DHA) &#8212; Kriz, 18 Mart \u00c7anakkale Zaferi ve \u015eehitleri Anma G\u00fcn\u00fc etkinlikleri program\u0131 kapsam\u0131nda K\u00f6\u015fk \u0130l\u00e7esi&#8217;ne ba\u011fl\u0131 Karatepe K\u00f6y\u00fc \u015eehitli\u011fi&#8217;nde ya\u015fand\u0131. <!--more--><\/p>\n<p style=\"text-align: justify;\">Sabah saatlerinden itibaren t\u00fcm programlara birlikte kat\u0131lan Ayd\u0131n Valisi Kerem Al, MHP Ayd\u0131n Milletvekili ve TBMM \u0130dare Amiri Ali Uzun\u0131rmak, AK Parti Ayd\u0131n Milletvekilleri Mehmet Erdem, Semiha \u00d6y\u00fc\u015f ve G\u00fcltekin K\u0131l\u0131n\u00e7 etkinliklerin son dura\u011f\u0131 olan Karatepe \u015eehitli\u011fi&#8217;ndeki programa da kat\u0131ld\u0131.<\/p>\n<p style=\"text-align: justify;\">Ayd\u0131n \u0130l Merkezinden yakla\u015f\u0131k 40 kilometre mesafede ger\u00e7ekle\u015ftirilen programda, sadece AK Parti Ayd\u0131n Milletvekili Mehmet Erdem konu\u015ftu.<\/p>\n<p style=\"text-align: justify;\">Milletvekili Mehmet Erdem, Ba\u015fbakan Recep Tayyip Erdo\u011fan gibi \u015fiirle ba\u015flay\u0131p konu\u015fmayla s\u00f6z\u00fc bitirmesinin ard\u0131ndan, Ayd\u0131n Valisi Kerem Al, k\u00fcrs\u00fcye \u00e7\u0131karak son s\u00f6z\u00fc s\u00f6yledi.<\/p>\n<p style=\"text-align: justify;\">Vali Kerem Al&#8217;\u0131n konu\u015fmas\u0131n\u0131n ard\u0131ndan program ve konu\u015fmalar sona erince programa \u0130l Ba\u015fkan\u0131, \u0130l\u00e7e Ba\u015fkan\u0131 ve beraberindeki bir grup partili ile birlikte kat\u0131lan MHP Ayd\u0131n Milletvekili ve TBMM \u0130dare Amiri Ali Uzun\u0131rmak, Vali Kerem Al&#8217;\u0131n yan\u0131na gelerek, protokolde ve usulde yanl\u0131\u015flar yap\u0131ld\u0131\u011f\u0131n\u0131 belirtti.<\/p>\n<p style=\"text-align: justify;\">Uzun\u0131rmak, sadece AK Parti Milletvekili Mehmet Erdem ve Semiha \u00d6y\u00fc\u015f&#8217;e s\u00f6z verilmesini sert bir dille ele\u015ftirdi.<\/p>\n<p style=\"text-align: justify;\"><strong>\u0130lgin\u00e7 diyaloglar<\/strong><\/p>\n<p style=\"text-align: justify;\">Vali ile Milletvekili aras\u0131nda ilgin\u00e7 diyaloglar\u0131n ya\u015fand\u0131\u011f\u0131 t\u00f6rende Vali Kerem Al, yanl\u0131\u015fl\u0131k varsa telafi edilece\u011fini belirterek ortam\u0131 yumu\u015fatmaya \u00e7al\u0131\u015ft\u0131.<\/p>\n<p style=\"text-align: justify;\">Bu s\u0131rada program\u0131 yapanlar, program ba\u015flamadan \u00f6nce milletvekillerinin konu\u015fma talebi olup olmad\u0131\u011f\u0131n\u0131 sorduklar\u0131n\u0131, sadece Mehmet Erdem&#8217;in konu\u015fmak istedi\u011fini, AK Partili G\u00fcltekin K\u0131l\u0131n\u00e7 ile MHP&#8217;li Ali Uzun\u0131rmak&#8217;a programa ge\u00e7 kat\u0131ld\u0131klar\u0131 i\u00e7in konu\u015fma taleplerini sorma f\u0131rsat\u0131 bulamad\u0131klar\u0131n\u0131 kaydetti.<\/p>\n<p style=\"text-align: justify;\">Milletvekili Uzun\u0131rmak, Vali Kerem Al&#8217;a hitaben yapt\u0131\u011f\u0131 konu\u015fmada, &#8220;Say\u0131n Valim siz benim yerimde olsan\u0131z ne yapard\u0131n\u0131z?&#8221; dedi. Bunun \u00fczerine Vali Kerem Al&#8217;\u0131n, &#8220;Fark edilememi\u015f olabilir yerimi size vereyim&#8221; demesi \u00fczerine Milletvekili Uzun\u0131rmak, &#8220;Mesele yer meselesi de\u011fil, burada konu\u015facaksa ya herkes konu\u015fsun, ya da kimse konu\u015fturulmas\u0131n. Biz millet iradesini temsil ediyoruz. Benim oldu\u011fum pozisyonu siz nas\u0131l izah edersiniz. Ben yer meselesine ald\u0131rm\u0131yorum. Protokolde ben bu arkada\u015flardan daha \u00f6ndeyim. TBMM \u0130dare Amiriyim. Ancak bu yap\u0131lanlar yanl\u0131\u015f&#8221; dedi.<\/p>\n<p style=\"text-align: justify;\">Milletvekili Uzun\u0131rmak&#8217;\u0131n bu konu\u015fmas\u0131 s\u0131ras\u0131nda bir vatanda\u015f, &#8220;Yarad\u0131lan\u0131 ho\u015f g\u00f6r\u00fcn Yaradan&#8217;dan \u00f6t\u00fcr\u00fc. Buraya dua etmeye geldik. \u00dczerimizdeki elbiselerin ve makam mevkilerin \u00f6nemi yok&#8221; diye seslendi. Kendisini uyaran vatanda\u015fa te\u015fekk\u00fcr eden MHP Ayd\u0131n Milletvekili Ali Uzun\u0131rmak, t\u00f6ren yerinden ayr\u0131ld\u0131. Resmi plakal\u0131 makam otosuna giden TBMM \u0130dare Amiri Ali Uzun\u0131rmak, daha sonra tekrar geri d\u00f6n\u00fcp program\u0131n kalan k\u0131sm\u0131na kat\u0131l\u0131nca, kriz tatl\u0131ya ba\u011flanm\u0131\u015f oldu.<\/p>\n<p style=\"text-align: justify;\"><a href=\"http:\/\/www.cnnturk.com\/2012\/guncel\/03\/18\/aydinda.protokol.krizi\/653677.0\/index.html\" target=\"_blank\">Kaynak : CNN T\u00dcRK<\/a><\/p>\n","protected":false},"excerpt":{"rendered":"<p style=\"text-align: justify;\">\n<p style=\"text-align: justify;\">Ayd\u0131n&#8217;da, 18 Mart \u00c7anakkale Zaferi ve \u015eehitleri Anma G\u00fcn\u00fc etkinliklerinde sadece AK Parti Ayd\u0131n Milletvekili Mehmet Erdem&#8217;e konu\u015fma yapt\u0131r\u0131lmas\u0131, MHP Ayd\u0131n Milletvekili ve TBMM \u0130dare Amiri Ali Uzun\u0131rmak&#8217;\u0131n tepkisine neden oldu.<\/p>\n<p style=\"text-align: justify;\">(DHA) &#8212; Kriz, 18 Mart \u00c7anakkale Zaferi ve \u015eehitleri Anma G\u00fcn\u00fc etkinlikleri program\u0131 kapsam\u0131nda K\u00f6\u015fk \u0130l\u00e7esi&#8217;ne ba\u011fl\u0131 <\/p>\n","protected":false},"author":1,"featured_media":0,"comment_status":"open","ping_status":"open","sticky":false,"template":"","format":"standard","meta":{"footnotes":""},"categories":[105],"tags":[],"class_list":["post-49582","post","type-post","status-publish","format-standard","hentry","category-gundem","odd"],"_links":{"self":[{"href":"http:\/\/www.korhanyilmaz.com\/index.php?rest_route=\/wp\/v2\/posts\/49582","targetHints":{"allow":["GET"]}}],"collection":[{"href":"http:\/\/www.korhanyilmaz.com\/index.php?rest_route=\/wp\/v2\/posts"}],"about":[{"href":"http:\/\/www.korhanyilmaz.com\/index.php?rest_route=\/wp\/v2\/types\/post"}],"author":[{"embeddable":true,"href":"http:\/\/www.korhanyilmaz.com\/index.php?rest_route=\/wp\/v2\/users\/1"}],"replies":[{"embeddable":true,"href":"http:\/\/www.korhanyilmaz.com\/index.php?rest_route=%2Fwp%2Fv2%2Fcomments&post=49582"}],"version-history":[{"count":0,"href":"http:\/\/www.korhanyilmaz.com\/index.php?rest_route=\/wp\/v2\/posts\/49582\/revisions"}],"wp:attachment":[{"href":"http:\/\/www.korhanyilmaz.com\/index.php?rest_route=%2Fwp%2Fv2%2Fmedia&parent=49582"}],"wp:term":[{"taxonomy":"category","embeddable":true,"href":"http:\/\/www.korhanyilmaz.com\/index.php?rest_route=%2Fwp%2Fv2%2Fcategories&post=49582"},{"taxonomy":"post_tag","embeddable":true,"href":"http:\/\/www.korhanyilmaz.com\/index.php?rest_route=%2Fwp%2Fv2%2Ftags&post=49582"}],"curies":[{"name":"wp","href":"https:\/\/api.w.org\/{rel}","templated":true}]}}