{"id":49576,"date":"2012-03-18T21:22:38","date_gmt":"2012-03-18T19:22:38","guid":{"rendered":"http:\/\/www.korhanyilmaz.com\/?p=49576"},"modified":"2012-03-19T02:24:25","modified_gmt":"2012-03-19T00:24:25","slug":"ankarada-surpriz-pazar-zirvesi","status":"publish","type":"post","link":"http:\/\/www.korhanyilmaz.com\/?p=49576","title":{"rendered":"Ankara&#8217;da s\u00fcrpriz pazar zirvesi"},"content":{"rendered":"<p style=\"text-align: center;\"><a href=\"http:\/\/www.korhanyilmaz.com\/wp-content\/uploads\/2012\/03\/A0021.jpg\"  class=\"lightview\"><img loading=\"lazy\" decoding=\"async\" class=\"aligncenter  wp-image-49577\" src=\"http:\/\/www.korhanyilmaz.com\/wp-content\/uploads\/2012\/03\/A0021.jpg\" alt=\"\" width=\"308\" height=\"206\" \/><\/a><\/p>\n<p style=\"text-align: justify;\">Ba\u015fbakan Recep Tayyip Erdo\u011fan, M\u0130T M\u00fcste\u015far\u0131 Hakan Fidan ile yakla\u015f\u0131k 1,5 saat g\u00f6r\u00fc\u015ft\u00fc.<\/p>\n<p style=\"text-align: justify;\">8 y\u0131l sonra \u00c7anakkale\u2019deki anmaya kat\u0131lmayan Ba\u015fbakan Erdo\u011fan, d\u00fcn Ankara Subayevleri\u2019ndeki evinde M\u0130T M\u00fcste\u015far\u0131 Hakan Fidan\u2019\u0131 a\u011f\u0131rlad\u0131. Kulislerin hareketlendi\u011fi iki saatlik g\u00f6r\u00fc\u015fmede Ba\u015fbakan Yard\u0131mc\u0131s\u0131 Bekir Bozda\u011f, Adalet Bakan\u0131 Sadullah Ergin, AK Parti Grup Ba\u015fkanvekili Mahir \u00dcnal, Genel Ba\u015fkan Yard\u0131mc\u0131s\u0131 \u00d6mer \u00c7elik, Genel Sekreter Haluk \u0130pek de bulundu.\u00a0<!--more--><\/p>\n<p style=\"text-align: justify;\">Ankara- Uzun bir aradan sonra hafta sonunu Ankara\u2019da ge\u00e7iren Ba\u015fbakan Recep Tayyip Erdo\u011fan, Subayevleri\u2019ndeki evinde M\u0130T M\u00fcste\u015far\u0131 Hakan Fidan ile s\u00fcrpriz bir g\u00f6r\u00fc\u015fme yapt\u0131. Erdo\u011fan\u2019\u0131n Fidan ile g\u00f6r\u00fc\u015fmesi yakla\u015f\u0131k iki saat s\u00fcrd\u00fc. G\u00f6r\u00fc\u015fmede, Ba\u015fbakan Yard\u0131mc\u0131s\u0131 Bekir Bozda\u011f, Adalet Bakan\u0131 Sadullah Ergin, AK Parti Grup Ba\u015fkanvekili Mahir \u00dcnal, Genel Ba\u015fkan Yard\u0131mc\u0131s\u0131 \u00d6mer \u00c7elik, Genel Sekreter Haluk \u0130pek de bulundu. Erdo\u011fan, Fidan ile g\u00f6r\u00fc\u015fmesi sonras\u0131nda bakanlar ve parti kurmaylar\u0131yla g\u00f6r\u00fc\u015fmesini s\u00fcrd\u00fcrd\u00fc. Ba\u015fbakan\u2019\u0131n Pazar mesaisi ak\u015fam saatlerine kadar s\u00fcrd\u00fc.<\/p>\n<p style=\"text-align: justify;\">\u0130lki 26 Kas\u0131m, ikincisi 11 \u015eubat\u2019taki ameliyatlar\u0131 sonras\u0131 haftasonlar\u0131n\u0131 \u0130stanbul\u2019daki evinde ge\u00e7iren Ba\u015fbakan Erdo\u011fan, uzun bir aradan sonra haftasonu Ankara\u2019da kald\u0131. Cuma namaz\u0131n\u0131 da yine uzun bir aradan sonra Ankara\u2019da k\u0131lan Erdo\u011fan, d\u00fcn g\u00fcn boyunca Ke\u00e7i\u00f6ren Subayevleri\u2019ndeki evindeydi. Ancak Ba\u015fbakan \u00e7al\u0131\u015fmaya ara vermedi.<\/p>\n<p style=\"text-align: justify;\"><strong>Kullisler heyecanland\u0131<\/strong><\/p>\n<p style=\"text-align: justify;\">8 y\u0131l aradan sonra ilk kez \u00c7anakkale\u2019de d\u00fczenlenen kutlamalara kat\u0131lmayan, Kabil\u2019den gelen 12 \u015fehit haberi sonras\u0131 Almanya ziyaretini de iptal eden Ba\u015fbakan Erdo\u011fan, d\u00fcn g\u00fcn boyu \u00e7al\u0131\u015fmalar\u0131n\u0131 evinden s\u00fcrd\u00fcrd\u00fc. Ba\u015fbakan\u2019\u0131n ilk ziyaret\u00e7isi ise kulislerde heyecan yaratt\u0131. M\u0130T M\u00fcste\u015far\u0131 Hakan Fidan, Ba\u015fbakan\u2019la g\u00f6r\u00fc\u015fmek i\u00e7in saat 13.00 s\u0131ralar\u0131nda Subayevleri\u2019ne geldi. Ba\u015fbakan ile M\u0130T M\u00fcste\u015far\u0131\u2019n\u0131n yakla\u015f\u0131k iki saat s\u00fcren g\u00f6r\u00fc\u015fmesinde, Ba\u015fbakan Yard\u0131mc\u0131s\u0131 Bekir Bozda\u011f, Adalet Bakan\u0131 Sadullah Ergin ile AK Parti Grup Ba\u015fkanvekili Mahir \u00dcnal, Genel Ba\u015fkan Yard\u0131mc\u0131s\u0131 \u00d6mer \u00c7elik ve Genel Sekreter Haluk \u0130pek\u2019in de bulundu\u011fu belirtildi. M\u0130T M\u00fcste\u015far\u0131 Fidan Ke\u00e7i\u00f6ren\u2019den ayr\u0131l\u0131rken, Ba\u015fbakan\u2019\u0131n, iki bakan ve parti kurmaylar\u0131 ile toplant\u0131s\u0131 s\u00fcrd\u00fc.<\/p>\n<p style=\"text-align: justify;\"><strong>Ne konu\u015fuldu?<\/strong><\/p>\n<p style=\"text-align: justify;\">Ba\u015fbakan\u2019\u0131n, ge\u00e7ti\u011fimiz hafta haftal\u0131k ola\u011fan g\u00f6r\u00fc\u015fmesini yapamad\u0131\u011f\u0131 M\u0130T M\u00fcste\u015far\u0131 Fidan ile s\u0131n\u0131rdan ge\u00e7i\u015flerin artt\u0131\u011f\u0131 ve tampon b\u00f6lgenin g\u00fcndemde oldu\u011fu Suriye ba\u015fta olmak \u00fczere, Afganistan, yakla\u015fan Nevruz \u00f6ncesi geli\u015fmeler, ter\u00f6rle ilgili son geli\u015fmeler ve istihbarat raporlar\u0131n\u0131 ele ald\u0131\u011f\u0131 belirtildi. Di\u011fer taraftan s\u00fcrpiz g\u00f6r\u00fc\u015fme, KCK soru\u015fturmas\u0131n\u0131 y\u00fcr\u00fcten savc\u0131lar\u0131n, Fidan ile eski M\u0130T g\u00f6revlilerinin ifadesinin al\u0131nmas\u0131 i\u00e7in Ba\u015fbakan Erdo\u011fan\u2019dan izin istemelerini de ak\u0131llara getirdi. Ba\u015fbakan Erdo\u011fan hen\u00fcz bu talebe yan\u0131t vermedi.<\/p>\n<p style=\"text-align: justify;\">Ba\u015fbakan\u2019\u0131n, Bozda\u011f, Ergin ve parti kurmaylar\u0131yla ise Meclis g\u00fcndemini g\u00f6r\u00fc\u015ft\u00fc\u011f\u00fc ifade edildi. Ba\u015fta zorunlu e\u011fitim olmak \u00fczere, yarg\u0131n\u0131n h\u0131zland\u0131r\u0131lmas\u0131na y\u00f6nelik paket, i\u00e7 t\u00fcz\u00fck konular\u0131n\u0131n ele al\u0131nd\u0131\u011f\u0131 \u00f6\u011frenildi. G\u00f6r\u00fc\u015fmelerde \u00f6zellikle muhalefetin, komisyon g\u00f6r\u00fc\u015fmelerinde oldu\u011fu gibi Genel Kurul\u2019da da engellemek i\u00e7in her t\u00fcrl\u00fc imkan\u0131 kullanaca\u011f\u0131n\u0131 a\u00e7\u0131klad\u0131\u011f\u0131 ve iktidar partisine \u201cgeri \u00e7ekin\u201d \u00e7a\u011fr\u0131s\u0131 yapt\u0131\u011f\u0131 4 4 4 teklifinin konu\u015fuldu\u011fu \u00f6\u011frenildi.<\/p>\n<p style=\"text-align: justify;\"><a href=\"http:\/\/www.radikal.com.tr\/Radikal.aspx?aType=RadikalDetayV3&amp;ArticleID=1082212&amp;CategoryID=78\" target=\"_blank\">Kaynak : Radikal.com.tr<\/a><\/p>\n","protected":false},"excerpt":{"rendered":"<p style=\"text-align: center;\">\n<p style=\"text-align: justify;\">Ba\u015fbakan Recep Tayyip Erdo\u011fan, M\u0130T M\u00fcste\u015far\u0131 Hakan Fidan ile yakla\u015f\u0131k 1,5 saat g\u00f6r\u00fc\u015ft\u00fc.<\/p>\n<p style=\"text-align: justify;\">8 y\u0131l sonra \u00c7anakkale\u2019deki anmaya kat\u0131lmayan Ba\u015fbakan Erdo\u011fan, d\u00fcn Ankara Subayevleri\u2019ndeki evinde M\u0130T M\u00fcste\u015far\u0131 Hakan Fidan\u2019\u0131 a\u011f\u0131rlad\u0131. Kulislerin hareketlendi\u011fi iki saatlik g\u00f6r\u00fc\u015fmede Ba\u015fbakan Yard\u0131mc\u0131s\u0131 Bekir Bozda\u011f, Adalet Bakan\u0131 Sadullah Ergin, AK Parti Grup Ba\u015fkanvekili Mahir <\/p>\n","protected":false},"author":1,"featured_media":0,"comment_status":"open","ping_status":"open","sticky":false,"template":"","format":"standard","meta":{"footnotes":""},"categories":[105],"tags":[],"class_list":["post-49576","post","type-post","status-publish","format-standard","hentry","category-gundem","odd"],"_links":{"self":[{"href":"http:\/\/www.korhanyilmaz.com\/index.php?rest_route=\/wp\/v2\/posts\/49576","targetHints":{"allow":["GET"]}}],"collection":[{"href":"http:\/\/www.korhanyilmaz.com\/index.php?rest_route=\/wp\/v2\/posts"}],"about":[{"href":"http:\/\/www.korhanyilmaz.com\/index.php?rest_route=\/wp\/v2\/types\/post"}],"author":[{"embeddable":true,"href":"http:\/\/www.korhanyilmaz.com\/index.php?rest_route=\/wp\/v2\/users\/1"}],"replies":[{"embeddable":true,"href":"http:\/\/www.korhanyilmaz.com\/index.php?rest_route=%2Fwp%2Fv2%2Fcomments&post=49576"}],"version-history":[{"count":0,"href":"http:\/\/www.korhanyilmaz.com\/index.php?rest_route=\/wp\/v2\/posts\/49576\/revisions"}],"wp:attachment":[{"href":"http:\/\/www.korhanyilmaz.com\/index.php?rest_route=%2Fwp%2Fv2%2Fmedia&parent=49576"}],"wp:term":[{"taxonomy":"category","embeddable":true,"href":"http:\/\/www.korhanyilmaz.com\/index.php?rest_route=%2Fwp%2Fv2%2Fcategories&post=49576"},{"taxonomy":"post_tag","embeddable":true,"href":"http:\/\/www.korhanyilmaz.com\/index.php?rest_route=%2Fwp%2Fv2%2Ftags&post=49576"}],"curies":[{"name":"wp","href":"https:\/\/api.w.org\/{rel}","templated":true}]}}