{"id":49572,"date":"2012-03-18T13:10:53","date_gmt":"2012-03-18T11:10:53","guid":{"rendered":"http:\/\/www.korhanyilmaz.com\/?p=49572"},"modified":"2012-03-19T01:30:25","modified_gmt":"2012-03-18T23:30:25","slug":"washington-timesdan-ilginc-benzetme","status":"publish","type":"post","link":"http:\/\/www.korhanyilmaz.com\/?p=49572","title":{"rendered":"Washington Times&#8217;dan ilgin\u00e7 benzetme"},"content":{"rendered":"<p style=\"text-align: center;\"><a href=\"http:\/\/www.korhanyilmaz.com\/wp-content\/uploads\/2012\/03\/A0020.jpg\"  class=\"lightview\"><img loading=\"lazy\" decoding=\"async\" class=\"aligncenter  wp-image-49573\" src=\"http:\/\/www.korhanyilmaz.com\/wp-content\/uploads\/2012\/03\/A0020.jpg\" alt=\"\" width=\"364\" height=\"204\" \/><\/a><\/p>\n<p style=\"text-align: justify;\">Washington Times gazetesince yay\u0131mlanan bir makalede T\u00fcrkiye\u2019de gazetecilik \u201cate\u015fle oynama\u201dya benzetildi. Makalede \u201cABD y\u00f6netimine ac\u0131mas\u0131zca h\u00fccum eden, Jay Leno gibi komedyenler, ku\u015fkusuz ki sanatlar\u0131n\u0131 T\u00fcrkiye\u2019de yapm\u0131\u015f olsa, kendilerini bir idam mangas\u0131 \u00f6n\u00fcnde bulurlard\u0131\u201d ifadeleri kullan\u0131ld\u0131.<\/p>\n<p style=\"text-align: justify;\">-Nedim \u015eener ve Ahmet \u015e\u0131k\u2019\u0131n tahliyeleri ve T\u00fcrkiye\u2019de tutuklu gazeteciler sorunu, yabanc\u0131 medyada yer almaya devam ediyor. Washington Times gazetesince yay\u0131mlanan bir makalede T\u00fcrkiye\u2019de gazetecilik \u201cate\u015fle oynama\u201dya benzetildi. <!--more--><\/p>\n<p style=\"text-align: justify;\">Makalede \u201cABD y\u00f6netimine ac\u0131mas\u0131zca h\u00fccum eden, Jay Leno gibi komedyenler, ku\u015fkusuz ki sanatlar\u0131n\u0131 T\u00fcrkiye\u2019de yapm\u0131\u015f olsa, kendilerini bir idam mangas\u0131 \u00f6n\u00fcnde bulurlard\u0131\u201d gibi s\u00f6zler \u00f6ne s\u00fcr\u00fcld\u00fc. Washington Times gazetesi, yazar L\u00fcke Montgomery imzas\u0131n\u0131 ta\u015f\u0131yan \u201cAte\u015fle Oynamak. T\u00fcrkiye\u2019de gazetecilik\u201d ba\u015fl\u0131kl\u0131 bir makale yay\u0131mlad\u0131. \u015eener ve \u015e\u0131k\u2019\u0131n aralar\u0131nda bulundu\u011fu d\u00f6rt gazetecinin tahliyesine dikkat \u00e7eken Montgomery, serbest kalan gazeteciler i\u00e7in \u201cSu\u00e7lar\u0131? Yazmakt\u0131r. Hay\u0131r, bekle. Sa\u00e7malad\u0131m (\u2026.) Su\u00e7lar\u0131, rejime kar\u015f\u0131 yazmakt\u0131r\u201d ifadelerini kulland\u0131. Bunun ard\u0131ndan \u201cT\u00fcrkiye\u2019de midir? Bir hata olmal\u0131. Ayn\u0131 \u00fclkeden mi s\u00f6z ediyoruz? Ortado\u011fu\u2019nun favori y\u00fckselen piyasas\u0131? AB\u2019ye aday \u00fclke mi?\u201d gibi sorular s\u0131ralad\u0131ktan sonra \u201cMaalesef, evet\u201d yan\u0131t\u0131n\u0131 veren Montgomery, \u201cT\u00fcrkiye, muhalif olduklar\u0131 i\u00e7in gazetecileri cezaevine g\u00f6nderiyor\u201d diye yazd\u0131.<\/p>\n<p style=\"text-align: justify;\">Makalede T\u00fcrkiye\u2019de \u201cLaikler ile \u0130slamiler aras\u0131ndaki g\u00fc\u00e7 m\u00fccadelesinin yeni bir \u015fey olmad\u0131\u011f\u0131\u201d savunulduktan sonra \u201c\u015eimdi ise fark, \u0130slamilerin onlarca y\u0131l ba\u015fta polis olmak \u00fczere devlet kurumlar\u0131na s\u0131zmalar\u0131n\u0131n ve Bat\u0131l\u0131 demokrasilerin c\u00f6mert yard\u0131mlar\u0131n\u0131n sayesinde hakimiyeti elde etmi\u015f olmalar\u0131d\u0131r\u201d g\u00f6r\u00fc\u015f\u00fc \u00f6ne s\u00fcr\u00fcld\u00fc. \u201cBat\u0131, sivil i\u015flere ordunun kar\u0131\u015fmamas\u0131nda \u0131srar ederek, ba\u015fta AB\u2019ye kat\u0131l\u0131m s\u00fcrecinin yoluyla T\u00fcrk ordusunu devre d\u0131\u015f\u0131 b\u0131rakarak \u00fclke \u00e7ap\u0131nda uzun bir s\u00fcre \u2018laik\u2019 rejim taraf\u0131ndan bask\u0131lanan dini unsurlar\u0131 cesaretlendirdi. Bu, \u2018halk\u0131n iradesi\u2019ne t\u00fcm k\u0131s\u0131tlamalar\u0131n ortadan kalkt\u0131\u011f\u0131 ve askeri g\u00fcc\u00fcn azalt\u0131ld\u0131\u011f\u0131 i\u00e7in normal olarak kutlanmas\u0131 gereken bir durum olurdu\u201d ifadelerine yer verilen makale \u201cAncak problem, Erdo\u011fan\u2019\u0131n, dini \u00f6zg\u00fcrl\u00fc\u011f\u00fc k\u0131s\u0131tlad\u0131\u011f\u0131 i\u00e7in ele\u015ftirdi\u011fi laik ordu kadar bask\u0131c\u0131 oldu\u011funu ortaya koymu\u015f olmas\u0131d\u0131r\u201d savlar\u0131 da \u00f6ne s\u00fcr\u00fcld\u00fc.<\/p>\n<p style=\"text-align: justify;\">Bu ba\u011flamda gazetecilerin tutukland\u0131\u011f\u0131n\u0131, karikat\u00fcrc\u00fclere davalar\u0131n a\u00e7\u0131ld\u0131\u011f\u0131n\u0131 belirten Montgomery, Ba\u015fbakan Erdo\u011fan\u2019\u0131 kastederek \u201cBelli ki Nelson Mandela, onun i\u00e7in rol modeli de\u011fil. ABD y\u00f6netimine ac\u0131mas\u0131zca h\u00fccum eden, Jay Leno gibi komedyenler, ku\u015fkusuz ki sanatlar\u0131n\u0131 T\u00fcrkiye\u2019de yapm\u0131\u015f olsa, kendilerini bir idam mangas\u0131 \u00f6n\u00fcnde bulurlard\u0131\u201d ifadelerini de kulland\u0131. S\u0131n\u0131r Tan\u0131mayan Gazeteciler \u00d6rg\u00fct\u00fc\u2019ne g\u00f6re, T\u00fcrkiye\u2019nin bas\u0131n \u00f6zg\u00fcrl\u00fc\u011f\u00fc s\u0131ralamas\u0131nda 148\u2019inci s\u0131rada oldu\u011funu, ancak Pakistan, Afganistan ve Irak gibi \u00fclkelerin birka\u00e7 basamak daha yukar\u0131da bulundu\u011fu vurguland\u0131\u011f\u0131 makalede \u201cBu hi\u00e7bir modern T\u00fcrk\u2019\u00fcn gurur duydu\u011fu bir \u015fey de\u011fildir\u201d denildi.<\/p>\n<p style=\"text-align: justify;\"><a href=\"http:\/\/dunya.milliyet.com.tr\/washington-times-dan-ilginc-benzetme\/dunya\/dunyadetay\/18.03.2012\/1516933\/default.htm\" target=\"_blank\">Kaynak : Milliyet.com.tr<\/a><\/p>\n","protected":false},"excerpt":{"rendered":"<p style=\"text-align: center;\">\n<p style=\"text-align: justify;\">Washington Times gazetesince yay\u0131mlanan bir makalede T\u00fcrkiye\u2019de gazetecilik \u201cate\u015fle oynama\u201dya benzetildi. Makalede \u201cABD y\u00f6netimine ac\u0131mas\u0131zca h\u00fccum eden, Jay Leno gibi komedyenler, ku\u015fkusuz ki sanatlar\u0131n\u0131 T\u00fcrkiye\u2019de yapm\u0131\u015f olsa, kendilerini bir idam mangas\u0131 \u00f6n\u00fcnde bulurlard\u0131\u201d ifadeleri kullan\u0131ld\u0131.<\/p>\n<p style=\"text-align: justify;\">-Nedim \u015eener ve Ahmet \u015e\u0131k\u2019\u0131n tahliyeleri ve T\u00fcrkiye\u2019de tutuklu gazeteciler sorunu, yabanc\u0131 medyada <\/p>\n","protected":false},"author":1,"featured_media":0,"comment_status":"open","ping_status":"open","sticky":false,"template":"","format":"standard","meta":{"footnotes":""},"categories":[105],"tags":[],"class_list":["post-49572","post","type-post","status-publish","format-standard","hentry","category-gundem","odd"],"_links":{"self":[{"href":"http:\/\/www.korhanyilmaz.com\/index.php?rest_route=\/wp\/v2\/posts\/49572","targetHints":{"allow":["GET"]}}],"collection":[{"href":"http:\/\/www.korhanyilmaz.com\/index.php?rest_route=\/wp\/v2\/posts"}],"about":[{"href":"http:\/\/www.korhanyilmaz.com\/index.php?rest_route=\/wp\/v2\/types\/post"}],"author":[{"embeddable":true,"href":"http:\/\/www.korhanyilmaz.com\/index.php?rest_route=\/wp\/v2\/users\/1"}],"replies":[{"embeddable":true,"href":"http:\/\/www.korhanyilmaz.com\/index.php?rest_route=%2Fwp%2Fv2%2Fcomments&post=49572"}],"version-history":[{"count":0,"href":"http:\/\/www.korhanyilmaz.com\/index.php?rest_route=\/wp\/v2\/posts\/49572\/revisions"}],"wp:attachment":[{"href":"http:\/\/www.korhanyilmaz.com\/index.php?rest_route=%2Fwp%2Fv2%2Fmedia&parent=49572"}],"wp:term":[{"taxonomy":"category","embeddable":true,"href":"http:\/\/www.korhanyilmaz.com\/index.php?rest_route=%2Fwp%2Fv2%2Fcategories&post=49572"},{"taxonomy":"post_tag","embeddable":true,"href":"http:\/\/www.korhanyilmaz.com\/index.php?rest_route=%2Fwp%2Fv2%2Ftags&post=49572"}],"curies":[{"name":"wp","href":"https:\/\/api.w.org\/{rel}","templated":true}]}}