{"id":49567,"date":"2012-03-18T15:10:29","date_gmt":"2012-03-18T13:10:29","guid":{"rendered":"http:\/\/www.korhanyilmaz.com\/?p=49567"},"modified":"2012-03-19T00:23:01","modified_gmt":"2012-03-18T22:23:01","slug":"yumurta-atmaya-5-yil","status":"publish","type":"post","link":"http:\/\/www.korhanyilmaz.com\/?p=49567","title":{"rendered":"Yumurta atmaya 5 y\u0131l"},"content":{"rendered":"<p style=\"text-align: justify;\"><a href=\"http:\/\/www.korhanyilmaz.com\/wp-content\/uploads\/2012\/03\/A0018.jpg\"  class=\"lightview\"><img loading=\"lazy\" decoding=\"async\" class=\"aligncenter size-full wp-image-49568\" title=\"\" src=\"http:\/\/www.korhanyilmaz.com\/wp-content\/uploads\/2012\/03\/A0018.jpg\" alt=\"\" width=\"298\" height=\"211\" \/><\/a><\/p>\n<p style=\"text-align: justify;\">AB Bakan\u0131 Ba\u011f\u0131\u015f&#8217;a yumurta atan \u00fcniversite \u00f6\u011frencisi Esin \u00c7al\u0131\u015fkan&#8217;a &#8216;kasten yaralama&#8217; su\u00e7undan 5 y\u0131la kadar, &#8216;AKP defol, \u00fcniversiteler bizimdir&#8217; slogan\u0131 atan Ayberk Demirhan&#8217;a ise 2 y\u0131l hapis cezas\u0131 istemiyle dava a\u00e7\u0131ld\u0131.<\/p>\n<p style=\"text-align: justify;\">Avrupa Birli\u011fi Bakan\u0131 Egemen Ba\u011f\u0131\u015f, ge\u00e7en y\u0131l 8 Aral\u0131k&#8217;ta \u00e7e\u015fitli etkinliklere kat\u0131l\u0131p ziyaretlerde bulunmak i\u00e7in \u0130zmir&#8217;e gelmi\u015fti. Ege \u00dcniversitesi Kampus\u00fc&#8217;ndeki etkinli\u011fin t\u00f6reni s\u0131ras\u0131nda \u0130leti\u015fim Fak\u00fcltesi birinci s\u0131n\u0131f \u00f6\u011frencisi ve \u00d6\u011frenci Kollektifleri \u00fcyesi Esin \u00c7al\u0131\u015fkan ile Ayberk Demirhan, kendisinden \u00f6nceki konu\u015fmac\u0131y\u0131 dinleyen Bakan Ba\u011f\u0131\u015f&#8217;a, &#8220;AKP defol, \u00fcniversiteler bizimdir&#8221; diye ba\u011f\u0131rd\u0131. Ard\u0131ndan da 20 ya\u015f\u0131ndaki Esin \u00c7al\u0131\u015fkan, elindeki yumurtay\u0131 Bakan Ba\u011f\u0131\u015f&#8217;a f\u0131rlatt\u0131. <!--more--><\/p>\n<p style=\"text-align: justify;\"><a href=\"http:\/\/www.korhanyilmaz.com\/wp-content\/uploads\/2012\/03\/A0019.jpg\"  class=\"lightview\"><img loading=\"lazy\" decoding=\"async\" class=\"alignleft  wp-image-49569\" style=\"margin-left: 10px; margin-right: 10px;\" src=\"http:\/\/www.korhanyilmaz.com\/wp-content\/uploads\/2012\/03\/A0019.jpg\" alt=\"\" width=\"155\" height=\"193\" \/><\/a>Bakan Egemen Ba\u011f\u0131\u015f&#8217;\u0131n korumalar\u0131, yumurta at\u0131lmas\u0131na kar\u015f\u0131 \u00f6nlem amac\u0131yla yanlar\u0131nda bulundurduklar\u0131 \u015femsiyeleri a\u00e7sa da at\u0131lan yumurta, sa\u011f g\u00f6z\u00fcn\u00fcn alt taraf\u0131na isabet etti. Korumalar Bakan Ba\u011f\u0131\u015f&#8217;\u0131n etraf\u0131na etten duvar \u00f6rerek g\u00f6r\u00fcnt\u00fc al\u0131nmas\u0131na izin vermedi, bir s\u00fcre sonra k\u00fcrs\u00fcye \u00e7\u0131kan Bakan Ba\u011f\u0131\u015f&#8217;\u0131n sa\u011f g\u00f6z\u00fcn\u00fcn alt\u0131nda k\u00fc\u00e7\u00fck bir noktan\u0131n kan toplad\u0131\u011f\u0131 ve hafif \u015fi\u015fti\u011fi, paltosunda da yumurta lekeleri oldu\u011fu g\u00f6r\u00fcld\u00fc.<\/p>\n<p style=\"text-align: justify;\">Protesto g\u00f6sterisinin ard\u0131ndan polis taraf\u0131ndan g\u00f6zalt\u0131na al\u0131nan ve bir gece nezarette kald\u0131ktan sonra Adliye&#8217;ye sevk edilen Esin \u00c7al\u0131\u015fkan, mahkemece, 20 ya\u015f\u0131ndaki Ayberk Demirhan ise savc\u0131ya verdi\u011fi ifadenin ard\u0131ndan tutuksuz yarg\u0131lanmak \u00fczere serbest b\u0131rak\u0131ld\u0131.<\/p>\n<p style=\"text-align: justify;\">Olay\u0131 soru\u015fturan savc\u0131 da iddianamesini haz\u0131rlad\u0131. Olay an\u0131nda g\u00f6revli koruma polislerinin de tan\u0131k olarak ifadeleri al\u0131nd\u0131. \u0130ddianamade, Avrupa Birli\u011fi Bakan\u0131 Egemen Ba\u011f\u0131\u015f&#8217;\u0131n, doktor raporunda da yer ald\u0131\u011f\u0131 gibi &#8220;sa\u011f g\u00f6z\u00fcn\u00fcn alt\u0131ndan, hayati tehlike ge\u00e7irmeksizin, basit bir t\u0131bb\u0131 m\u00fcdahale ile giderilebilecek nitelikte yaraland\u0131\u011f\u0131&#8221; yer ald\u0131. Soru\u015fturma sonras\u0131nda, \u00f6\u011frencilerden Esin \u00c7al\u0131\u015fkan&#8217;a &#8220;kasten yaralama&#8221; su\u00e7undan 5 y\u0131la kadar hapis cezas\u0131 istemiyle, &#8220;AKP defol, \u00fcniversiteler bizimdir&#8221; slogan\u0131n\u0131 atan Ayberk Demirhan&#8217;a ise 2 y\u0131l hapis cezas\u0131 istemiyle dava a\u00e7\u0131ld\u0131. Davan\u0131n \u00f6n\u00fcm\u00fczdeki g\u00fcnlerde Sulh Ceza Mahkemesi&#8217;nde g\u00f6r\u00fclmeye ba\u015flanaca\u011f\u0131 bildirildi.<\/p>\n<p style=\"text-align: justify;\"><a href=\"http:\/\/www.ntvmsnbc.com\/id\/25331577\/\" target=\"_blank\">Kaynak : NTVMSNBC<\/a><\/p>\n","protected":false},"excerpt":{"rendered":"<p style=\"text-align: justify;\">\n<p style=\"text-align: justify;\">AB Bakan\u0131 Ba\u011f\u0131\u015f&#8217;a yumurta atan \u00fcniversite \u00f6\u011frencisi Esin \u00c7al\u0131\u015fkan&#8217;a &#8216;kasten yaralama&#8217; su\u00e7undan 5 y\u0131la kadar, &#8216;AKP defol, \u00fcniversiteler bizimdir&#8217; slogan\u0131 atan Ayberk Demirhan&#8217;a ise 2 y\u0131l hapis cezas\u0131 istemiyle dava a\u00e7\u0131ld\u0131.<\/p>\n<p style=\"text-align: justify;\">Avrupa Birli\u011fi Bakan\u0131 Egemen Ba\u011f\u0131\u015f, ge\u00e7en y\u0131l 8 Aral\u0131k&#8217;ta \u00e7e\u015fitli etkinliklere kat\u0131l\u0131p ziyaretlerde bulunmak i\u00e7in \u0130zmir&#8217;e gelmi\u015fti. <\/p>\n","protected":false},"author":1,"featured_media":0,"comment_status":"open","ping_status":"open","sticky":false,"template":"","format":"standard","meta":{"footnotes":""},"categories":[105],"tags":[],"class_list":["post-49567","post","type-post","status-publish","format-standard","hentry","category-gundem","odd"],"_links":{"self":[{"href":"http:\/\/www.korhanyilmaz.com\/index.php?rest_route=\/wp\/v2\/posts\/49567","targetHints":{"allow":["GET"]}}],"collection":[{"href":"http:\/\/www.korhanyilmaz.com\/index.php?rest_route=\/wp\/v2\/posts"}],"about":[{"href":"http:\/\/www.korhanyilmaz.com\/index.php?rest_route=\/wp\/v2\/types\/post"}],"author":[{"embeddable":true,"href":"http:\/\/www.korhanyilmaz.com\/index.php?rest_route=\/wp\/v2\/users\/1"}],"replies":[{"embeddable":true,"href":"http:\/\/www.korhanyilmaz.com\/index.php?rest_route=%2Fwp%2Fv2%2Fcomments&post=49567"}],"version-history":[{"count":0,"href":"http:\/\/www.korhanyilmaz.com\/index.php?rest_route=\/wp\/v2\/posts\/49567\/revisions"}],"wp:attachment":[{"href":"http:\/\/www.korhanyilmaz.com\/index.php?rest_route=%2Fwp%2Fv2%2Fmedia&parent=49567"}],"wp:term":[{"taxonomy":"category","embeddable":true,"href":"http:\/\/www.korhanyilmaz.com\/index.php?rest_route=%2Fwp%2Fv2%2Fcategories&post=49567"},{"taxonomy":"post_tag","embeddable":true,"href":"http:\/\/www.korhanyilmaz.com\/index.php?rest_route=%2Fwp%2Fv2%2Ftags&post=49567"}],"curies":[{"name":"wp","href":"https:\/\/api.w.org\/{rel}","templated":true}]}}