{"id":49561,"date":"2012-03-18T13:58:47","date_gmt":"2012-03-18T11:58:47","guid":{"rendered":"http:\/\/www.korhanyilmaz.com\/?p=49561"},"modified":"2012-03-19T00:17:30","modified_gmt":"2012-03-18T22:17:30","slug":"erdoganin-evinde-surpriz-gorusme","status":"publish","type":"post","link":"http:\/\/www.korhanyilmaz.com\/?p=49561","title":{"rendered":"Ankara&#8217;da s\u00fcrpriz g\u00f6r\u00fc\u015fme"},"content":{"rendered":"<p style=\"text-align: center;\"><a href=\"http:\/\/www.korhanyilmaz.com\/wp-content\/uploads\/2012\/03\/A0017.jpg\"  class=\"lightview\"><img loading=\"lazy\" decoding=\"async\" class=\"aligncenter  wp-image-49565\" src=\"http:\/\/www.korhanyilmaz.com\/wp-content\/uploads\/2012\/03\/A0017.jpg\" alt=\"\" width=\"333\" height=\"191\" \/><\/a><\/p>\n<p style=\"text-align: justify;\">Ba\u015fbakan Erdo\u011fan, Ke\u00e7i\u00f6ren&#8217;deki evinde M\u0130T M\u00fcste\u015far\u0131 Hakan Fidan ile g\u00f6r\u00fc\u015ft\u00fc.<\/p>\n<p style=\"text-align: justify;\">ANKARA &#8211; Ba\u015fbakan Recep Tayyip Erdo\u011fan, Ankara Ke\u00e7i\u00f6ren&#8217;deki evinde \u00f6\u011fle saatlerinde M\u0130T M\u00fcste\u015far\u0131 Hakan Fidan&#8217;la biraraya geldi.<\/p>\n<p style=\"text-align: justify;\">Yakla\u015f\u0131k iki saat s\u00fcren g\u00f6r\u00fc\u015fmede, Suriye&#8217;de ya\u015fanan olaylar\u0131n de\u011ferlendirildi\u011fi tampon b\u00f6lge tart\u0131\u015fmalar\u0131n\u0131n masaya yat\u0131r\u0131ld\u0131\u011f\u0131 \u00f6\u011frenildi.<\/p>\n<p style=\"text-align: justify;\">G\u00f6r\u00fc\u015fme s\u0131ras\u0131nda Suriye s\u0131n\u0131r\u0131nda ya\u015fanan s\u0131\u011f\u0131nmac\u0131 ak\u0131\u015f\u0131na ili\u015fkin haz\u0131rlanan M\u0130T raporu da Ba\u015fbakan&#8217;a iletildi.<!--more--><\/p>\n<p style=\"text-align: justify;\">Erdo\u011fan-Fidan g\u00f6r\u00fc\u015fmesinde ayr\u0131ca Nevruz kutlamalar\u0131 \u00f6ncesi gelen istihbarat bilgileri ve ter\u00f6rle m\u00fccadele konusu da ele al\u0131nd\u0131.<\/p>\n<p style=\"text-align: justify;\">Ba\u015fbakan, Hakan Fidan&#8217;\u0131n ard\u0131ndan Ba\u015fbakan Yard\u0131mc\u0131s\u0131 Bekir Bozda\u011f ve Adalet Bakan\u0131 Sadullah Ergin&#8217;le bir araya geldi.<\/p>\n<p style=\"text-align: justify;\">Erdo\u011fan, Bozda\u011f ve Ergin ile hem kademeli e\u011fitim d\u00fczenlemesinde hem de d\u00f6rd\u00fcnc\u00fc yarg\u0131 paketinde gelinen durumu de\u011ferlendirdi.<\/p>\n<p style=\"text-align: justify;\">AK Parti Genel Sekreteri Haluk \u0130pek, Genel Ba\u015fkan Yard\u0131mc\u0131s\u0131 \u00d6mer \u00c7elik ve Grup Ba\u015fkanvekili Mahir \u00dcnal&#8217;la da g\u00f6r\u00fc\u015fen Erdo\u011fan&#8217;\u0131n Meclis&#8217;teki gerilim ve g\u00fcndemin \u00f6n s\u0131ras\u0131ndaki tasar\u0131 ve tekliflerle ilgili fikir al\u0131\u015fveri\u015finde bulundu\u011fu \u00f6\u011frenildi.<\/p>\n<p style=\"text-align: justify;\"><a href=\"http:\/\/www.ntvmsnbc.com\/id\/25331567\/\" target=\"_blank\">Kaynak : NTVMSNBC<\/a><\/p>\n","protected":false},"excerpt":{"rendered":"<p style=\"text-align: center;\">\n<p style=\"text-align: justify;\">Ba\u015fbakan Erdo\u011fan, Ke\u00e7i\u00f6ren&#8217;deki evinde M\u0130T M\u00fcste\u015far\u0131 Hakan Fidan ile g\u00f6r\u00fc\u015ft\u00fc.<\/p>\n<p style=\"text-align: justify;\">ANKARA &#8211; Ba\u015fbakan Recep Tayyip Erdo\u011fan, Ankara Ke\u00e7i\u00f6ren&#8217;deki evinde \u00f6\u011fle saatlerinde M\u0130T M\u00fcste\u015far\u0131 Hakan Fidan&#8217;la biraraya geldi.<\/p>\n<p style=\"text-align: justify;\">Yakla\u015f\u0131k iki saat s\u00fcren g\u00f6r\u00fc\u015fmede, Suriye&#8217;de ya\u015fanan olaylar\u0131n de\u011ferlendirildi\u011fi tampon b\u00f6lge tart\u0131\u015fmalar\u0131n\u0131n masaya yat\u0131r\u0131ld\u0131\u011f\u0131 \u00f6\u011frenildi.<\/p>\n<p style=\"text-align: justify;\">G\u00f6r\u00fc\u015fme s\u0131ras\u0131nda <\/p>\n","protected":false},"author":1,"featured_media":0,"comment_status":"open","ping_status":"open","sticky":false,"template":"","format":"standard","meta":{"footnotes":""},"categories":[105],"tags":[],"class_list":["post-49561","post","type-post","status-publish","format-standard","hentry","category-gundem","odd"],"_links":{"self":[{"href":"http:\/\/www.korhanyilmaz.com\/index.php?rest_route=\/wp\/v2\/posts\/49561","targetHints":{"allow":["GET"]}}],"collection":[{"href":"http:\/\/www.korhanyilmaz.com\/index.php?rest_route=\/wp\/v2\/posts"}],"about":[{"href":"http:\/\/www.korhanyilmaz.com\/index.php?rest_route=\/wp\/v2\/types\/post"}],"author":[{"embeddable":true,"href":"http:\/\/www.korhanyilmaz.com\/index.php?rest_route=\/wp\/v2\/users\/1"}],"replies":[{"embeddable":true,"href":"http:\/\/www.korhanyilmaz.com\/index.php?rest_route=%2Fwp%2Fv2%2Fcomments&post=49561"}],"version-history":[{"count":0,"href":"http:\/\/www.korhanyilmaz.com\/index.php?rest_route=\/wp\/v2\/posts\/49561\/revisions"}],"wp:attachment":[{"href":"http:\/\/www.korhanyilmaz.com\/index.php?rest_route=%2Fwp%2Fv2%2Fmedia&parent=49561"}],"wp:term":[{"taxonomy":"category","embeddable":true,"href":"http:\/\/www.korhanyilmaz.com\/index.php?rest_route=%2Fwp%2Fv2%2Fcategories&post=49561"},{"taxonomy":"post_tag","embeddable":true,"href":"http:\/\/www.korhanyilmaz.com\/index.php?rest_route=%2Fwp%2Fv2%2Ftags&post=49561"}],"curies":[{"name":"wp","href":"https:\/\/api.w.org\/{rel}","templated":true}]}}