{"id":49558,"date":"2012-03-18T17:16:44","date_gmt":"2012-03-18T15:16:44","guid":{"rendered":"http:\/\/www.korhanyilmaz.com\/?p=49558"},"modified":"2012-03-19T00:09:39","modified_gmt":"2012-03-18T22:09:39","slug":"zafer-ve-sehitler-gunu-kutlandi","status":"publish","type":"post","link":"http:\/\/www.korhanyilmaz.com\/?p=49558","title":{"rendered":"Zafer ve \u015eehitler G\u00fcn\u00fc kutland\u0131"},"content":{"rendered":"<p style=\"text-align: center;\"><a href=\"http:\/\/www.korhanyilmaz.com\/wp-content\/uploads\/2012\/03\/A0015.jpg\"  class=\"lightview\"><img loading=\"lazy\" decoding=\"async\" class=\"aligncenter  wp-image-49559\" src=\"http:\/\/www.korhanyilmaz.com\/wp-content\/uploads\/2012\/03\/A0015.jpg\" alt=\"\" width=\"322\" height=\"241\" \/><\/a><\/p>\n<p style=\"text-align: justify;\">18 Mart \u015eehitler G\u00fcn\u00fc ve \u00c7anakkale Deniz Zaferi&#8217;nin 97. y\u0131l d\u00f6n\u00fcm\u00fc \u00c7anakkale 18 Mart Stadyumu ve Gelibolu Yar\u0131madas\u0131&#8217;ndaki \u015eehitler Abidesi \u00f6n\u00fcnde ger\u00e7ekle\u015ftirilen t\u00f6renlerle kutland\u0131. 18 Mart Stadyumu&#8217;ndaki t\u00f6renlerde &#8216;AKP&#8217;nin siyasi \u015fovu&#8217; ya\u015fand\u0131. CHP Grup Ba\u015fkanvekili Muharrem \u0130nce, stadyumdaki AKP&#8217;lilerin yapt\u0131\u011f\u0131 \u015fova b\u00fcy\u00fck tepki g\u00f6sterdi. \u0130nce, &#8216;253 bin \u015fehidimizi anmaya geldik ama AKP&#8217;nin bindirilmi\u015f k\u0131talar\u0131n\u0131n iktidar \u015f\u0131mar\u0131kl\u0131\u011f\u0131 ile kar\u015f\u0131la\u015ft\u0131k. <!--more--><\/p>\n<p style=\"text-align: justify;\">\u00c7anakkale &#8211; \u00c7anakkale\u2019de Cumhuriyet Meydan\u0131 Atat\u00fcrk An\u0131t\u0131 \u00f6n\u00fcnde d\u00fczenlenen \u00e7elenk sunum t\u00f6renine Ba\u015fbakan Yard\u0131mc\u0131s\u0131 B\u00fclent Ar\u0131n\u00e7, \u0130\u00e7i\u015fleri Bakan\u0131 \u0130dris Naim \u015eahin, Milli Savunma Bakan\u0131 \u0130smet Y\u0131lmaz, Orman ve Su \u0130\u015fleri Bakan\u0131 Veysel Ero\u011flu, CHP Grup Ba\u015fkanvekili Muharrem \u0130nce, CHP Genel Sekreteri Bihlun Tamayl\u0131gil, Vali G\u00fcng\u00f6r Azim Tuna ile birlikte \u00e7ok say\u0131da iktidar ve muhalefet milletvekiliyle askeri erkan, \u00f6\u011frenciler ve daire m\u00fcd\u00fcrleri kat\u0131ld\u0131. \u00c7anakkale Atat\u00fcrk\u00e7\u00fc D\u00fc\u015f\u00fcnce Derne\u011fi \u00fcyeleri, t\u00f6renin sona ermesiyle hep bir a\u011f\u0131zdan Atat\u00fcrk&#8217;\u00fcn Gen\u00e7li\u011fe Hitabesi&#8217;ni okudu.<\/p>\n<p style=\"text-align: justify;\">18 Mart Stadyumu&#8217;ndaki t\u00f6renlerde \u201cAKP\u2019nin siyasi \u015fovu\u201d ya\u015fand\u0131. Trib\u00fcnlerden \u201cBa\u015fbakan Recep Tayyip Erdo\u011fan\u201d tezah\u00fcratlar\u0131 yap\u0131ld\u0131. T\u00fcrkiye\u2019nin d\u00f6rt bir yan\u0131ndan AKP\u2019li belediyelerin kiralad\u0131\u011f\u0131 \u00f6zel otob\u00fcslerle \u00c7anakkale\u2019ye getirilen partililer, ellerinde turuncu ve mavi renkli AKP ka\u015fkollar\u0131yla tezah\u00fcratlar\u0131n\u0131 t\u00f6renler boyunca aral\u0131ks\u0131z s\u00fcrd\u00fcrd\u00fc. Ba\u015fbakan Yard\u0131mc\u0131s\u0131 B\u00fclent Ar\u0131n\u00e7, Belediye Ba\u015fkan\u0131 \u00dclg\u00fcr G\u00f6khan ve Bo\u011faz Garnizon Komutan\u0131 Tu\u011famiral Hasan Do\u011fan\u2019\u0131n konu\u015fma yapt\u0131\u011f\u0131 s\u0131rada dahi \u2018Ba\u015fbakan Recep Tayyip Erdo\u011fan\u2019 tezah\u00fcratlar\u0131n\u0131 kesintisiz s\u00fcrd\u00fcren AKP\u2019lilerin bu tavr\u0131na baz\u0131 yurtta\u015flar tepki g\u00f6stererek protestolar\u0131n\u0131 stadyumu terk ederek g\u00f6sterdi. Ar\u0131n\u00e7, buradaki konu\u015fmas\u0131nda Anafartalar Kahraman\u0131 Mustafa Kemal Atat\u00fcrk\u2019\u00fcn ad\u0131n\u0131 anmazken \u201c\u00c7anakkale&#8217;de verilen m\u00fccadele, yokluklar ve imkans\u0131zl\u0131klar i\u00e7erisinde bir milletin y\u00fcksek ruh ve sars\u0131lmaz inanc\u0131yla i\u015fgale ve bir millete yap\u0131lan haks\u0131zl\u0131\u011fa kar\u015f\u0131 vermi\u015f oldu\u011fu kutsal bir var olu\u015f \u00f6yk\u00fcs\u00fcd\u00fcr\u201d dedi.<\/p>\n<p style=\"text-align: justify;\">\u00c7anakkale\u2019nin CHP\u2019li Belediye Ba\u015fkan\u0131 \u00dclg\u00fcr G\u00f6khan ise konu\u015fmas\u0131nda s\u0131k, s\u0131k Atat\u00fcrk\u2019e at\u0131fta bulundu. Naz\u0131m Hikmet\u2019in \u201cYine de iyimserlik\u201d \u015fiirinden al\u0131nt\u0131ya da yer veren konu\u015fmas\u0131nda G\u00f6khan \u201cBug\u00fcn dikta rejimlerinin halk taraf\u0131ndan bir bir devrilmeye \u00e7al\u0131\u015f\u0131ld\u0131\u011f\u0131, insanlar\u0131n y\u0131llarca biat ettikleri liderleri taraf\u0131ndan katledildi\u011fi, mezhep ve etnik grup \u00e7at\u0131\u015fmalar\u0131n\u0131n, hukuksuzlu\u011fun, insan haklar\u0131 ihlallerinin kol gezdi\u011fi Ortado\u011fu&#8217;dan neden bu denli farkl\u0131 oldu\u011fumuzun cevab\u0131 i\u015fte burada, bu topraklarda, \u00c7anakkale&#8217; de yatmaktad\u0131r. Atat\u00fcrk, yirminci y\u00fczy\u0131l\u0131n ba\u015f\u0131nda \u00e7a\u011fda\u015f bir cumhuriyet kurmasa, demokrasiye, laikli\u011fe, \u00e7a\u011fda\u015f medeniyetler d\u00fczeyine ula\u015fmaya y\u00f6nelmeseydi, T\u00fcrkiye bug\u00fcn Ortado\u011fu&#8217; da \u00f6rnek al\u0131nan, onun gibi olmak istenilen bir \u00fclke olamazd\u0131. \u0130\u015fte bizim 18 Martlar\u0131m\u0131z, 29 Ekimlerimiz, 23 Nisanlar\u0131m\u0131z, 19 May\u0131slar\u0131m\u0131z t\u00fcm bu nedenlerle \u00e7ok \u00f6nemlidir. \u00c7ok zorlu g\u00fcnlerin, \u00f6denmi\u015f b\u00fcy\u00fck bedellerin, \u00e7ekilmi\u015f ac\u0131lar\u0131n unutulmamas\u0131 i\u00e7in, daima ya\u015fat\u0131lmas\u0131 gereken n\u00fcvelerdir bu g\u00fcnler. Temennimiz \u00fclkemizin yeni kurtulu\u015f g\u00fcnleri, i\u015fgalden kurtulma g\u00fcnleri olmamas\u0131ndan yanad\u0131r. \u00c7ok zor g\u00fcnlerin ard\u0131ndan kavu\u015ftu\u011fumuz bu g\u00fczelliklerin de\u011ferini ve korunmas\u0131 gereklili\u011fini yeni nesillere aktarmal\u0131, onlara bar\u0131\u015f ve iyimserlik i\u00e7inde, ya\u015fanacak ba\u015fka sava\u015flar\u0131n \u015fahidi olmayacaklar\u0131 g\u00fczel ve g\u00fcvenli bir gelecek b\u0131rakmal\u0131y\u0131z\u201d dedi.<\/p>\n<p style=\"text-align: justify;\"><strong>AKP\u2019liler \u015fova d\u00f6n\u00fc\u015ft\u00fcrd\u00fc<\/strong><\/p>\n<p style=\"text-align: justify;\">Stadyumdaki t\u00f6renlerin ard\u0131ndan beraberindeki milletvekilleriyle birlikte belediyeyi ziyaret eden CHP Grup Ba\u015fkanvekili Muharrem \u0130nce, stadyumdaki AKP\u2019lilerin yapt\u0131\u011f\u0131 \u015fova b\u00fcy\u00fck tepki g\u00f6sterdi. \u0130nce, \u201c253 bin \u015fehidimizi anmaya geldik ama AKP\u2019nin bindirilmi\u015f k\u0131talar\u0131n\u0131n iktidar \u015f\u0131mar\u0131kl\u0131\u011f\u0131 ile kar\u015f\u0131la\u015ft\u0131k. Bunun ad\u0131 y\u00fczs\u00fczl\u00fckt\u00fcr, terbiyesizliktir\u201d diye konu\u015ftu. \u0130nce, \u201cSusuyorsak bu suskunlu\u011fumuz \u00fcz\u00fcnt\u00fcm\u00fczdendir. AKP\u2019li belediyelerin g\u00f6nderdi\u011fi bindirilmi\u015f k\u0131talar \u00c7anakkale\u2019de \u00e7ok b\u00fcy\u00fck terbiyesizlik \u00f6rne\u011fi sergilemi\u015flerdir. \u015eehitlerimize olan sayg\u0131n\u0131n terbiye s\u0131n\u0131rlar\u0131n\u0131 a\u015fm\u0131\u015flard\u0131r. Kendi siyasi partilerinin ba\u015fbakan yard\u0131mc\u0131s\u0131 dahi konu\u015furken at\u0131lan \u2018Ba\u015fbakan Recep Tayyip Erdo\u011fan\u2019 sloganlar\u0131 hem ba\u015fbakan yard\u0131mc\u0131s\u0131na hem de 253 bin \u015fehidime sayg\u0131s\u0131zl\u0131kt\u0131r. Hi\u00e7 kimsenin siyasi ikbal u\u011fruna bu sayg\u0131s\u0131zl\u0131\u011f\u0131 g\u00f6stermeye hakk\u0131 yoktur. Buras\u0131 Recep Erdo\u011fan\u2019\u0131n futbol ma\u00e7\u0131n\u0131n oynand\u0131\u011f\u0131 arena stadyumu de\u011fildir\u201d dedi. Deniz zaferi afi\u015flerinde valili\u011fin uygulad\u0131\u011f\u0131 Atat\u00fcrk sans\u00fcr\u00fcn\u00fc an\u0131msatan \u0130nce, \u201c\u00c7anakkale harbini Recep Tayyip Erdo\u011fan m\u0131 kazanm\u0131\u015ft\u0131r da resmi posterlerin ba\u015f k\u00f6\u015fesine konuyor. Atat\u00fcrk\u2019\u00fc yok saymak kimsenin haddi olamaz. Say\u0131n vali haddini a\u015fm\u0131\u015ft\u0131r. Halk\u0131n se\u00e7ti\u011fi \u00c7anakkale Belediye Ba\u015fkan\u0131&#8217;n\u0131 yani belediye logosunu o afi\u015flere ili\u015ftirmekle su\u00e7a ortak etmek istenmi\u015ftir ama zor oyun hem bu kentte ya\u015fayan halk\u0131n sa\u011fduyusu ile hem de belediye ba\u015fkan\u0131m\u0131z taraf\u0131ndan bozulmu\u015ftur. Maalesef valiler AKP\u2019nin il ba\u015fkan\u0131 haline getirilmi\u015ftir\u201d diye konu\u015ftu.<\/p>\n<p style=\"text-align: justify;\"><strong>Atat\u00fcrk\u2019\u00fc ikinci t\u00f6rende and\u0131<\/strong><\/p>\n<p style=\"text-align: justify;\">Kutlamalar\u0131n\u0131n sabahki b\u00f6l\u00fcm\u00fcnde Mustafa Kemal Atat\u00fcrk\u2019\u00fcn ad\u0131n\u0131 anmayan Ar\u0131n\u00e7, \u00f6\u011fleden sonra \u015eehitler Abidesi\u2019ndeki t\u00f6rende 6 kez \u201cMustafa Kemal Atat\u00fcrk\u201d dedi. Buradaki t\u00f6rene Genelkurmay Ba\u015fkan\u0131 Necdet \u00d6zel de kat\u0131ld\u0131. \u00d6zel, \u015feref \u00e7ad\u0131r\u0131nda Ar\u0131n\u00e7 ile birlikte oturdu. 2. Kolordu Komutanl\u0131\u011f\u0131\u2019n\u0131n organizasyonunda ger\u00e7ekle\u015fen \u015eehitler Abidesi\u2019ndeki t\u00f6renlerde asker, partilileri t\u00f6ren alan\u0131na yakla\u015ft\u0131rmad\u0131. \u015eehitler Abidesi\u2019ndeki t\u00f6ren \u015feref defterinin imzalanmas\u0131, Deniz kuvvetleri Komutanl\u0131\u011f\u0131&#8217;na ba\u011fl\u0131 h\u00fccumbotlar\u0131n bo\u011fazdaki g\u00f6sterisi ve T\u00fcrk Y\u0131ld\u0131zlar\u0131 u\u00e7aklar\u0131n\u0131n g\u00f6sterileriyle sona erdi. \u015eehitler g\u00fcn\u00fc dolayas\u0131yla yurt genelinde de t\u00f6renler d\u00fczenlendi.<\/p>\n<p style=\"text-align: justify;\">Bu y\u0131l ilk kez 2 haftaya yay\u0131lan \u00e7\u0131kar\u0131lan Zafer Haftas\u0131 etkinlikleri kapsam\u0131nda, Gen\u00e7lik Hizmetleri ve Spor \u0130l M\u00fcd\u00fcrl\u00fc\u011f\u00fc taraf\u0131ndan kordonboyunda yelken g\u00f6sterisi ile 18 Mart Spor Salonu&#8217;nda, &#8221;\u00f6zel sporcular basketbol ma\u00e7lar\u0131&#8221; yap\u0131ld\u0131.<\/p>\n<p style=\"text-align: justify;\"><a href=\"http:\/\/www.cumhuriyet.com.tr\/?hn=323328\" target=\"_blank\">Kaynak : Cumhuriyet Haber Portal\u0131<\/a><\/p>\n","protected":false},"excerpt":{"rendered":"<p style=\"text-align: center;\">\n<p style=\"text-align: justify;\">18 Mart \u015eehitler G\u00fcn\u00fc ve \u00c7anakkale Deniz Zaferi&#8217;nin 97. y\u0131l d\u00f6n\u00fcm\u00fc \u00c7anakkale 18 Mart Stadyumu ve Gelibolu Yar\u0131madas\u0131&#8217;ndaki \u015eehitler Abidesi \u00f6n\u00fcnde ger\u00e7ekle\u015ftirilen t\u00f6renlerle kutland\u0131. 18 Mart Stadyumu&#8217;ndaki t\u00f6renlerde &#8216;AKP&#8217;nin siyasi \u015fovu&#8217; ya\u015fand\u0131. CHP Grup Ba\u015fkanvekili Muharrem \u0130nce, stadyumdaki AKP&#8217;lilerin yapt\u0131\u011f\u0131 \u015fova b\u00fcy\u00fck tepki g\u00f6sterdi. \u0130nce, &#8216;253 bin \u015fehidimizi anmaya geldik <\/p>\n","protected":false},"author":1,"featured_media":0,"comment_status":"open","ping_status":"open","sticky":false,"template":"","format":"standard","meta":{"footnotes":""},"categories":[105],"tags":[],"class_list":["post-49558","post","type-post","status-publish","format-standard","hentry","category-gundem","odd"],"_links":{"self":[{"href":"http:\/\/www.korhanyilmaz.com\/index.php?rest_route=\/wp\/v2\/posts\/49558","targetHints":{"allow":["GET"]}}],"collection":[{"href":"http:\/\/www.korhanyilmaz.com\/index.php?rest_route=\/wp\/v2\/posts"}],"about":[{"href":"http:\/\/www.korhanyilmaz.com\/index.php?rest_route=\/wp\/v2\/types\/post"}],"author":[{"embeddable":true,"href":"http:\/\/www.korhanyilmaz.com\/index.php?rest_route=\/wp\/v2\/users\/1"}],"replies":[{"embeddable":true,"href":"http:\/\/www.korhanyilmaz.com\/index.php?rest_route=%2Fwp%2Fv2%2Fcomments&post=49558"}],"version-history":[{"count":0,"href":"http:\/\/www.korhanyilmaz.com\/index.php?rest_route=\/wp\/v2\/posts\/49558\/revisions"}],"wp:attachment":[{"href":"http:\/\/www.korhanyilmaz.com\/index.php?rest_route=%2Fwp%2Fv2%2Fmedia&parent=49558"}],"wp:term":[{"taxonomy":"category","embeddable":true,"href":"http:\/\/www.korhanyilmaz.com\/index.php?rest_route=%2Fwp%2Fv2%2Fcategories&post=49558"},{"taxonomy":"post_tag","embeddable":true,"href":"http:\/\/www.korhanyilmaz.com\/index.php?rest_route=%2Fwp%2Fv2%2Ftags&post=49558"}],"curies":[{"name":"wp","href":"https:\/\/api.w.org\/{rel}","templated":true}]}}