{"id":49555,"date":"2012-03-18T02:24:05","date_gmt":"2012-03-18T00:24:05","guid":{"rendered":"http:\/\/www.korhanyilmaz.com\/?p=49555"},"modified":"2012-03-18T23:40:32","modified_gmt":"2012-03-18T21:40:32","slug":"12-sehit-turkiyede","status":"publish","type":"post","link":"http:\/\/www.korhanyilmaz.com\/?p=49555","title":{"rendered":"12 \u015fehit T\u00fcrkiye&#8217;de"},"content":{"rendered":"<p style=\"text-align: center;\"><a href=\"http:\/\/www.korhanyilmaz.com\/wp-content\/uploads\/2012\/03\/A0014.jpg\"  class=\"lightview\"><img loading=\"lazy\" decoding=\"async\" class=\"aligncenter  wp-image-49556\" src=\"http:\/\/www.korhanyilmaz.com\/wp-content\/uploads\/2012\/03\/A0014.jpg\" alt=\"\" width=\"366\" height=\"210\" \/><\/a><\/p>\n<p style=\"text-align: justify;\">Afganistan&#8217;daki helikopter kazas\u0131nda \u015fehit olan askerlerin cenazeleri T\u00fcrkiye&#8217;ye getirildi. \u015eehitler i\u00e7in pazartesi g\u00fcn\u00fc resmi cenaze t\u00f6reni d\u00fczenlenecek.<\/p>\n<p style=\"text-align: justify;\">ANKARA &#8211; Afganistan&#8217;da \u015fehit olan T\u00fcrk askerlerinin naa\u015flar\u0131 T\u00fcrkiye&#8217;ye getirildi.<\/p>\n<p style=\"text-align: justify;\">\u015eehitleri ta\u015f\u0131yan CASA u\u00e7a\u011f\u0131n\u0131n, saat 00.30 sular\u0131nda, Etimesgut Askeri Havaalan\u0131&#8217;na indi\u011fi bildirlidi.<\/p>\n<p style=\"text-align: justify;\">\u015eehitlerin naa\u015flar\u0131, havaalan\u0131na gelen askeri cenaze ara\u00e7lar\u0131 ile konvoy halinde Ke\u00e7i\u00f6ren Adli T\u0131p Kurumu&#8217;na g\u00f6t\u00fcr\u00fcld\u00fc.<!--more--><\/p>\n<p style=\"text-align: justify;\">\u015eehit yak\u0131nlar\u0131n\u0131n Adli T\u0131p Kurumu&#8217;nda bekledikleri g\u00f6zlendi.<\/p>\n<p style=\"text-align: justify;\"><strong>T\u00d6REN PAZARTES\u0130 G\u00dcN\u00dc<\/strong><\/p>\n<p style=\"text-align: justify;\">\u00d6te yandan Milli Savunma Bakan\u0131 \u0130smet Y\u0131lmaz, \u015fehit askerler i\u00e7in d\u00fczenlenecek olan resmi cenaze t\u00f6renine ili\u015fkin bir a\u00e7\u0131klama yapt\u0131.<\/p>\n<p style=\"text-align: justify;\">\u015fehit olan askerlerden Personel Binba\u015f\u0131 Serkan Do\u011fan&#8217;\u0131n, \u00c7ankaya Nam\u0131k Kemal Mahallesi&#8217;ndeki evine taziye ziyaretinde bulunan Y\u0131lmaz, &#8221;Resmi t\u00f6ren Pazartesi ikindi vakti olmazsa Sal\u0131 g\u00fcn\u00fc olacak. Tekrar milletimizin ba\u015f\u0131 sa\u011f olsun&#8221; ifadelerini kulland\u0131.<\/p>\n<p style=\"text-align: justify;\"><a href=\"http:\/\/www.ntvmsnbc.com\/id\/25331506\/\" target=\"_blank\">Kaynak : NTVMSNBC<\/a><\/p>\n","protected":false},"excerpt":{"rendered":"<p style=\"text-align: center;\">\n<p style=\"text-align: justify;\">Afganistan&#8217;daki helikopter kazas\u0131nda \u015fehit olan askerlerin cenazeleri T\u00fcrkiye&#8217;ye getirildi. \u015eehitler i\u00e7in pazartesi g\u00fcn\u00fc resmi cenaze t\u00f6reni d\u00fczenlenecek.<\/p>\n<p style=\"text-align: justify;\">ANKARA &#8211; Afganistan&#8217;da \u015fehit olan T\u00fcrk askerlerinin naa\u015flar\u0131 T\u00fcrkiye&#8217;ye getirildi.<\/p>\n<p style=\"text-align: justify;\">\u015eehitleri ta\u015f\u0131yan CASA u\u00e7a\u011f\u0131n\u0131n, saat 00.30 sular\u0131nda, Etimesgut Askeri Havaalan\u0131&#8217;na indi\u011fi bildirlidi.<\/p>\n<p style=\"text-align: justify;\">\u015eehitlerin naa\u015flar\u0131, havaalan\u0131na gelen askeri <\/p>\n","protected":false},"author":1,"featured_media":0,"comment_status":"open","ping_status":"open","sticky":false,"template":"","format":"standard","meta":{"footnotes":""},"categories":[105],"tags":[],"class_list":["post-49555","post","type-post","status-publish","format-standard","hentry","category-gundem","odd"],"_links":{"self":[{"href":"http:\/\/www.korhanyilmaz.com\/index.php?rest_route=\/wp\/v2\/posts\/49555","targetHints":{"allow":["GET"]}}],"collection":[{"href":"http:\/\/www.korhanyilmaz.com\/index.php?rest_route=\/wp\/v2\/posts"}],"about":[{"href":"http:\/\/www.korhanyilmaz.com\/index.php?rest_route=\/wp\/v2\/types\/post"}],"author":[{"embeddable":true,"href":"http:\/\/www.korhanyilmaz.com\/index.php?rest_route=\/wp\/v2\/users\/1"}],"replies":[{"embeddable":true,"href":"http:\/\/www.korhanyilmaz.com\/index.php?rest_route=%2Fwp%2Fv2%2Fcomments&post=49555"}],"version-history":[{"count":0,"href":"http:\/\/www.korhanyilmaz.com\/index.php?rest_route=\/wp\/v2\/posts\/49555\/revisions"}],"wp:attachment":[{"href":"http:\/\/www.korhanyilmaz.com\/index.php?rest_route=%2Fwp%2Fv2%2Fmedia&parent=49555"}],"wp:term":[{"taxonomy":"category","embeddable":true,"href":"http:\/\/www.korhanyilmaz.com\/index.php?rest_route=%2Fwp%2Fv2%2Fcategories&post=49555"},{"taxonomy":"post_tag","embeddable":true,"href":"http:\/\/www.korhanyilmaz.com\/index.php?rest_route=%2Fwp%2Fv2%2Ftags&post=49555"}],"curies":[{"name":"wp","href":"https:\/\/api.w.org\/{rel}","templated":true}]}}