{"id":49551,"date":"2012-03-18T20:22:05","date_gmt":"2012-03-18T18:22:05","guid":{"rendered":"http:\/\/www.korhanyilmaz.com\/?p=49551"},"modified":"2012-03-18T23:35:48","modified_gmt":"2012-03-18T21:35:48","slug":"odul-geri-cekildi","status":"publish","type":"post","link":"http:\/\/www.korhanyilmaz.com\/?p=49551","title":{"rendered":"\u00d6d\u00fcl geri \u00e7ekildi"},"content":{"rendered":"<p style=\"text-align: center;\"><a href=\"http:\/\/www.korhanyilmaz.com\/wp-content\/uploads\/2012\/03\/A0013.jpg\"  class=\"lightview\"><img loading=\"lazy\" decoding=\"async\" class=\"aligncenter  wp-image-49552\" src=\"http:\/\/www.korhanyilmaz.com\/wp-content\/uploads\/2012\/03\/A0013.jpg\" alt=\"\" width=\"304\" height=\"228\" \/><\/a><\/p>\n<p style=\"text-align: justify;\">Ba\u015fbakan Recep Tayyip Erdo\u011fan&#8217;a Almanya&#8217;dan verilece\u011fi a\u00e7\u0131klanan Uluslararas\u0131 Liderlik \u00d6d\u00fcl\u00fcn\u00fcn \u00e7ekildi\u011fi belirtildi. Daha \u00f6nce \u00f6d\u00fcl\u00fc verece\u011fini a\u00e7\u0131klayan komitenin, bu karara gerek\u00e7e olarak Erdo\u011fan&#8217;\u0131n d\u00fcn ger\u00e7ekle\u015ftirilen \u00f6d\u00fcl t\u00f6renine kat\u0131lmamas\u0131n\u0131 g\u00f6sterdi.<\/p>\n<p style=\"text-align: justify;\">\u0130stanbul &#8211; Alman bas\u0131n\u0131nda yer alan haberlere g\u00f6re, Ba\u015fbakan Erdo\u011fan\u2019a verilmesi planlanan \u00f6d\u00fcl \u00e7ekildi. Almanya\u2019n\u0131n Bochum kentinde d\u00fcn ger\u00e7ekle\u015ftirilen \u00f6d\u00fcl t\u00f6reninde, farkl\u0131 kategorilerdeki \u00f6d\u00fcller daha \u00f6nce ismi a\u00e7\u0131klananlara verildi. Kendisine lay\u0131k g\u00f6r\u00fclen &#8216;<strong>Steiger Award- Uluslararas\u0131 Liderlik \u00d6d\u00fcl\u00fc<\/strong>&#8220;&#8216;n\u00fc almak \u00fczere Almanya\u2019ya gitmesi plananan Erdo\u011fan\u2019\u0131n, Afganistan\u2019da askerlerin \u00f6l\u00fcm\u00fcn\u00fcn ard\u0131ndan bu seyahatini erteledi\u011fi a\u00e7\u0131klanm\u0131\u015ft\u0131. <!--more--><\/p>\n<p style=\"text-align: justify;\">Komitenin, Erdo\u011fan\u2019a daha \u00f6nceden vermeyi planlad\u0131\u011f\u0131 \u00f6d\u00fcl\u00fc geri \u00e7ekmesindeki gerek\u00e7ede, Erdo\u011fan\u2019\u0131n t\u00f6rene kat\u0131lmayaca\u011f\u0131n\u0131 son anda a\u00e7\u0131klamas\u0131 m\u0131, yoksa \u00f6d\u00fcl t\u00f6reninin ger\u00e7ekle\u015fti\u011fi Bochum kentinde d\u00fcn 20 bini a\u015fk\u0131n Alevinin, Ba\u015fbakan Recep Tayyip Erdo\u011fan\u2019a kar\u015f\u0131 yapt\u0131\u011f\u0131 mitingin mi etkili oldu\u011fu a\u00e7\u0131kl\u0131\u011fa kavu\u015fmad\u0131.<\/p>\n<p style=\"text-align: justify;\">DHA&#8217;n\u0131n Alman bas\u0131n\u0131nda \u00e7\u0131kan haberlere dayand\u0131rd\u0131\u011f\u0131 haberde, ayn\u0131 t\u00f6rende farkl\u0131 bir kategori de \u00f6d\u00fcl almas\u0131 i\u00e7in davet edilen m\u00fczik sanat\u00e7\u0131s\u0131 Lou Reed\u2019in, sa\u011fl\u0131k nedenlerinden dolay\u0131 t\u00f6rene kat\u0131lamayaca\u011f\u0131n\u0131 \u00f6nceden bildirmesinden dolay\u0131 komitenin, sanat\u00e7\u0131n\u0131n \u00f6d\u00fcl\u00fcn\u00fc \u00e7ekmedi\u011fi vurguland\u0131.<\/p>\n<p style=\"text-align: justify;\">Bochum\u2019da d\u00fcn ger\u00e7ekle\u015ftirilen \u00f6d\u00fcl t\u00f6reninde, \u0130sve\u00e7 krali\u00e7esi Silvia, Almanya eski cumhurba\u015fkan\u0131 Horst K\u00f6hler, oyuncu Cristiane H\u00f6rbiger ve modac\u0131 Wolfgang Joop\u2019a \u00f6d\u00fclleri verildi. \u00d6d\u00fcl t\u00f6renini, yakla\u015f\u0131k 500 y\u00fcz davetli ve 150\u2019yi a\u015fk\u0131n gazeteci takip etti.<\/p>\n<p style=\"text-align: justify;\"><a href=\"http:\/\/www.cumhuriyet.com.tr\/?hn=323338\" target=\"_blank\">Kaynak : Cumhuriyet Haber Portal\u0131<\/a><\/p>\n","protected":false},"excerpt":{"rendered":"<p style=\"text-align: center;\">\n<p style=\"text-align: justify;\">Ba\u015fbakan Recep Tayyip Erdo\u011fan&#8217;a Almanya&#8217;dan verilece\u011fi a\u00e7\u0131klanan Uluslararas\u0131 Liderlik \u00d6d\u00fcl\u00fcn\u00fcn \u00e7ekildi\u011fi belirtildi. Daha \u00f6nce \u00f6d\u00fcl\u00fc verece\u011fini a\u00e7\u0131klayan komitenin, bu karara gerek\u00e7e olarak Erdo\u011fan&#8217;\u0131n d\u00fcn ger\u00e7ekle\u015ftirilen \u00f6d\u00fcl t\u00f6renine kat\u0131lmamas\u0131n\u0131 g\u00f6sterdi.<\/p>\n<p style=\"text-align: justify;\">\u0130stanbul &#8211; Alman bas\u0131n\u0131nda yer alan haberlere g\u00f6re, Ba\u015fbakan Erdo\u011fan\u2019a verilmesi planlanan \u00f6d\u00fcl \u00e7ekildi. Almanya\u2019n\u0131n Bochum kentinde d\u00fcn ger\u00e7ekle\u015ftirilen <\/p>\n","protected":false},"author":1,"featured_media":0,"comment_status":"open","ping_status":"open","sticky":false,"template":"","format":"standard","meta":{"footnotes":""},"categories":[105],"tags":[],"class_list":["post-49551","post","type-post","status-publish","format-standard","hentry","category-gundem","odd"],"_links":{"self":[{"href":"http:\/\/www.korhanyilmaz.com\/index.php?rest_route=\/wp\/v2\/posts\/49551","targetHints":{"allow":["GET"]}}],"collection":[{"href":"http:\/\/www.korhanyilmaz.com\/index.php?rest_route=\/wp\/v2\/posts"}],"about":[{"href":"http:\/\/www.korhanyilmaz.com\/index.php?rest_route=\/wp\/v2\/types\/post"}],"author":[{"embeddable":true,"href":"http:\/\/www.korhanyilmaz.com\/index.php?rest_route=\/wp\/v2\/users\/1"}],"replies":[{"embeddable":true,"href":"http:\/\/www.korhanyilmaz.com\/index.php?rest_route=%2Fwp%2Fv2%2Fcomments&post=49551"}],"version-history":[{"count":0,"href":"http:\/\/www.korhanyilmaz.com\/index.php?rest_route=\/wp\/v2\/posts\/49551\/revisions"}],"wp:attachment":[{"href":"http:\/\/www.korhanyilmaz.com\/index.php?rest_route=%2Fwp%2Fv2%2Fmedia&parent=49551"}],"wp:term":[{"taxonomy":"category","embeddable":true,"href":"http:\/\/www.korhanyilmaz.com\/index.php?rest_route=%2Fwp%2Fv2%2Fcategories&post=49551"},{"taxonomy":"post_tag","embeddable":true,"href":"http:\/\/www.korhanyilmaz.com\/index.php?rest_route=%2Fwp%2Fv2%2Ftags&post=49551"}],"curies":[{"name":"wp","href":"https:\/\/api.w.org\/{rel}","templated":true}]}}