{"id":49548,"date":"2012-03-18T22:15:17","date_gmt":"2012-03-18T20:15:17","guid":{"rendered":"http:\/\/www.korhanyilmaz.com\/?p=49548"},"modified":"2012-03-18T23:31:26","modified_gmt":"2012-03-18T21:31:26","slug":"bu-nasil-alisveris","status":"publish","type":"post","link":"http:\/\/www.korhanyilmaz.com\/?p=49548","title":{"rendered":"Bu nas\u0131l al\u0131\u015fveri\u015f?"},"content":{"rendered":"<p style=\"text-align: center;\"><a href=\"http:\/\/www.korhanyilmaz.com\/wp-content\/uploads\/2012\/03\/A0012.jpg\"  class=\"lightview\"><img loading=\"lazy\" decoding=\"async\" class=\"aligncenter  wp-image-49549\" src=\"http:\/\/www.korhanyilmaz.com\/wp-content\/uploads\/2012\/03\/A0012.jpg\" alt=\"\" width=\"276\" height=\"207\" \/><\/a><\/p>\n<p style=\"text-align: justify;\">Gen\u00e7lik ve Spor Bakan\u0131 Suat K\u0131l\u0131\u00e7&#8217;\u0131n Alt\u0131nda\u011f Hamam\u00f6n\u00fc&#8217;de 25 bin TL kar\u015f\u0131l\u0131\u011f\u0131nda bir ev ve bir arsa ald\u0131\u011f\u0131n\u0131n ortaya \u00e7\u0131kmas\u0131ndan sonra sat\u0131n al\u0131nan ev ve arsan\u0131n sahibinin de dan\u0131\u015fman\u0131 Erbil Yi\u011fitba\u015f oldu\u011fu ortaya \u00e7\u0131kt\u0131. Yi\u011fitba\u015f, Gen\u00e7lik ve Spor Genel M\u00fcd\u00fcrl\u00fc\u011f\u00fc&#8217;de K\u0131l\u0131\u00e7&#8217;a dan\u0131\u015fmanl\u0131k yap\u0131yor. Yi\u011fitba\u015f&#8217;n, K\u0131l\u0131\u00e7&#8217;\u0131n bakan olmas\u0131ndan sonra T\u00fcrkiye Dijital Oyunlar Federasyonu&#8217;;na y\u00f6netici olarak atand\u0131\u011f\u0131 belirtiliyor. <!--more--><\/p>\n<p style=\"text-align: justify;\">Cumhuriyet\/Ankara B\u00fcrosu &#8211; Cumhuriyet, Gen\u00e7lik ve Spor Bakan\u0131 Suat K\u0131l\u0131\u00e7\u2019\u0131n eski Ankara evlerinin oldu\u011fu Hamam\u00f6n\u00fc\u2019nden ald\u0131\u011f\u0131 ev ve arsayla ilgili yeni bilgilere ula\u015ft\u0131. Hamam\u00f6n\u00fc\u2019nde Alt\u0131nda\u011f Belediyesi\u2019nce Talatpa\u015fa Bulvar\u0131 Karacabey Hamam\u0131 ve Yak\u0131n \u00c7evresi Sa\u011fl\u0131kla\u015ft\u0131rma \u00c7al\u0131\u015fmas\u0131 ger\u00e7ekle\u015ftirdi\u011fi, projenin ilk etab\u0131n\u0131n 2009\u2019da ba\u015flad\u0131\u011f\u0131, bu kapsamda b\u00f6lgede eski \u201cAnkara evleri\u201dnde ya\u015fayan yurtta\u015flara konutlar\u0131n\u0131n istimlak edilece\u011fi ve bo\u015faltmalar\u0131 gerekti\u011fi y\u00f6n\u00fcnde yaz\u0131l\u0131 bildirimde bulunuldu\u011funu duyurmu\u015ftuk.<\/p>\n<p style=\"text-align: justify;\">Gen\u00e7lik ve Spor Bakan\u0131 K\u0131l\u0131\u00e7\u2019\u0131n 2009\u2019da b\u00f6lgede 25 bin bedelle bir ev ve bir arsa ald\u0131\u011f\u0131, al\u0131m i\u015flemi i\u00e7in de projeyi y\u00fcr\u00fcten Alt\u0131nda\u011f Belediyesi Tarihi Alanlar\u0131 Koruma \u015eube \u015eefi Alparslan Ekinci\u2019ye vek\u00e2let verdi\u011fi ortaya \u00e7\u0131km\u0131\u015ft\u0131. K\u0131l\u0131\u00e7, \u201cAlt\u0131nda\u011f Belediyesi taraf\u0131ndan, \u2018Talatpa\u015fa Bulvar\u0131 Karacabey Hamam\u0131 ve Yak\u0131n \u00c7evresi Sa\u011fl\u0131kla\u015ft\u0131rma \u00c7al\u0131\u015fmas\u0131\u2019 kapsam\u0131nda al\u0131nm\u0131\u015f bir karar yokken sat\u0131n al\u0131nan bu gayrimenkul, tamamen Say\u0131n Bakan\u2019\u0131n kendi \u015fahsi maddi imk\u00e2nlar\u0131 ile hi\u00e7bir kamu kayna\u011f\u0131 kullan\u0131lmadan, ki\u015fisel kullan\u0131m amac\u0131yla restore edilmi\u015ftir\u201d a\u00e7\u0131klamas\u0131n\u0131 yapm\u0131\u015ft\u0131.<\/p>\n<p style=\"text-align: justify;\"><strong>\u2018Evi ben satt\u0131m\u2019<\/strong><\/p>\n<p style=\"text-align: justify;\">K\u0131l\u0131\u00e7\u2019\u0131n evi ald\u0131\u011f\u0131 ki\u015finin dan\u0131\u015fman\u0131 Erbil Yi\u011fitba\u015f oldu\u011fu ortaya \u00e7\u0131kt\u0131. K\u0131r\u0131kkale \u00dcniversitesi\u2019nde ara\u015ft\u0131rma g\u00f6revlisi Erbil Yi\u011fitba\u015f\u2019\u0131n uzun s\u00fcredir K\u0131l\u0131\u00e7\u2019\u0131n dan\u0131\u015fmanl\u0131\u011f\u0131n\u0131 yapt\u0131\u011f\u0131 belirtildi. Halen Gen\u00e7lik ve Spor Bakanl\u0131\u011f\u0131\u2019nda dan\u0131\u015fmanl\u0131k g\u00f6revini s\u00fcrd\u00fcren Yi\u011fitba\u015f, Cumhuriyet\u2019in sorular\u0131 \u00fczerine, \u201cBen satt\u0131m, zaten sat\u0131l\u0131\u011fa \u00e7\u0131karm\u0131\u015ft\u0131m. Kimse almam\u0131\u015ft\u0131, \u00f6yle bir talep geldi biz de satt\u0131k\u201d dedi. K\u0131l\u0131\u00e7\u2019a projeyi y\u00fcr\u00fcten belediye b\u00fcrokrat\u0131n\u0131n vek\u00e2let etti\u011finin an\u0131msat\u0131lmas\u0131 \u00fczerine Yi\u011fitba\u015f, \u201cBen tan\u0131mam, ben sadece evi satt\u0131m\u201d demekle yetindi.<\/p>\n<p style=\"text-align: justify;\"><strong>\u0130\u015fte o sorular<\/strong><\/p>\n<p style=\"text-align: justify;\">Gen\u00e7lik ve Spor Bakan\u0131 K\u0131l\u0131\u00e7\u2019\u0131n ad\u0131n\u0131n kar\u0131\u015ft\u0131\u011f\u0131 olay\u0131n boyutlar\u0131, bir dizi soruyu ak\u0131llara getirdi:<\/p>\n<p style=\"text-align: justify;\">Hamam\u00f6n\u00fc\u2019ndeki projenin ba\u015f\u0131nda bulunan b\u00fcrokrat\u0131n bir milletvekiline ev almak i\u00e7in vek\u00e2let kabul etmesi etik mi?<\/p>\n<p style=\"text-align: justify;\">Bu veya di\u011fer belediye b\u00fcrokratlar\u0131 ba\u015fka ki\u015filere ta\u015f\u0131nmaz al\u0131m sat\u0131m\u0131nda arac\u0131l\u0131k yapt\u0131 m\u0131?<\/p>\n<p style=\"text-align: justify;\">Bu b\u00fcrokrat\u0131n vek\u00e2let alarak ba\u015fkas\u0131 ad\u0131na ta\u015f\u0131nmaz alma i\u015fleminden \u00e7\u0131kar sa\u011flay\u0131p sa\u011flamad\u0131\u011f\u0131 soru\u015fturulacak m\u0131?<\/p>\n<p style=\"text-align: justify;\">B\u00f6lgede bir\u00e7ok b\u00fcrokrat, siyasi ve AKP\u2019linin de proje kapsam\u0131nda ta\u015f\u0131nmaz ald\u0131\u011f\u0131 iddialar\u0131 do\u011fru mu?<\/p>\n<p style=\"text-align: justify;\"><a href=\"http:\/\/www.cumhuriyet.com.tr\/?hn=323348\" target=\"_blank\">Kaynak : Cumhuriyet Haber Portal\u0131<\/a><\/p>\n","protected":false},"excerpt":{"rendered":"<p style=\"text-align: center;\">\n<p style=\"text-align: justify;\">Gen\u00e7lik ve Spor Bakan\u0131 Suat K\u0131l\u0131\u00e7&#8217;\u0131n Alt\u0131nda\u011f Hamam\u00f6n\u00fc&#8217;de 25 bin TL kar\u015f\u0131l\u0131\u011f\u0131nda bir ev ve bir arsa ald\u0131\u011f\u0131n\u0131n ortaya \u00e7\u0131kmas\u0131ndan sonra sat\u0131n al\u0131nan ev ve arsan\u0131n sahibinin de dan\u0131\u015fman\u0131 Erbil Yi\u011fitba\u015f oldu\u011fu ortaya \u00e7\u0131kt\u0131. Yi\u011fitba\u015f, Gen\u00e7lik ve Spor Genel M\u00fcd\u00fcrl\u00fc\u011f\u00fc&#8217;de K\u0131l\u0131\u00e7&#8217;a dan\u0131\u015fmanl\u0131k yap\u0131yor. Yi\u011fitba\u015f&#8217;n, K\u0131l\u0131\u00e7&#8217;\u0131n bakan olmas\u0131ndan sonra T\u00fcrkiye Dijital <\/p>\n","protected":false},"author":1,"featured_media":0,"comment_status":"open","ping_status":"open","sticky":false,"template":"","format":"standard","meta":{"footnotes":""},"categories":[105],"tags":[],"class_list":["post-49548","post","type-post","status-publish","format-standard","hentry","category-gundem","odd"],"_links":{"self":[{"href":"http:\/\/www.korhanyilmaz.com\/index.php?rest_route=\/wp\/v2\/posts\/49548","targetHints":{"allow":["GET"]}}],"collection":[{"href":"http:\/\/www.korhanyilmaz.com\/index.php?rest_route=\/wp\/v2\/posts"}],"about":[{"href":"http:\/\/www.korhanyilmaz.com\/index.php?rest_route=\/wp\/v2\/types\/post"}],"author":[{"embeddable":true,"href":"http:\/\/www.korhanyilmaz.com\/index.php?rest_route=\/wp\/v2\/users\/1"}],"replies":[{"embeddable":true,"href":"http:\/\/www.korhanyilmaz.com\/index.php?rest_route=%2Fwp%2Fv2%2Fcomments&post=49548"}],"version-history":[{"count":0,"href":"http:\/\/www.korhanyilmaz.com\/index.php?rest_route=\/wp\/v2\/posts\/49548\/revisions"}],"wp:attachment":[{"href":"http:\/\/www.korhanyilmaz.com\/index.php?rest_route=%2Fwp%2Fv2%2Fmedia&parent=49548"}],"wp:term":[{"taxonomy":"category","embeddable":true,"href":"http:\/\/www.korhanyilmaz.com\/index.php?rest_route=%2Fwp%2Fv2%2Fcategories&post=49548"},{"taxonomy":"post_tag","embeddable":true,"href":"http:\/\/www.korhanyilmaz.com\/index.php?rest_route=%2Fwp%2Fv2%2Ftags&post=49548"}],"curies":[{"name":"wp","href":"https:\/\/api.w.org\/{rel}","templated":true}]}}