{"id":49534,"date":"2012-03-17T18:35:51","date_gmt":"2012-03-17T16:35:51","guid":{"rendered":"http:\/\/www.korhanyilmaz.com\/?p=49534"},"modified":"2012-03-18T00:39:08","modified_gmt":"2012-03-17T22:39:08","slug":"almanyada-erdogana-buyuk-ofke","status":"publish","type":"post","link":"http:\/\/www.korhanyilmaz.com\/?p=49534","title":{"rendered":"Almanya&#8217;da Erdo\u011fan&#8217;a b\u00fcy\u00fck \u00f6fke!"},"content":{"rendered":"<p style=\"text-align: center;\"><a href=\"http:\/\/www.korhanyilmaz.com\/wp-content\/uploads\/2012\/03\/A0010.jpg\"  class=\"lightview\"><img loading=\"lazy\" decoding=\"async\" class=\"aligncenter  wp-image-49535\" src=\"http:\/\/www.korhanyilmaz.com\/wp-content\/uploads\/2012\/03\/A0010.jpg\" alt=\"\" width=\"322\" height=\"241\" \/><\/a><\/p>\n<p style=\"text-align: justify;\">Avrupa Alevi Birlikleri Konfederasyonu kitlesel bir miting ile Ba\u015fbakan Erdo\u011fan\u2019\u0131 protesto ediyor.<\/p>\n<p style=\"text-align: justify;\">\u0130stanbul- Avrupal\u0131 Aleviler, Steiger Awards \u00f6d\u00fcl\u00fcn\u00fc almak \u00fczere Almanya&#8217;ya ziyareti planlanan ancak Afganistan&#8217;da 12 T\u00fcrk askerinin \u015fehit olmas\u0131 nedeniyle ziyaretini iptal eden Ba\u015fbakan Recep Tayyip Erdo\u011fan&#8217;\u0131 protesto ediyor. <!--more--><\/p>\n<p style=\"text-align: justify;\">Almanya&#8217;n\u0131n Bochum kentinde TS\u0130 ile saat 15.00&#8217;de ba\u015flayan protesto mitingine binlerce yurtta\u015f kat\u0131ld\u0131. &#8220;Aleviler Buchum&#8217;da Sesini Y\u00fckseltiyor&#8230;&#8221;, &#8220;\u0130nsanl\u0131k su\u00e7lar\u0131nda zamana\u015f\u0131m\u0131na hay\u0131r!&#8221;, &#8220;Bu dava burada bitmeyecek!&#8221;, &#8220;Katiller halka hesap verecek!&#8221; sloganlar\u0131n\u0131n at\u0131ld\u0131\u011f\u0131 mitingte Erdo\u011fan&#8217;a b\u00fcy\u00fck tepki g\u00f6sterildi.<\/p>\n<p style=\"text-align: justify;\">YolTV&#8217;nin internet sitesinden bildirdi\u011fi habere g\u00f6re, Avrupa Alevi Birlikleri Konfederasyonu Ba\u015fkan\u0131 Turgut \u00d6ker, mitingde yapt\u0131\u011f\u0131 konu\u015fmada Erdo\u011fan&#8217;a y\u00fcklendi. &#8220;Mahkemenin vermi\u015f oldu\u011fu zamana\u015f\u0131m\u0131 karar\u0131na kar\u015f\u0131 T\u00fcrkiye ve Avrupa&#8217;n\u0131n d\u00f6rt bir yan\u0131nda davalar\u0131na sahip \u00e7\u0131kan, bu davan\u0131n takip\u00e7isi olan, \u0131srarla ve inatla m\u00fccadelerine devam eden, adalet aray\u0131\u015flar\u0131n\u0131 devam ettiren canlara bin selam olsun&#8221; diyerek konu\u015fmas\u0131na ba\u015flayan \u00d6ker, verilen zamana\u015f\u0131m\u0131 karar\u0131n\u0131 ve AKP h\u00fck\u00fcmetini protesto ettiklerini belirtti. Avrupa ve T\u00fcrkiye&#8217;nin d\u00f6rt bir yan\u0131nda aya\u011fa kalkt\u0131klar\u0131n\u0131 ve davalar\u0131na sahip \u00e7\u0131kt\u0131klar\u0131n\u0131 belirten Turgut \u00d6ker, Erdo\u011fan&#8217;a seslendi\u011fini belirterek \u015fu ifadeleri kulland\u0131:<\/p>\n<p style=\"text-align: justify;\">&#8220;Zaman a\u015f\u0131m\u0131 ile neyi a\u015fmay\u0131 planlad\u0131\u011f\u0131n\u0131z\u0131 sormak istiyoruz ve hayk\u0131r\u0131yoruz: Mad\u0131mak Katliam\u0131 insanl\u0131k su\u00e7u, verilen karar ise insanl\u0131k ay\u0131b\u0131d\u0131r. Uygulam\u0131\u015f oldu\u011fun ve uygulamaya devam etti\u011fin anti demokratik uygulamalarla bug\u00fcn\u00fcn Yavuz&#8217;u oldu\u011funu bir kez daha g\u00f6sterdin. Bu \u00f6d\u00fcl\u00fc hak edecek en son isim sensin!Bunu bir kez daha buradan hayk\u0131r\u0131yoruz. Protesto g\u00f6sterilerini bilerek bug\u00fcn bu \u00f6d\u00fcl\u00fc almaya gelemedin. Bug\u00fcn\u00fcn Yavuz soyu Tayyip Erdo\u011fan, bilesin ki art\u0131k Avrupa sokaklar\u0131nda elini kolunu sallaya sallaya dola\u015famayacaks\u0131n.&#8221;<\/p>\n<p style=\"text-align: justify;\">Almanya Alevi Birlikleri Federasyonu Genel Ba\u015fkan\u0131 H\u00fcseyin Mat da alandakilere seslenerek, AKP h\u00fck\u00fcmetinin Alevilerin ac\u0131lar\u0131yla dalga ge\u00e7ti\u011fini belirtti. &#8220;Tarih boyunca \u00d6nderlerimiz H\u0131z\u0131r Pa\u015falara, Muvaiye&#8217;ye, Yavuz&#8217;a boyun e\u011fmediler. Bug\u00fcn onlar\u0131n yolundan giden bizler de sana boyun e\u011fmeyece\u011fiz&#8221; diyen Mat, &#8220;Almanya&#8217;ya gelip Asimilasyon insanl\u0131k su\u00e7udur diyen Tayyip Erdo\u011fan, T\u00fcrkiye&#8217;ye gitti\u011finde s\u00f6z\u00fcnden \u015fa\u015f\u0131yor. Kullanm\u0131\u015f oldu\u011fu t\u00fcm erk ile Alevileri asimile etmeye \u00e7al\u0131\u015f\u0131yor&#8221; ifadelerini kulland\u0131.<\/p>\n<p style=\"text-align: justify;\">&#8216;B\u00fcy\u00fck Almanya Mitingi&#8217; i\u00e7in Almanya&#8217;da bulunan Alevi Bekta\u015f\u0131 Federasyonu Ba\u015fkan\u0131 Selahattin \u00d6zel ise &#8220;Tayyip Erdo\u011fan&#8217;\u0131n t\u00fcm anti-demokratik uygulamalar\u0131na, ho\u015fg\u00f6r\u00fcden uzak yakla\u015f\u0131mlar\u0131na ra\u011fmen bug\u00fcn kendisine verilen ho\u015fg\u00f6r\u00fc \u00f6d\u00fcl\u00fcn\u00fc almaya gelme cesaretini g\u00f6sterememesinin alt\u0131nda kendisinin katliamc\u0131lar\u0131 korumas\u0131, katliamc\u0131lar\u0131n avukatl\u0131\u011f\u0131n\u0131 yapmas\u0131 yatmaktad\u0131r&#8221; diye konu\u015ftu.<\/p>\n<p style=\"text-align: justify;\"><a href=\"http:\/\/www.cumhuriyet.com.tr\/?hn=323186\" target=\"_blank\">Kaynak : Cumhuriyet Haber Portal\u0131<\/a><\/p>\n","protected":false},"excerpt":{"rendered":"<p style=\"text-align: center;\">\n<p style=\"text-align: justify;\">Avrupa Alevi Birlikleri Konfederasyonu kitlesel bir miting ile Ba\u015fbakan Erdo\u011fan\u2019\u0131 protesto ediyor.<\/p>\n<p style=\"text-align: justify;\">\u0130stanbul- Avrupal\u0131 Aleviler, Steiger Awards \u00f6d\u00fcl\u00fcn\u00fc almak \u00fczere Almanya&#8217;ya ziyareti planlanan ancak Afganistan&#8217;da 12 T\u00fcrk askerinin \u015fehit olmas\u0131 nedeniyle ziyaretini iptal eden Ba\u015fbakan Recep Tayyip Erdo\u011fan&#8217;\u0131 protesto ediyor. <\/p>\n","protected":false},"author":1,"featured_media":0,"comment_status":"open","ping_status":"open","sticky":false,"template":"","format":"standard","meta":{"footnotes":""},"categories":[105],"tags":[],"class_list":["post-49534","post","type-post","status-publish","format-standard","hentry","category-gundem","odd"],"_links":{"self":[{"href":"http:\/\/www.korhanyilmaz.com\/index.php?rest_route=\/wp\/v2\/posts\/49534","targetHints":{"allow":["GET"]}}],"collection":[{"href":"http:\/\/www.korhanyilmaz.com\/index.php?rest_route=\/wp\/v2\/posts"}],"about":[{"href":"http:\/\/www.korhanyilmaz.com\/index.php?rest_route=\/wp\/v2\/types\/post"}],"author":[{"embeddable":true,"href":"http:\/\/www.korhanyilmaz.com\/index.php?rest_route=\/wp\/v2\/users\/1"}],"replies":[{"embeddable":true,"href":"http:\/\/www.korhanyilmaz.com\/index.php?rest_route=%2Fwp%2Fv2%2Fcomments&post=49534"}],"version-history":[{"count":0,"href":"http:\/\/www.korhanyilmaz.com\/index.php?rest_route=\/wp\/v2\/posts\/49534\/revisions"}],"wp:attachment":[{"href":"http:\/\/www.korhanyilmaz.com\/index.php?rest_route=%2Fwp%2Fv2%2Fmedia&parent=49534"}],"wp:term":[{"taxonomy":"category","embeddable":true,"href":"http:\/\/www.korhanyilmaz.com\/index.php?rest_route=%2Fwp%2Fv2%2Fcategories&post=49534"},{"taxonomy":"post_tag","embeddable":true,"href":"http:\/\/www.korhanyilmaz.com\/index.php?rest_route=%2Fwp%2Fv2%2Ftags&post=49534"}],"curies":[{"name":"wp","href":"https:\/\/api.w.org\/{rel}","templated":true}]}}