{"id":49524,"date":"2012-03-16T13:16:27","date_gmt":"2012-03-16T11:16:27","guid":{"rendered":"http:\/\/www.korhanyilmaz.com\/?p=49524"},"modified":"2012-03-17T07:30:49","modified_gmt":"2012-03-17T05:30:49","slug":"basbakandan-sivas-aciklamasi","status":"publish","type":"post","link":"http:\/\/www.korhanyilmaz.com\/?p=49524","title":{"rendered":"Ba\u015fbakan&#8217;dan Sivas a\u00e7\u0131klamas\u0131"},"content":{"rendered":"<p style=\"text-align: center;\"><a href=\"http:\/\/www.korhanyilmaz.com\/wp-content\/uploads\/2012\/03\/A0008.jpg\"  class=\"lightview\"><img loading=\"lazy\" decoding=\"async\" class=\"aligncenter  wp-image-49525\" src=\"http:\/\/www.korhanyilmaz.com\/wp-content\/uploads\/2012\/03\/A0008.jpg\" alt=\"\" width=\"396\" height=\"180\" \/><\/a><\/p>\n<p style=\"text-align: justify;\">&#8220;Sivas&#8217;a gidi\u015fimizde 18-19 ya\u015f\u0131ndaki k\u0131zlar yan\u0131m\u0131za gelip babalar\u0131n\u0131n haks\u0131z yere idama mahkum oldu\u011fuyla ilgili a\u011fl\u0131yor. Tek tarafl\u0131 bakmay\u0131 do\u011fru bulmuyorum.&#8221;<\/p>\n<p style=\"text-align: justify;\">\u0130STANBUL- Ba\u015fbakan Recep Tayyip Erdo\u011fan, Sivas Davas\u0131&#8217;n\u0131n zaman a\u015f\u0131m\u0131na u\u011framad\u0131\u011f\u0131n\u0131, zaman a\u015f\u0131m\u0131n\u0131n 5 ki\u015fiyle alakal\u0131 oldu\u011funu belirtti. Erdo\u011fan, Cuma Namaz\u0131n\u0131n ard\u0131ndan gazetecilerin sorular\u0131n\u0131 yan\u0131tlad\u0131. <!--more--><\/p>\n<p style=\"text-align: justify;\">Sivas Davas\u0131&#8217;nda idama mahkum oldu\u011fu halde idam kalkt\u0131\u011f\u0131 i\u00e7in a\u011f\u0131rla\u015ft\u0131r\u0131lm\u0131\u015f m\u00fcebbet hapse mahkum olan 33 ki\u015fi bulundu\u011funu belirten Erdo\u011fan, konuya ili\u015fkin tek tarafa siyasi bir servis yapmay\u0131 do\u011fru bulmad\u0131\u011f\u0131n\u0131, konuya ideolojik yakla\u015fman\u0131n yanl\u0131\u015f oldu\u011funu vurgulad\u0131. Erdo\u011fan, &#8221;Ankara Adalet Saray\u0131&#8217;n\u0131n \u00f6n\u00fcnde g\u00f6steri yapmak suretiyle belli bir fraksiyonun, ideolojinin borazanl\u0131\u011f\u0131n\u0131 yapmay\u0131 do\u011fru bulmuyorum&#8221; diye konu\u015ftu.<\/p>\n<p style=\"text-align: justify;\">Ba\u015fbakan Erdo\u011fan, Cuma namaz\u0131n\u0131 evinin bulundu\u011fu Subayevleri&#8217;ndeki Aksa Camii&#8217;nde k\u0131ld\u0131. Namaz \u00e7\u0131k\u0131\u015f\u0131nda gazetelerin sorular\u0131n\u0131 yan\u0131tlayan Erdo\u011fan, Sivas davas\u0131yla ilgili zaman a\u015f\u0131m\u0131 karar\u0131n\u0131n ard\u0131ndan Ba\u015fbakan Yard\u0131mc\u0131s\u0131 B\u00fclent Ar\u0131n\u00e7&#8217;\u0131n ihlali olan kamu g\u00f6revlileri hakk\u0131nda soru\u015fturma a\u00e7\u0131labilece\u011fine y\u00f6nelik a\u00e7\u0131klamalar\u0131 oldu\u011funun an\u0131msat\u0131lmas\u0131 \u00fczerine, bu a\u00e7\u0131klamalar\u0131n yarg\u0131lama s\u00fcreci i\u00e7erisindeki de\u011ferlendirmeler oldu\u011funu s\u00f6yledi. T\u00fcrkiye&#8217;de \u015fuanda aradan 30 y\u0131l ge\u00e7mesine ra\u011fmen 12 Eyl\u00fcl&#8217;de ya\u015fananlar\u0131n da masaya yat\u0131r\u0131ld\u0131\u011f\u0131n\u0131 hat\u0131rlatan Erdo\u011fan, \u015f\u00f6yle konu\u015ftu:<\/p>\n<p style=\"text-align: justify;\">&#8221;\u015euanda 5 ki\u015finin zaman a\u015f\u0131m\u0131 konu\u015fuluyor. &#8216;Sivas Davas\u0131 zaman a\u015f\u0131m\u0131na u\u011frad\u0131&#8217; ifadesini ben \u00e7ok yanl\u0131\u015f buluyorum. Sivas davas\u0131 zaman a\u015f\u0131m\u0131na u\u011framam\u0131\u015ft\u0131r, 5 ki\u015fiyle alakal\u0131 zaman a\u015f\u0131m\u0131 vard\u0131r. Sivas davas\u0131n\u0131n i\u00e7erisinde \u015fuanda idama mahkum oldu\u011fu halde idam kalkt\u0131\u011f\u0131 i\u00e7in a\u011f\u0131rla\u015ft\u0131r\u0131lm\u0131\u015f m\u00fcebbet hapse mahkum olan 33 ki\u015fi var. Bunun d\u0131\u015f\u0131nda a\u011f\u0131r hapis cezas\u0131yla cezaland\u0131r\u0131lm\u0131\u015f onlarca ki\u015fi var. Bunlar hep g\u00f6zden ka\u00e7\u0131r\u0131l\u0131yor, sapt\u0131r\u0131l\u0131yor. Burada \u00e7ok ciddi yanl\u0131\u015flar var.&#8221;<\/p>\n<p style=\"text-align: justify;\">Ba\u015fbakan Erdo\u011fan, Sivas&#8217;a gitti\u011finde bir\u00e7ok kez 18 ya\u015f\u0131nda, 19 ya\u015f\u0131nda, 15 ya\u015f\u0131ndaki k\u0131z \u00e7ocuklar\u0131n\u0131n babalar\u0131n\u0131n hi\u00e7bir taksirat\u0131 olmad\u0131\u011f\u0131 halde idama mahkum olduklar\u0131 i\u00e7in h\u00fcng\u00fcr h\u00fcng\u00fcr a\u011flad\u0131\u011f\u0131n\u0131 anlatarak, &#8221;Bunlar\u0131 g\u00f6z ard\u0131 etmek suretiyle burada tek tarafa ben siyasi bir servis yapmay\u0131 do\u011fru bulmuyorum. Bu t\u00fcr ideolojik yakla\u015f\u0131mlar yanl\u0131\u015f. Ankara Adalet Saray\u0131&#8217;n\u0131n \u00f6n\u00fcnde g\u00f6steri yapmak suretiyle belli bir fraksiyonun, ideolojinin borazanl\u0131\u011f\u0131n\u0131 yapmay\u0131 do\u011fru bulmuyorum&#8221; diye konu\u015ftu.<\/p>\n<p style=\"text-align: justify;\">Sivas davas\u0131ndan 33 ki\u015finin a\u011f\u0131rla\u015ft\u0131r\u0131lm\u0131\u015f m\u00fcebbet hapse mahkum oldu\u011funu an\u0131msatan Ba\u015fbakan Erdo\u011fan, &#8221;Zaman a\u015f\u0131m\u0131yla ilgili olarak bu \u00fclkede DHKPC&#8217;den, T\u0130KKO&#8217;dan bunca insan zaman a\u015f\u0131m\u0131na u\u011fram\u0131\u015ft\u0131r. Bunlar d\u0131\u015far\u0131dad\u0131r \u015fuanda. Efendim neymi\u015f; &#8216;Hizbullah da zaman a\u015f\u0131m\u0131na u\u011fram\u0131\u015f&#8217; ne oldu? Hizbullah&#8217;tan, zaman a\u015f\u0131m\u0131ndan \u00e7\u0131kt\u0131lar, bir k\u0131sm\u0131 yakaland\u0131, bir k\u0131sm\u0131 tekrar i\u00e7eride, bir k\u0131sm\u0131 \u015fuanda ka\u00e7\u0131yor. Hizbullah zaman a\u015f\u0131m\u0131na bundan dolay\u0131 u\u011framam\u0131\u015ft\u0131r, bu noktada da de\u011fildir. Bunu da b\u00f6yle g\u00f6rmemiz laz\u0131m, de\u011ferlendirmeleri yaparken haks\u0131zl\u0131k yapmayal\u0131m diyorum&#8221; dedi.<\/p>\n<p style=\"text-align: justify;\"><strong>ZORUNLU E\u011e\u0130T\u0130M\u0130N 12 YILA \u00c7IKARTILMASI<\/strong><\/p>\n<p style=\"text-align: justify;\">Ba\u015fbakan Erdo\u011fan, ana muhalefet partisinin zorunlu e\u011fitimin 12 y\u0131lla \u00e7\u0131kart\u0131lmas\u0131na ili\u015fkin \u00e7al\u0131\u015fmalar\u0131n &#8221;yok h\u00fckm\u00fcnde&#8221; oldu\u011funa dair iddialar\u0131 oldu\u011funun an\u0131msat\u0131lmas\u0131 \u00fczerine, bu iddian\u0131n ger\u00e7ekleri ve i\u00e7t\u00fcz\u00fck h\u00fck\u00fcmlerini ba\u011flamad\u0131\u011f\u0131n\u0131 s\u00f6yledi. TBMM \u0130\u00e7t\u00fcz\u00fc\u011f\u00fc&#8217;nde her \u015feyin a\u00e7\u0131k ve net oldu\u011funu, yap\u0131lanlar\u0131n hepsinin i\u00e7t\u00fcz\u00fc\u011fe g\u00f6re yap\u0131ld\u0131\u011f\u0131n\u0131, neticelendirildi\u011fini anlatan Erdo\u011fan, \u015f\u00f6yle devam etti:<\/p>\n<p style=\"text-align: justify;\">&#8221;Gerek ana muhalefet, gerek di\u011fer muhalefetin s\u00f6yledikleriyle bu Meclis, onlar\u0131n gayri hukuki istekleri do\u011frultusunda y\u00fcr\u00fcmeyecektir. Burada \u00e7ok a\u00e7\u0131k, net her \u015fey ortadad\u0131r. Bir tarafta 326 say\u0131s\u0131 vard\u0131r, bunun kar\u015f\u0131s\u0131ndaki say\u0131 da ortadad\u0131r ve bu say\u0131, di\u011fer say\u0131n\u0131n yar\u0131s\u0131 kadard\u0131r. Yar\u0131s\u0131 kadar bir say\u0131 326&#8217;ya egemenlik tesis etmeye gayret etmektedir. Demokraside \u00f6l\u00e7\u00fc bu de\u011fildir, biz az\u0131nl\u0131\u011f\u0131 \u00e7o\u011funlu\u011fa, \u00e7o\u011funlu\u011fu az\u0131nl\u0131\u011fa&#8230; Aradaki dengeyi kuran partiyiz. \u00c7o\u011funlu\u011fun az\u0131nl\u0131\u011fa tahakk\u00fcm\u00fcn\u00fc istemeyiz, ama kalk\u0131p az\u0131nl\u0131\u011f\u0131nda eline bant tank\u0131n\u0131 al\u0131p komisyon ba\u015fkan\u0131n\u0131 vurmak suretiyle, ona sald\u0131rmak suretiyle oradan netice \u00e7\u0131kartmas\u0131na m\u00fcsaade etmeyiz.&#8221;<\/p>\n<p style=\"text-align: justify;\">Ba\u015fbakan Erdo\u011fan, \u0130ran&#8217;a gidip gitmeyece\u011finin sorulmas\u0131 \u00fczerine de n\u00fckleer zirveye kat\u0131lmak i\u00e7in gidece\u011fi G\u00fcney Kore&#8217;den d\u00f6nerken \u0130ran&#8217;a u\u011frayaca\u011f\u0131n\u0131, bu \u00fclkede g\u00f6r\u00fc\u015fmelerin en \u00fcst d\u00fczeyde, Ayetullah Hamaney&#8217;e var\u0131ncaya kadar ger\u00e7ekle\u015ftirece\u011fini s\u00f6yledi.<\/p>\n<p style=\"text-align: justify;\"><strong>SUR\u0130YE<\/strong><\/p>\n<p style=\"text-align: justify;\">Ba\u015fbakan Erdo\u011fan, i\u00e7 kar\u0131\u015f\u0131kl\u0131\u011f\u0131n ya\u015fand\u0131\u011f\u0131 Suriye&#8217;den b\u00fcy\u00fckel\u00e7i ve T\u00fcrklerin \u00e7a\u011fr\u0131lmas\u0131na ili\u015fkin, &#8220;Bu ifade etti\u011finiz konular\u0131n hepsi de\u011ferlendirmelerin i\u00e7erisinde var. B\u00fcy\u00fckel\u00e7imizin geri \u00e7a\u011fr\u0131lmas\u0131ndan tutun oradaki T\u00fcrk vatanda\u015flar\u0131m\u0131za var\u0131ncaya kadar de\u011ferlendirmelerimizi yap\u0131yoruz&#8221; dedi.<\/p>\n<p style=\"text-align: justify;\"><a href=\"http:\/\/www.gazeteport.com.tr\/haber\/84889\/basbakandan_sivas_aciklamasi\" target=\"_blank\">Kaynak : GAZETEPORT<\/a><\/p>\n","protected":false},"excerpt":{"rendered":"<p style=\"text-align: center;\">\n<p style=\"text-align: justify;\">&#8220;Sivas&#8217;a gidi\u015fimizde 18-19 ya\u015f\u0131ndaki k\u0131zlar yan\u0131m\u0131za gelip babalar\u0131n\u0131n haks\u0131z yere idama mahkum oldu\u011fuyla ilgili a\u011fl\u0131yor. Tek tarafl\u0131 bakmay\u0131 do\u011fru bulmuyorum.&#8221;<\/p>\n<p style=\"text-align: justify;\">\u0130STANBUL- Ba\u015fbakan Recep Tayyip Erdo\u011fan, Sivas Davas\u0131&#8217;n\u0131n zaman a\u015f\u0131m\u0131na u\u011framad\u0131\u011f\u0131n\u0131, zaman a\u015f\u0131m\u0131n\u0131n 5 ki\u015fiyle alakal\u0131 oldu\u011funu belirtti. Erdo\u011fan, Cuma Namaz\u0131n\u0131n ard\u0131ndan gazetecilerin sorular\u0131n\u0131 yan\u0131tlad\u0131. <\/p>\n","protected":false},"author":1,"featured_media":0,"comment_status":"open","ping_status":"open","sticky":false,"template":"","format":"standard","meta":{"footnotes":""},"categories":[105],"tags":[],"class_list":["post-49524","post","type-post","status-publish","format-standard","hentry","category-gundem","odd"],"_links":{"self":[{"href":"http:\/\/www.korhanyilmaz.com\/index.php?rest_route=\/wp\/v2\/posts\/49524","targetHints":{"allow":["GET"]}}],"collection":[{"href":"http:\/\/www.korhanyilmaz.com\/index.php?rest_route=\/wp\/v2\/posts"}],"about":[{"href":"http:\/\/www.korhanyilmaz.com\/index.php?rest_route=\/wp\/v2\/types\/post"}],"author":[{"embeddable":true,"href":"http:\/\/www.korhanyilmaz.com\/index.php?rest_route=\/wp\/v2\/users\/1"}],"replies":[{"embeddable":true,"href":"http:\/\/www.korhanyilmaz.com\/index.php?rest_route=%2Fwp%2Fv2%2Fcomments&post=49524"}],"version-history":[{"count":0,"href":"http:\/\/www.korhanyilmaz.com\/index.php?rest_route=\/wp\/v2\/posts\/49524\/revisions"}],"wp:attachment":[{"href":"http:\/\/www.korhanyilmaz.com\/index.php?rest_route=%2Fwp%2Fv2%2Fmedia&parent=49524"}],"wp:term":[{"taxonomy":"category","embeddable":true,"href":"http:\/\/www.korhanyilmaz.com\/index.php?rest_route=%2Fwp%2Fv2%2Fcategories&post=49524"},{"taxonomy":"post_tag","embeddable":true,"href":"http:\/\/www.korhanyilmaz.com\/index.php?rest_route=%2Fwp%2Fv2%2Ftags&post=49524"}],"curies":[{"name":"wp","href":"https:\/\/api.w.org\/{rel}","templated":true}]}}