{"id":49520,"date":"2012-03-17T01:53:08","date_gmt":"2012-03-16T23:53:08","guid":{"rendered":"http:\/\/www.korhanyilmaz.com\/?p=49520"},"modified":"2012-03-17T07:24:36","modified_gmt":"2012-03-17T05:24:36","slug":"erdoganin-almanya-gezisi-iptal","status":"publish","type":"post","link":"http:\/\/www.korhanyilmaz.com\/?p=49520","title":{"rendered":"Erdo\u011fan\u2019\u0131n Almanya gezisi iptal"},"content":{"rendered":"<p style=\"text-align: center;\"><a href=\"http:\/\/www.korhanyilmaz.com\/wp-content\/uploads\/2012\/03\/A0007.jpg\"  class=\"lightview\"><img loading=\"lazy\" decoding=\"async\" class=\"aligncenter  wp-image-49521\" src=\"http:\/\/www.korhanyilmaz.com\/wp-content\/uploads\/2012\/03\/A0007.jpg\" alt=\"\" width=\"396\" height=\"180\" \/><\/a><\/p>\n<p style=\"text-align: justify;\">Ba\u015fbakan Erdo\u011fan\u2019\u0131n bug\u00fcn yap\u0131lmas\u0131 planlanan Almanya program\u0131 Afganistan\u2019da meydana gelen ve 12 T\u00fcrk askerinin hayat\u0131n\u0131 kaybetti\u011fi halikopter kazas\u0131 nedeniyle iptal edildi.<\/p>\n<p style=\"text-align: justify;\">Afganistan&#8217;da 12 askerin \u015fehit oldu\u011fu helikopter kazas\u0131 Ankara&#8217;da da b\u00fcy\u00fck yank\u0131 uyand\u0131rd\u0131.<\/p>\n<p style=\"text-align: justify;\">Ba\u015fbakan Recep Tayyip Erdo\u011fan\u2019\u0131n bug\u00fcn ger\u00e7ekle\u015ftirece\u011fi Almanya ziyaretinin iptal edildi\u011fi bildirildi. <!--more--><\/p>\n<p style=\"text-align: justify;\">Konuyla ilgili Ba\u015fbakanl\u0131k internet sitesinde bir a\u00e7\u0131klama yap\u0131ld\u0131.<\/p>\n<p style=\"text-align: justify;\">A\u00e7\u0131klamada \u015fu ifadelere yer verildi:<\/p>\n<p style=\"text-align: justify;\">\u201cBa\u015fbakan Recep Tayyip Erdo\u011fan, Afganistan&#8217;da 12 askerimizin \u015fehit d\u00fc\u015fmesi sebebiyle, 17 Mart 2012 tarihinde Almanya&#8217;ya yapmay\u0131 planlam\u0131\u015f olduklar\u0131 seyahatlerini iptal etmi\u015flerdir.<\/p>\n<p style=\"text-align: justify;\">Bu durumda Say\u0131n Ba\u015fbakan\u0131m\u0131z\u0131n K\u00f6ln&#8217;de Avrupa Gen\u00e7lik ve Spor \u00c7al\u0131\u015ftay\u0131&#8217;na kat\u0131l\u0131mlar\u0131, Bochum&#8217;da ise Avrupa kategorisinde kendisine tevdi edilmesi \u00f6ng\u00f6r\u00fclen \u00f6d\u00fcl\u00fc almak \u00fczere Steiger \u00d6d\u00fcl\u00fc T\u00f6reni&#8217;ne i\u015ftirakleri s\u00f6z konusu olamayacakt\u0131r. Kamuoyuna sayg\u0131yla duyurulur.\u201d<\/p>\n<p style=\"text-align: justify;\"><strong>KILI\u00c7DARO\u011eLU&#8217;NDAN BA\u015eSA\u011eLI\u011eI<\/strong><\/p>\n<p style=\"text-align: justify;\">\u00d6te yandan muhalefet partisi liderleri K\u0131l\u0131\u00e7daro\u011flu ve Bah\u00e7eli\u2019den olayla ilgili a\u00e7\u0131klamlar geldi.<\/p>\n<p style=\"text-align: justify;\">CHP lideri Kemal K\u0131l\u0131\u00e7daro\u011flu ba\u015fsa\u011fl\u0131\u011f\u0131 dileklerini sosyal payla\u015f\u0131m sitesi twitter \u00fczerinden iletti. K\u0131l\u0131\u00e7daro\u011flu &#8220;12 askerimize rahmet, ailelerine, silah arkada\u015flar\u0131na ve T\u00fcrk Silahl\u0131 kuvvetleri&#8217;ne ba\u015fsa\u011fl\u0131\u011f\u0131 dilerim&#8221; mesaj\u0131n\u0131 payla\u015ft\u0131.<\/p>\n<p style=\"text-align: justify;\"><strong>BAH\u00c7EL\u0130\u2019DEN \u00c7EK\u0130LEL\u0130M MESAJI<\/strong><\/p>\n<p style=\"text-align: justify;\">Yaz\u0131l\u0131 a\u00e7\u0131klama yapan MHP lideri Devlet Bah\u00e7eli ise Afganistan&#8217;daki T\u00fcrk askeri varl\u0131\u011f\u0131n\u0131n yeniden g\u00f6zden ge\u00e7irilmesi \u00e7a\u011fr\u0131s\u0131nda bulundu.<\/p>\n<p style=\"text-align: justify;\">Olay\u0131 \u2018ac\u0131 verici\u2019 olarak niteleyen Bah\u00e7eli, &#8221;Afganistan&#8217;\u0131n karanl\u0131k ortam\u0131nda g\u00fcvenlik g\u00f6revlilerimizin kayb\u0131, artan \u015fiddet ve tahrik y\u00fckl\u00fc geli\u015fmeler buradaki askeri varl\u0131\u011f\u0131m\u0131z\u0131n tekrar g\u00f6zden ge\u00e7irilmesini gerekli k\u0131lmaktad\u0131r&#8221; dedi.<\/p>\n<p style=\"text-align: justify;\"><a href=\"http:\/\/www.gazeteport.com.tr\/haber\/84959\/erdogan\" target=\"_blank\">Kaynak : GAZETEPORT<\/a><\/p>\n","protected":false},"excerpt":{"rendered":"<p style=\"text-align: center;\">\n<p style=\"text-align: justify;\">Ba\u015fbakan Erdo\u011fan\u2019\u0131n bug\u00fcn yap\u0131lmas\u0131 planlanan Almanya program\u0131 Afganistan\u2019da meydana gelen ve 12 T\u00fcrk askerinin hayat\u0131n\u0131 kaybetti\u011fi halikopter kazas\u0131 nedeniyle iptal edildi.<\/p>\n<p style=\"text-align: justify;\">Afganistan&#8217;da 12 askerin \u015fehit oldu\u011fu helikopter kazas\u0131 Ankara&#8217;da da b\u00fcy\u00fck yank\u0131 uyand\u0131rd\u0131.<\/p>\n<p style=\"text-align: justify;\">Ba\u015fbakan Recep Tayyip Erdo\u011fan\u2019\u0131n bug\u00fcn ger\u00e7ekle\u015ftirece\u011fi Almanya ziyaretinin iptal edildi\u011fi bildirildi. <\/p>\n","protected":false},"author":1,"featured_media":0,"comment_status":"open","ping_status":"open","sticky":false,"template":"","format":"standard","meta":{"footnotes":""},"categories":[105],"tags":[],"class_list":["post-49520","post","type-post","status-publish","format-standard","hentry","category-gundem","odd"],"_links":{"self":[{"href":"http:\/\/www.korhanyilmaz.com\/index.php?rest_route=\/wp\/v2\/posts\/49520","targetHints":{"allow":["GET"]}}],"collection":[{"href":"http:\/\/www.korhanyilmaz.com\/index.php?rest_route=\/wp\/v2\/posts"}],"about":[{"href":"http:\/\/www.korhanyilmaz.com\/index.php?rest_route=\/wp\/v2\/types\/post"}],"author":[{"embeddable":true,"href":"http:\/\/www.korhanyilmaz.com\/index.php?rest_route=\/wp\/v2\/users\/1"}],"replies":[{"embeddable":true,"href":"http:\/\/www.korhanyilmaz.com\/index.php?rest_route=%2Fwp%2Fv2%2Fcomments&post=49520"}],"version-history":[{"count":0,"href":"http:\/\/www.korhanyilmaz.com\/index.php?rest_route=\/wp\/v2\/posts\/49520\/revisions"}],"wp:attachment":[{"href":"http:\/\/www.korhanyilmaz.com\/index.php?rest_route=%2Fwp%2Fv2%2Fmedia&parent=49520"}],"wp:term":[{"taxonomy":"category","embeddable":true,"href":"http:\/\/www.korhanyilmaz.com\/index.php?rest_route=%2Fwp%2Fv2%2Fcategories&post=49520"},{"taxonomy":"post_tag","embeddable":true,"href":"http:\/\/www.korhanyilmaz.com\/index.php?rest_route=%2Fwp%2Fv2%2Ftags&post=49520"}],"curies":[{"name":"wp","href":"https:\/\/api.w.org\/{rel}","templated":true}]}}