{"id":49515,"date":"2012-03-16T18:22:23","date_gmt":"2012-03-16T16:22:23","guid":{"rendered":"http:\/\/www.korhanyilmaz.com\/?p=49515"},"modified":"2012-03-17T07:19:26","modified_gmt":"2012-03-17T05:19:26","slug":"almanyada-erdogana-odul-verilecek-olmasina-buyuk-tepki","status":"publish","type":"post","link":"http:\/\/www.korhanyilmaz.com\/?p=49515","title":{"rendered":"Almanya&#8217;da Erdo\u011fan&#8217;a \u00f6d\u00fcl verilecek olmas\u0131na b\u00fcy\u00fck tepki"},"content":{"rendered":"<p style=\"text-align: center;\"><a href=\"http:\/\/www.korhanyilmaz.com\/wp-content\/uploads\/2012\/03\/A0006.jpg\"  class=\"lightview\"><img loading=\"lazy\" decoding=\"async\" class=\"aligncenter  wp-image-49516\" src=\"http:\/\/www.korhanyilmaz.com\/wp-content\/uploads\/2012\/03\/A0006.jpg\" alt=\"\" width=\"452\" height=\"165\" \/><\/a><\/p>\n<p style=\"text-align: justify;\">Almanya&#8217;da Ba\u015fbakan Erdo\u011fan&#8217;a madenciler an\u0131s\u0131na &#8220;ho\u015fg\u00f6r\u00fc ve tolerans&#8221; \u00f6d\u00fcl\u00fc verilecek olmas\u0131na ba\u015fta Alevi dernekleri olmak \u00fczere bir\u00e7ok demokratik sivil toplum kurulu\u015fu tepki g\u00f6sterdi. \u00d6d\u00fcl g\u00fcn\u00fc b\u00fcy\u00fck bir protesto eylemi d\u00fczenlenecek.<\/p>\n<p style=\"text-align: justify;\">Almanya\u2019n\u0131n Kuzey Ren Vestfalya eyaletinde Ruhr b\u00f6lgesinde maden ocaklar\u0131nda \u00e7al\u0131\u015fanlar\u0131n an\u0131s\u0131na verilen \u201cSteiger \u00d6d\u00fcl\u00fc&#8221;n\u00fcn Ba\u015fbakan Erdo\u011fan&#8217;a verilecek olmas\u0131na ba\u015fta Alevi dernekleri olmak \u00fczere demokratik sivil toplum kurulu\u015flar\u0131 ve baz\u0131 T\u00fcrk k\u00f6kenli milletvekilleri tepki g\u00f6sterdi. Yar\u0131n Bochum kentinde d\u00fczenlenecek ve Erdo\u011fan&#8217;\u0131n da kat\u0131laca\u011f\u0131 Bochum kentinde b\u00fcy\u00fck bir protesto mitingi yap\u0131laca\u011f\u0131 belirtildi. <!--more--><\/p>\n<p style=\"text-align: justify;\"><strong><a href=\"http:\/\/www.korhanyilmaz.com\/wp-content\/uploads\/2012\/03\/A0005.jpg\"  class=\"lightview\"><img loading=\"lazy\" decoding=\"async\" class=\"alignleft  wp-image-49517\" style=\"margin-left: 10px; margin-right: 10px;\" src=\"http:\/\/www.korhanyilmaz.com\/wp-content\/uploads\/2012\/03\/A0005.jpg\" alt=\"\" width=\"336\" height=\"150\" \/><\/a>Almanya&#8217;daki Alevi \u00f6rg\u00fctlerinden b\u00fcy\u00fck tepki<\/strong><\/p>\n<p style=\"text-align: justify;\">&#8220;Birlikte ya\u015fam, ho\u015fg\u00f6r\u00fc ve insan\u00ee de\u011ferler&#8221; \u00e7er\u00e7evesinde verilecek \u00f6d\u00fcl\u00fc Ba\u015fbakan Erdo\u011fan&#8217;a eski Almanya Ba\u015fbakan\u0131 Gerhard Schr\u00f6der&#8217;in takdim edece\u011fi a\u00e7\u0131klan\u0131rken, durumu protesto eden Almanya Alevi Birlikleri Federasyonu (AABF) taraf\u0131ndan yap\u0131lan a\u00e7\u0131klamada Sivas Katliam\u0131&#8217;n\u0131n zamana\u015f\u0131m\u0131 gerek\u00e7esiyle d\u00fc\u015f\u00fcr\u00fclmesinde AKP iktidar\u0131n\u0131n sorumlulu\u011funa i\u015faret edildi:<\/p>\n<p style=\"text-align: justify;\">&#8220;<em>K\u0131sa bir s\u00fcre \u00f6nce (13.03.2012\u2019de), Ankara 11. A\u011f\u0131r Ceza Mahkemesi\u2019nde yap\u0131lan duru\u015fmada, 2 Temmuz 1993\u2019te Sivas-Mad\u0131mak otelini yakarak 35 ki\u015fiyi katleden katilleri zaman a\u015f\u0131m\u0131 gerek\u00e7esiyle, davadan d\u00fc\u015f\u00fcr\u00fclmesine karar verilmesi, serbest b\u0131rak\u0131lmas\u0131, bir insanl\u0131k ay\u0131b\u0131d\u0131r, bir utan\u00e7 belgesidir. Ba\u015fbak\u0131n\u0131 Erdo\u011fan taraf\u0131nda da insanl\u0131k su\u00e7unu i\u015fleyen bu kattiller hakk\u0131nda verilen karar\u0131n \u201cmilletimize hay\u0131rl\u0131 olsun\u201d diyerek, adeta katillere destek vermesi de, ayr\u0131 bir utan\u00e7 tablosu ve Mad\u0131mak Katliam\u0131 gibi T\u00fcrkiye tarihinde silinemiyecek kara bir lekedir.Bu nedenle Ba\u015fbakana verilecek bu \u00f6d\u00fcl, Almanya Alevi Birlikleri Federasyonu i\u00e7in kutlan\u0131lacak bir olay de\u011fildir, tam tersine ay\u0131planacak bir \u00f6d\u00fcld\u00fcr.<\/em>&#8220;<\/p>\n<p style=\"text-align: justify;\"><strong>\u00d6d\u00fcl\u00fcn verilece\u011fi Bochum kentinde b\u00fcy\u00fck bir eylem yap\u0131lacak<\/strong><\/p>\n<p style=\"text-align: justify;\">AABF taraf\u0131ndan yap\u0131lan a\u00e7\u0131klamada \u00f6d\u00fcl\u00fc veren kuru\u015fa karar\u0131n\u0131 de\u011fi\u015ftirmesi \u00e7a\u011fr\u0131s\u0131 yap\u0131l\u0131rken, \u00f6d\u00fcl\u00fcn verilece\u011fi g\u00fcn (yar\u0131n) Bochum kentinde b\u00fcy\u00fck bir miting yap\u0131laca\u011f\u0131 duyuruldu:<\/p>\n<p style=\"text-align: justify;\">&#8220;<em>&#8230; Almanya Alevi Birlikleri Federasyonu, bu \u00f6d\u00fcl\u00fc veren kurulu\u015fun, b\u00f6yle bir \u00f6d\u00fcl\u00fcn Erdo\u011fan\u2019a verilmemesini, iptal edilmesin talep etmektedir. AABF ayn\u0131 \u015fekilde 17 Mart 2012 tarihinde bu olay\u0131 ve T\u00fcrkiye\u2019deki Mad\u0131mak davas\u0131nda, katilleri zaman a\u015f\u0131m\u0131 gerek\u00e7esiyle yarg\u0131lamadan serbest b\u0131rakan, T\u00fcrkiye\u2019nin y\u00fcz karas\u0131 olan bu utan\u00e7 belgesini ve verdi\u011fi mesajla katillerden yana tavr\u0131n\u0131 koyan Ba\u015fbakan Erdo\u011fan\u2019\u0131 protesto etmek i\u00e7in, en az 20.000 ki\u015fiyle Bochum mitinginde olacaklard\u0131r.&#8221;<\/em><\/p>\n<p style=\"text-align: justify;\"><strong>K\u00fcrt \u00f6rg\u00fctleri de eyleme haz\u0131rlan\u0131yor<\/strong><\/p>\n<p style=\"text-align: justify;\">Demokratik Kitle \u00d6rg\u00fctleri Platformu-Avrupa (DEK\u00d6P-A) da Erdo\u011fan&#8217;a \u00f6d\u00fcl verilmesine tepki g\u00f6steren bir a\u00e7\u0131klama yapt\u0131 ve 17 Mart&#8217;ta Bochum&#8217;da Erdo\u011fan&#8217;\u0131 protesto etmeye \u00e7a\u011f\u0131rd\u0131:<\/p>\n<p style=\"text-align: justify;\"><em>&#8220;TC Devletinin eli kanl\u0131 ba\u015fbakan\u0131 R.T. Erdo\u011fan 17 Mart Cumartesi g\u00fcn\u00fc Almanya\u2019n\u0131n Bochum kentine gelmektedir. Almanya&#8217;n\u0131n NRW Eyaletinde Ruhr B\u00f6lgesi&#8217;nde maden ocaklar\u0131nda \u00e7al\u0131\u015fanlar\u0131n an\u0131s\u0131na 2005 y\u0131l\u0131ndan verilmeye ba\u015flanan \u00f6d\u00fcl, bu y\u0131l da i\u015f\u00e7i ve emek\u00e7i d\u00fc\u015fman\u0131 Erdo\u011fan\u2019a verilecektir. Avrupa b\u00f6l\u00fcm\u00fc kapsam\u0131na giren bu \u00f6d\u00fcl\u00fcn, &#8220;Avrupa toplulu\u011funun birlikteli\u011fine katk\u0131 sunanlar&#8221; kategorisi kapsam\u0131 dahilinde Erdo\u011fan\u2019a verilece\u011fi a\u00e7\u0131klanm\u0131\u015ft\u0131r. &#8220;Steiger Award&#8221; olarak adland\u0131r\u0131lan bu \u00f6d\u00fcl\u00fcn Erdo\u011fan\u2019a verilmesi, ba\u015fta Alman PEN onursal ba\u015fkan\u0131 olmak \u00fczere bir\u00e7ok ilerici kurum ve ki\u015filer taraf\u0131ndan protesto edilmektedir. <\/em><\/p>\n<p style=\"text-align: justify;\"><em>\u0130\u00e7inde bulundu\u011fumuz d\u00f6nemde, T\u00fcrk devletinin h\u00fck\u00fcmeti, en ufak demokratik hak talebine dahi tahamm\u00fcl g\u00f6stermezken, Roboski katliam\u0131nda katledilenlerin daha kan\u0131 kurumam\u0131\u015fken, Sivas\u2019ta katledilen 35 insan\u0131n katillerinin akland\u0131\u011f\u0131 bu s\u00fcre\u00e7te, Erdo\u011fan\u2019a verilecek bu \u00f6d\u00fcl\u00fc bir insanl\u0131k ay\u0131b\u0131 olarak g\u00f6r\u00fcp nefretle k\u0131nad\u0131\u011f\u0131m\u0131z\u0131 t\u00fcm kamuoyuna deklere ediyoruz. \u0130\u015flenecek bu insanl\u0131k ay\u0131b\u0131na kar\u015f\u0131; \u00f6d\u00fcl\u00fcn verilece\u011fi 17 Mart cumartesi g\u00fcn\u00fc t\u00fcm halk\u0131m\u0131z\u0131, Erdo\u011fan\u2019\u0131 protesto etmeye \u00e7a\u011f\u0131r\u0131yoruz.&#8221;<\/em><\/p>\n<p style=\"text-align: justify;\"><strong>Milletvekillerinden de tepki<\/strong><\/p>\n<p style=\"text-align: justify;\">Alman Sosyal Demokrat Parti (SPD) Hamburg eyalet milletvekili Ali R\u0131za \u015eim\u015fek ve Alman Ye\u015filler Partisi Federal milletvekili ve partisinin uyum s\u00f6zc\u00fcs\u00fc hukuk\u00e7u Memet K\u0131l\u0131\u00e7 da konu ile ilgili yapt\u0131klar\u0131 a\u00e7\u0131klamalarda, Erdo\u011fan&#8217;a &#8220;ho\u015fg\u00f6r\u00fc&#8221; \u00f6d\u00fcl\u00fc verilmesinin utan\u00e7 verici oldu\u011funu dile getirdiler.<\/p>\n<p style=\"text-align: justify;\"><strong>\u00d6d\u00fcl\u00fc verecek olan kurulu\u015ftan a\u00e7\u0131klama<\/strong><\/p>\n<p style=\"text-align: justify;\">\u00d6d\u00fcl\u00fc verecek olan kurulu\u015f ise \u00f6d\u00fcl\u00fc Erdo\u011fan&#8217;a, T\u00fcrkiye&#8217;den Almanya&#8217;ya i\u015f\u00e7i g\u00f6\u00e7\u00fcn\u00fc 50. y\u0131l\u0131 nedeniyle vereceklerini, T\u00fcrkiye Ba\u015fbakan\u0131&#8217;n\u0131n i\u00e7 ve d\u0131\u015f politikalar\u0131n\u0131n de\u011ferlendirilmesinin \u00fcr\u00fcn\u00fc olmad\u0131\u011f\u0131 belirtti. Ruhr b\u00f6lgesinde a\u011f\u0131rl\u0131kla g\u00f6\u00e7men i\u015f\u00e7ilerin \u00e7al\u0131\u015ft\u0131\u011f\u0131na da vurgu yap\u0131ld\u0131.<\/p>\n<p style=\"text-align: justify;\"><strong>Sadece son 4 y\u0131lda 319 madenci \u00f6ld\u00fc<\/strong><\/p>\n<p style=\"text-align: justify;\">Sivas Katliam\u0131 davas\u0131n\u0131n zamana\u015f\u0131m\u0131 gerek\u00e7esiyle d\u00fc\u015f\u00fcr\u00fclmesi, Uludere&#8217;de Ankara&#8217;dan gelen emirle 34 k\u00f6yl\u00fcn\u00fcn bombalanarak katledildi\u011fi, Hrant Dink cinayetinde sorumlulu\u011fu olan kamu g\u00f6revlilerinin soru\u015fturulmas\u0131na izin verilmedi\u011fi, daha birka\u00e7 hafta \u00f6nce devlet deste\u011fi ile Taksim&#8217;de Hocal\u0131 Katliam\u0131 bahanesi ile \u0131rk\u00e7\u0131 bir g\u00f6steri d\u00fczenlendi\u011fi ve bu g\u00f6steriye \u0130\u00e7i\u015fleri Bakan\u0131&#8217;n\u0131n da kat\u0131ld\u0131\u011f\u0131 hat\u0131rland\u0131\u011f\u0131nda Ba\u015fbakan Erdo\u011fan&#8217;a &#8220;ho\u015fg\u00f6r\u00fc ve tolerans&#8221; \u00e7er\u00e7evesinde \u00f6d\u00fcl verilmesi tam anlam\u0131yla skandal.<\/p>\n<p style=\"text-align: justify;\">Di\u011fer bir skandal ise Erdo\u011fan&#8217;a madenciler ad\u0131na \u00f6d\u00fcl verilecek olmas\u0131. Zira son 4 y\u0131lda Sosyal G\u00fcvenlik Kurumu verilerine g\u00f6re 332 madencinin maden kazalar\u0131 sonucunda ya\u015fam\u0131n\u0131 yitirdi.<\/p>\n<p style=\"text-align: justify;\"><a href=\"http:\/\/haber.sol.org.tr\/dunyadan\/almanyada-erdogana-odul-verilecek-olmasina-buyuk-tepki-haberi-52765\" target=\"_blank\">Kaynak : SOL Portal<\/a><\/p>\n","protected":false},"excerpt":{"rendered":"<p style=\"text-align: center;\">\n<p style=\"text-align: justify;\">Almanya&#8217;da Ba\u015fbakan Erdo\u011fan&#8217;a madenciler an\u0131s\u0131na &#8220;ho\u015fg\u00f6r\u00fc ve tolerans&#8221; \u00f6d\u00fcl\u00fc verilecek olmas\u0131na ba\u015fta Alevi dernekleri olmak \u00fczere bir\u00e7ok demokratik sivil toplum kurulu\u015fu tepki g\u00f6sterdi. \u00d6d\u00fcl g\u00fcn\u00fc b\u00fcy\u00fck bir protesto eylemi d\u00fczenlenecek.<\/p>\n<p style=\"text-align: justify;\">Almanya\u2019n\u0131n Kuzey Ren Vestfalya eyaletinde Ruhr b\u00f6lgesinde maden ocaklar\u0131nda \u00e7al\u0131\u015fanlar\u0131n an\u0131s\u0131na verilen \u201cSteiger \u00d6d\u00fcl\u00fc&#8221;n\u00fcn Ba\u015fbakan Erdo\u011fan&#8217;a verilecek olmas\u0131na <\/p>\n","protected":false},"author":1,"featured_media":0,"comment_status":"open","ping_status":"open","sticky":false,"template":"","format":"standard","meta":{"footnotes":""},"categories":[3],"tags":[],"class_list":["post-49515","post","type-post","status-publish","format-standard","hentry","category-dunya","odd"],"_links":{"self":[{"href":"http:\/\/www.korhanyilmaz.com\/index.php?rest_route=\/wp\/v2\/posts\/49515","targetHints":{"allow":["GET"]}}],"collection":[{"href":"http:\/\/www.korhanyilmaz.com\/index.php?rest_route=\/wp\/v2\/posts"}],"about":[{"href":"http:\/\/www.korhanyilmaz.com\/index.php?rest_route=\/wp\/v2\/types\/post"}],"author":[{"embeddable":true,"href":"http:\/\/www.korhanyilmaz.com\/index.php?rest_route=\/wp\/v2\/users\/1"}],"replies":[{"embeddable":true,"href":"http:\/\/www.korhanyilmaz.com\/index.php?rest_route=%2Fwp%2Fv2%2Fcomments&post=49515"}],"version-history":[{"count":0,"href":"http:\/\/www.korhanyilmaz.com\/index.php?rest_route=\/wp\/v2\/posts\/49515\/revisions"}],"wp:attachment":[{"href":"http:\/\/www.korhanyilmaz.com\/index.php?rest_route=%2Fwp%2Fv2%2Fmedia&parent=49515"}],"wp:term":[{"taxonomy":"category","embeddable":true,"href":"http:\/\/www.korhanyilmaz.com\/index.php?rest_route=%2Fwp%2Fv2%2Fcategories&post=49515"},{"taxonomy":"post_tag","embeddable":true,"href":"http:\/\/www.korhanyilmaz.com\/index.php?rest_route=%2Fwp%2Fv2%2Ftags&post=49515"}],"curies":[{"name":"wp","href":"https:\/\/api.w.org\/{rel}","templated":true}]}}