{"id":49511,"date":"2012-03-17T00:05:19","date_gmt":"2012-03-16T22:05:19","guid":{"rendered":"http:\/\/www.korhanyilmaz.com\/?p=49511"},"modified":"2012-03-17T06:40:51","modified_gmt":"2012-03-17T04:40:51","slug":"hoca-en-degerli-mallarini-gizlemis","status":"publish","type":"post","link":"http:\/\/www.korhanyilmaz.com\/?p=49511","title":{"rendered":"Hoca, en de\u011ferli mallar\u0131n\u0131 gizlemi\u015f"},"content":{"rendered":"<p style=\"text-align: center;\"><a href=\"http:\/\/www.korhanyilmaz.com\/wp-content\/uploads\/2012\/03\/A0004.jpg\"  class=\"lightview\"><img loading=\"lazy\" decoding=\"async\" class=\"aligncenter  wp-image-49512\" src=\"http:\/\/www.korhanyilmaz.com\/wp-content\/uploads\/2012\/03\/A0004.jpg\" alt=\"\" width=\"396\" height=\"180\" \/><\/a><\/p>\n<p style=\"text-align: justify;\">Erbakan\u2019\u0131n, Meclis\u2019e ve Mal Varl\u0131\u011f\u0131 Komisyonuna verdi\u011fi beyanda, 12 milyon dolarl\u0131k yal\u0131 ile, Ankara\u2019daki 11 katl\u0131 bina yok..<\/p>\n<p style=\"text-align: justify;\">ANKARA &#8211; Necmettin Erbakan\u2019\u0131n \u00e7ocuklar\u0131n\u0131 birbirine d\u00fc\u015f\u00fcren mal varl\u0131\u011f\u0131 davas\u0131nda, TBMM\u2019deki dosyalar da a\u00e7\u0131ld\u0131. Erbakan, Meclis\u2019e ve Mal Varl\u0131\u011f\u0131n\u0131 Ara\u015ft\u0131rma Komisyonuna verdi\u011fi beyanlarda, 12 milyon dolarl\u0131k Kanl\u0131ca yal\u0131s\u0131 ile Ankara Demetevler\u2019deki 11 katl\u0131 binadan hi\u00e7 bahsetmemi\u015f. <!--more--><\/p>\n<p style=\"text-align: justify;\">Erbakan\u2019\u0131n 148 kilo k\u00fcl\u00e7e alt\u0131n\u0131 ve mal varl\u0131\u011f\u0131, bug\u00fcne kadar s\u0131k s\u0131k tart\u0131\u015fma konusu oldu. Erbakan ilk olarak 1969\u2019da milletvekili se\u00e7ildi\u011finde TBMM\u2019ye mal beyan\u0131nda bulundu. T\u00fcm mal varl\u0131\u011f\u0131n\u0131n, \u0130stanbul Fatih\u2019te bir apartman dairesi ve bir araba oldu\u011funu bildirdi. G\u00fcm\u00fc\u015f Motor \u015eirketinde \u00e7ok az miktar hissesi ile 3 bin 200 liral\u0131k milletvekili maa\u015f\u0131ndan ba\u015fka geliri de olmad\u0131\u011f\u0131n\u0131 yazd\u0131.<\/p>\n<p style=\"text-align: justify;\"><strong>ARSA EV ALTIN VE D\u00d6V\u0130Z<\/strong><\/p>\n<p style=\"text-align: justify;\">Bu beyandan 25 y\u0131l sonra 1994 y\u0131l\u0131nda TBMM\u2019de liderlerin mal varl\u0131klar\u0131n\u0131 ara\u015ft\u0131rma komisyonu kuruldu. Erbakan bu komisyona mal beyan\u0131nda bulundu. \u0130stanbul, Bal\u0131kesir ve Ankara\u2019da toplam 17 bin 673 metrekare b\u00fcy\u00fckl\u00fc\u011f\u00fcnde 7 adet arsa, Ankara, \u0130stanbul ve \u0130zmit\u2019de 6 adet daire, Bal\u0131kesir Alt\u0131noluk\u2019da 40 bin metrekare arazi ve bu arazi \u00fczerinde 216 metrekarelik villa, 3 yazl\u0131k ev, 421 bin dolar, 532 bin \u0130svi\u00e7re frang\u0131, 611 bin Alman mark\u0131, 148 kilo da k\u00fcl\u00e7e alt\u0131n sahibi oldu\u011funu bildirdi.<\/p>\n<p style=\"text-align: justify;\">Karde\u015fi Kemalettin Erbakan da komisyona mal varl\u0131\u011f\u0131 olarak, \u0130stanbul Kartal, Samand\u0131ra, Sultanbeyli ve \u00c7iftlik mahallerinde, 4 milyon 881 bin 053 metrekare b\u00fcy\u00fckl\u00fc\u011f\u00fcnde, toplam 40 adet arsas\u0131 oldu\u011funu a\u00e7\u0131klad\u0131.<\/p>\n<p style=\"text-align: justify;\">Erbakan daha sonra 0 ve 5\u2019li y\u0131llarda TBMM\u2019ye verdi\u011fi mal beyanlar\u0131nda da bug\u00fcn tart\u0131\u015f\u0131lan \u0130stanbul Kanl\u0131ca\u2019daki 12 milyon dolarl\u0131k yal\u0131, Ankara Demetevler\u2019deki 11 katl\u0131 bina, Konya Un Sanayii ve Milda Ka\u011f\u0131t Anonim \u015eirketi sahipli\u011finden bahsetmedi. Ancak bu mallar, Erbakan\u2019\u0131n b\u00fcy\u00fck k\u0131z\u0131 Zeynep Erbakan\u2019\u0131n savc\u0131ya verdi\u011fi ifade ve karde\u015fleri ile eni\u015ftesi hakk\u0131nda, \u201cBabam\u0131n mallar\u0131n\u0131 ve paras\u0131n\u0131 benden ka\u00e7\u0131rd\u0131lar\u201d diyerek, su\u00e7 duyurusunda bulunmas\u0131yla ortaya \u00e7\u0131kt\u0131.<\/p>\n<p style=\"text-align: justify;\"><a href=\"http:\/\/www.gazeteport.com.tr\/haber\/84947\/hoca_en_degerli_mallarini_gizlemis\" target=\"_blank\">Kaynak : GAZETEPORT<\/a><\/p>\n","protected":false},"excerpt":{"rendered":"<p style=\"text-align: center;\">\n<p style=\"text-align: justify;\">Erbakan\u2019\u0131n, Meclis\u2019e ve Mal Varl\u0131\u011f\u0131 Komisyonuna verdi\u011fi beyanda, 12 milyon dolarl\u0131k yal\u0131 ile, Ankara\u2019daki 11 katl\u0131 bina yok..<\/p>\n<p style=\"text-align: justify;\">ANKARA &#8211; Necmettin Erbakan\u2019\u0131n \u00e7ocuklar\u0131n\u0131 birbirine d\u00fc\u015f\u00fcren mal varl\u0131\u011f\u0131 davas\u0131nda, TBMM\u2019deki dosyalar da a\u00e7\u0131ld\u0131. Erbakan, Meclis\u2019e ve Mal Varl\u0131\u011f\u0131n\u0131 Ara\u015ft\u0131rma Komisyonuna verdi\u011fi beyanlarda, 12 milyon dolarl\u0131k Kanl\u0131ca yal\u0131s\u0131 ile Ankara <\/p>\n","protected":false},"author":1,"featured_media":0,"comment_status":"open","ping_status":"open","sticky":false,"template":"","format":"standard","meta":{"footnotes":""},"categories":[105],"tags":[],"class_list":["post-49511","post","type-post","status-publish","format-standard","hentry","category-gundem","odd"],"_links":{"self":[{"href":"http:\/\/www.korhanyilmaz.com\/index.php?rest_route=\/wp\/v2\/posts\/49511","targetHints":{"allow":["GET"]}}],"collection":[{"href":"http:\/\/www.korhanyilmaz.com\/index.php?rest_route=\/wp\/v2\/posts"}],"about":[{"href":"http:\/\/www.korhanyilmaz.com\/index.php?rest_route=\/wp\/v2\/types\/post"}],"author":[{"embeddable":true,"href":"http:\/\/www.korhanyilmaz.com\/index.php?rest_route=\/wp\/v2\/users\/1"}],"replies":[{"embeddable":true,"href":"http:\/\/www.korhanyilmaz.com\/index.php?rest_route=%2Fwp%2Fv2%2Fcomments&post=49511"}],"version-history":[{"count":0,"href":"http:\/\/www.korhanyilmaz.com\/index.php?rest_route=\/wp\/v2\/posts\/49511\/revisions"}],"wp:attachment":[{"href":"http:\/\/www.korhanyilmaz.com\/index.php?rest_route=%2Fwp%2Fv2%2Fmedia&parent=49511"}],"wp:term":[{"taxonomy":"category","embeddable":true,"href":"http:\/\/www.korhanyilmaz.com\/index.php?rest_route=%2Fwp%2Fv2%2Fcategories&post=49511"},{"taxonomy":"post_tag","embeddable":true,"href":"http:\/\/www.korhanyilmaz.com\/index.php?rest_route=%2Fwp%2Fv2%2Ftags&post=49511"}],"curies":[{"name":"wp","href":"https:\/\/api.w.org\/{rel}","templated":true}]}}