{"id":49505,"date":"2012-03-16T15:55:46","date_gmt":"2012-03-16T13:55:46","guid":{"rendered":"http:\/\/www.korhanyilmaz.com\/?p=49505"},"modified":"2012-03-16T20:07:59","modified_gmt":"2012-03-16T18:07:59","slug":"allah-icin-karar-alir","status":"publish","type":"post","link":"http:\/\/www.korhanyilmaz.com\/?p=49505","title":{"rendered":"&#8220;Allah i\u00e7in karar al\u0131r&#8221;"},"content":{"rendered":"<p style=\"text-align: center;\"><a href=\"http:\/\/www.korhanyilmaz.com\/wp-content\/uploads\/2012\/03\/A0003.jpg\"  class=\"lightview\"><img loading=\"lazy\" decoding=\"async\" class=\"aligncenter  wp-image-49506\" src=\"http:\/\/www.korhanyilmaz.com\/wp-content\/uploads\/2012\/03\/A0003.jpg\" alt=\"\" width=\"396\" height=\"180\" \/><\/a><\/p>\n<p style=\"text-align: justify;\">Dan\u0131\u015ftay Ba\u015fkan\u0131 H\u00fcseyin Karakulluk\u00e7u, Ba\u015fbakan Erdo\u011fan\u2019\u0131n teyzesinin o\u011flu \u0130brahim Er&#8217;in neden Dan\u0131\u015ftay 1. Daire&#8217;de g\u00f6revlendirildi\u011fine ili\u015fkin soruya, &#8220;Y\u00fcksek yarg\u0131 mensubu olmu\u015f birinin b\u00fct\u00fcn akrabal\u0131k ba\u011flar\u0131 kopmu\u015ftur art\u0131k. O ki\u015finin ald\u0131\u011f\u0131 kararlar art\u0131k Allah i\u00e7in, hak i\u00e7in, adalet i\u00e7in olmal\u0131d\u0131r&#8221; diye cevap verdi.<\/p>\n<p style=\"text-align: justify;\">ANKARA- Dan\u0131\u015ftay Ba\u015fkan\u0131 H\u00fcseyin Karakulluk\u00e7u HaberT\u00fcrk&#8217;ten Yasemin G\u00fcneri\u2019ye verdi\u011fi r\u00f6portajda Dan\u0131\u015ftay 1. Daire&#8217;de g\u00f6revlendirilen Ba\u015fbakan Erdo\u011fan\u2019\u0131n teyzesinin o\u011flu \u0130brahim Er\u2019le ilgili sorulara da yan\u0131t verdi.\u00a0 <!--more--><\/p>\n<p style=\"text-align: justify;\">G\u00fcneri&#8217;nin &#8220;M\u0130T M\u00fcste\u015far\u0131 Fidan&#8217;\u0131n yarg\u0131lan\u0131p yarg\u0131lanmayaca\u011f\u0131na karar verecek Yarg\u0131tay 1. Daire&#8217;de Ba\u015fbakan&#8217;\u0131n teyzesinin o\u011flunun g\u00f6rev al\u0131yor olmas\u0131 ele\u015ftiriliyor&#8221; sorusuna \u015fu yan\u0131t\u0131 verdi:<\/p>\n<p style=\"text-align: justify;\">&#8216;Art\u0131k Ba\u015fbakan\u2019\u0131n o\u011flu, akrabas\u0131 diye bir \u015fey kalmad\u0131. Se\u00e7ilmeyle beraber bunlar \u00e7oktan bitti. Bahsetti\u011finiz ki\u015fi art\u0131k sayg\u0131n bir Dan\u0131\u015ftay \u00dcyesi\u2019dir. Bu burada bitti. Dan\u0131\u015ftay birinci daire yarg\u0131sal g\u00f6rev yapan bir daire de\u011fildir. 1. Daire\u2019nin kararlar\u0131 yarg\u0131sal kararlar de\u011fildir. Ama yarg\u0131sal karar g\u00fcc\u00fcnde idari kararlard\u0131r. Baz\u0131 \u00fcst d\u00fczey memurlar\u0131n yarg\u0131lan\u0131p yarg\u0131lanmayaca\u011f\u0131na da bu kapsamda karar verir.<\/p>\n<p style=\"text-align: justify;\"><strong>ALLAH \u0130\u00c7\u0130N KARAR ALIR<\/strong><\/p>\n<p style=\"text-align: justify;\">Yarg\u0131 hi\u00e7 kimseden emir almaz. Y\u00fcksek yarg\u0131 mensubu olmu\u015f birinin b\u00fct\u00fcn akrabal\u0131k ba\u011flar\u0131 kopmu\u015ftur art\u0131k. O ki\u015finin ald\u0131\u011f\u0131 kararlar art\u0131k Allah i\u00e7in, hak i\u00e7in, adalet i\u00e7in olmal\u0131d\u0131r. Ba\u015far\u0131s\u0131z olan\u0131 da g\u00f6revden al\u0131r\u0131m. Ben dik duru\u015flu bir adam\u0131m.<\/p>\n<p style=\"text-align: justify;\">[flv]http:\/\/gazeteport.com\/galeri\/upload\/e013b.flv[\/flv]<\/p>\n<p style=\"text-align: justify;\"><a href=\"http:\/\/www.gazeteport.com.tr\/haber\/84918\/quotallah_icin_karar_alirquot\" target=\"_blank\">Kaynak : GAZETEPORT<\/a><\/p>\n","protected":false},"excerpt":{"rendered":"<p style=\"text-align: center;\">\n<p style=\"text-align: justify;\">Dan\u0131\u015ftay Ba\u015fkan\u0131 H\u00fcseyin Karakulluk\u00e7u, Ba\u015fbakan Erdo\u011fan\u2019\u0131n teyzesinin o\u011flu \u0130brahim Er&#8217;in neden Dan\u0131\u015ftay 1. Daire&#8217;de g\u00f6revlendirildi\u011fine ili\u015fkin soruya, &#8220;Y\u00fcksek yarg\u0131 mensubu olmu\u015f birinin b\u00fct\u00fcn akrabal\u0131k ba\u011flar\u0131 kopmu\u015ftur art\u0131k. O ki\u015finin ald\u0131\u011f\u0131 kararlar art\u0131k Allah i\u00e7in, hak i\u00e7in, adalet i\u00e7in olmal\u0131d\u0131r&#8221; diye cevap verdi.<\/p>\n<p style=\"text-align: justify;\">ANKARA- Dan\u0131\u015ftay Ba\u015fkan\u0131 H\u00fcseyin Karakulluk\u00e7u HaberT\u00fcrk&#8217;ten <\/p>\n","protected":false},"author":1,"featured_media":0,"comment_status":"open","ping_status":"open","sticky":false,"template":"","format":"standard","meta":{"footnotes":""},"categories":[105],"tags":[],"class_list":["post-49505","post","type-post","status-publish","format-standard","hentry","category-gundem","odd"],"_links":{"self":[{"href":"http:\/\/www.korhanyilmaz.com\/index.php?rest_route=\/wp\/v2\/posts\/49505","targetHints":{"allow":["GET"]}}],"collection":[{"href":"http:\/\/www.korhanyilmaz.com\/index.php?rest_route=\/wp\/v2\/posts"}],"about":[{"href":"http:\/\/www.korhanyilmaz.com\/index.php?rest_route=\/wp\/v2\/types\/post"}],"author":[{"embeddable":true,"href":"http:\/\/www.korhanyilmaz.com\/index.php?rest_route=\/wp\/v2\/users\/1"}],"replies":[{"embeddable":true,"href":"http:\/\/www.korhanyilmaz.com\/index.php?rest_route=%2Fwp%2Fv2%2Fcomments&post=49505"}],"version-history":[{"count":0,"href":"http:\/\/www.korhanyilmaz.com\/index.php?rest_route=\/wp\/v2\/posts\/49505\/revisions"}],"wp:attachment":[{"href":"http:\/\/www.korhanyilmaz.com\/index.php?rest_route=%2Fwp%2Fv2%2Fmedia&parent=49505"}],"wp:term":[{"taxonomy":"category","embeddable":true,"href":"http:\/\/www.korhanyilmaz.com\/index.php?rest_route=%2Fwp%2Fv2%2Fcategories&post=49505"},{"taxonomy":"post_tag","embeddable":true,"href":"http:\/\/www.korhanyilmaz.com\/index.php?rest_route=%2Fwp%2Fv2%2Ftags&post=49505"}],"curies":[{"name":"wp","href":"https:\/\/api.w.org\/{rel}","templated":true}]}}