{"id":49493,"date":"2012-03-13T08:02:26","date_gmt":"2012-03-13T06:02:26","guid":{"rendered":"http:\/\/www.korhanyilmaz.com\/?p=49493"},"modified":"2012-03-16T09:42:17","modified_gmt":"2012-03-16T07:42:17","slug":"rovansin-finali-yeni-anayasa","status":"publish","type":"post","link":"http:\/\/www.korhanyilmaz.com\/?p=49493","title":{"rendered":"R\u00f6van\u015f\u0131n finali yeni Anayasa!"},"content":{"rendered":"<div id=\"attachment_47300\" style=\"width: 90px\" class=\"wp-caption alignright\"><img loading=\"lazy\" decoding=\"async\" aria-describedby=\"caption-attachment-47300\" class=\" wp-image-47300 \" title=\"Sabahattin \u00d6nkibar\" src=\"http:\/\/www.korhanyilmaz.com\/wp-content\/uploads\/2012\/01\/sabahattin-_onkibar.jpg\" alt=\"\" width=\"80\" height=\"110\" \/><p id=\"caption-attachment-47300\" class=\"wp-caption-text\">Sabahattin \u00d6nkibar<\/p><\/div>\n<p style=\"text-align: justify;\">\u00d6nce yasama ve y\u00fcr\u00fctmeyi ele ge\u00e7irdiler!<\/p>\n<p style=\"text-align: justify;\">Pe\u015fi s\u0131ra b\u00fcrokrasiyi i\u015fgal ettiler!<\/p>\n<p style=\"text-align: justify;\">Ard\u0131ndan medya ile i\u015f d\u00fcnyas\u0131n\u0131 teslim ald\u0131lar!<\/p>\n<p style=\"text-align: justify;\">\u00c7ankaya\u2019ya eri\u015ftikleri g\u00fcnde T\u00fcrk Silahl\u0131 Kuvvetleri\u2019ne sava\u015f a\u00e7t\u0131lar.<\/p>\n<p style=\"text-align: justify;\">Polisi \u00f6zel g\u00fcvenlik haline getirdiler.<\/p>\n<p style=\"text-align: justify;\">Yarg\u0131y\u0131 bile yanda\u015f yapan ad\u0131mlar att\u0131lar!<\/p>\n<p style=\"text-align: justify;\">Devlet fiili olarak ele ge\u00e7irilince rejimin omurgas\u0131 olan e\u011fitimde Tevhid-i Tedrisat\u2019\u0131 ters y\u00fcz etmek i\u00e7in harekete ge\u00e7tiler.<!--more--><\/p>\n<p style=\"text-align: justify;\">Hedeflenen final ise e\u015fikteki yeni Anayasad\u0131r!<\/p>\n<p style=\"text-align: justify;\">G\u00f6r\u00fcld\u00fc\u011f\u00fc gibi b\u00fct\u00fcn bu olanlar Atat\u00fcrk\u2019\u00fcn \u00dcniter Cumhuriyeti\u2019nden r\u00f6van\u015f alma arzusu ve hatta onun tasfiyesidir!<\/p>\n<p style=\"text-align: justify;\">Ba\u015fka bir ifade ile y\u00fcz y\u0131ld\u0131r d\u0131\u015far\u0131dan \u00e7\u00f6kertilemeyen T\u00fcrkiye\u2019nin i\u00e7inden patlat\u0131lmas\u0131d\u0131r!<\/p>\n<p style=\"text-align: justify;\">Bir devlet d\u00fc\u015f\u00fcn\u00fcn\u00fcz ki, b\u00fct\u00fcn kurumlar\u0131 tarumar edilmi\u015f olsun!<\/p>\n<p style=\"text-align: justify;\">Bir devlet d\u00fc\u015f\u00fcn\u00fcn\u00fcz ki, halklar\u0131 etnik ve mezhepsel olarak ayr\u0131\u015ft\u0131r\u0131ls\u0131n!<\/p>\n<p style=\"text-align: justify;\">Bir devlet d\u00fc\u015f\u00fcn\u00fcn\u00fcz ki, kendi Ordusunu ter\u00f6r \u00f6rg\u00fct\u00fc ilan etsin!<\/p>\n<p style=\"text-align: justify;\">Bir devlet d\u00fc\u015f\u00fcn\u00fcn\u00fcz ki, polisi ve yarg\u0131s\u0131 \u00f6zel infaz \u00f6rg\u00fct\u00fcne d\u00f6n\u00fc\u015ft\u00fcr\u00fcls\u00fcn!<\/p>\n<p style=\"text-align: justify;\">S\u00f6yleyin b\u00f6yle bir devlet ya\u015fayabilir, yoluna devam edebilir mi?<\/p>\n<p style=\"text-align: justify;\">\u0130\u015fte r\u00f6van\u015ftan kast\u0131m\u0131z budur!<\/p>\n<p style=\"text-align: justify;\">Hay\u0131r hay\u0131r r\u00f6van\u015f\u0131 alan asl\u0131nda ideoloji esiri AKP g\u00fcruhu de\u011fil, onlar\u0131 kullanan Emperyalizmdir!<\/p>\n<p style=\"text-align: justify;\">Evet sava\u015fla ele ge\u00e7irilemeyen T\u00fcrkiye AKP sayesinde ad\u0131m ad\u0131m taksime g\u00f6t\u00fcr\u00fcl\u00fcyor!<\/p>\n<p style=\"text-align: justify;\">Yukar\u0131da s\u00f6yledik bu hedef i\u00e7in son ad\u0131m Yeni Anayasad\u0131r!<\/p>\n<p style=\"text-align: justify;\">Yeni Anayasa ile hedeflenen de iddia edildi\u011fi gibi \u00f6zg\u00fcrl\u00fcklerin geni\u015fletilmesi de\u011fil, Federasyona ge\u00e7i\u015f, T\u00fcrkl\u00fck kavram\u0131n\u0131n ortadan kald\u0131r\u0131lmas\u0131, K\u00fcrt\u00e7e e\u011fitim serbestisi ve Ba\u015fkanl\u0131k rejimidir ki, bunun ad\u0131 sistem de\u011fi\u015fikli\u011fi ambalaj\u0131 ile T\u00fcrkiye\u2019nin ad\u0131m ad\u0131m tasfiyesidir! \u00d6yle olmasayd\u0131 ABD Ba\u015fkan Yard\u0131mc\u0131s\u0131 Joe Biden hasta yata\u011f\u0131nda ziyaret etti\u011fi Tayyip Erdo\u011fan\u2019a \u201cAman yeni Anayasa \u00e7al\u0131\u015fmalar\u0131n\u0131 h\u0131zland\u0131r\u0131n\u201d der miydi?<\/p>\n<p style=\"text-align: justify;\"><span style=\"color: #993300; font-size: small;\"><strong>Ba\u011f\u0131ms\u0131z T\u00fcrkiye Partisi heyetine haydutluk!<\/strong><\/span><\/p>\n<p style=\"text-align: justify;\">Ba\u011f\u0131ms\u0131z T\u00fcrkiye Partisi ve lideri Prof. Dr. Haydar Ba\u015f, AKP iktidar\u0131 ile F Tipi Cemaatin en \u00e7ok \u00fcrkt\u00fc\u011f\u00fc siyasi yap\u0131 ve siyasi \u00f6nder!<\/p>\n<p style=\"text-align: justify;\">\u00d6yle \u00e7\u00fcnk\u00fc BTP ger\u00e7ekten muhafazakar ve milliyet\u00e7i bir yap\u0131!<\/p>\n<p style=\"text-align: justify;\">M\u00fctedeyyin kesimde \u00e7ok b\u00fcy\u00fck bir itibar\u0131 var.<\/p>\n<p style=\"text-align: justify;\">Prof. Dr. Haydar Ba\u015f Hoca ilk g\u00fcnden beri bizim \u00f6nceli\u011fimiz \u015fahsi \u00e7\u0131karlar\u0131m\u0131z de\u011fil, T\u00fcrkiye\u2019nin bekas\u0131 ve de \u015fanl\u0131 dinimizin diyalogculara pe\u015fke\u015f \u00e7ekilmemesi diyen bir lider profili oldu\u011fu i\u00e7in AKP ve yanda\u015flar\u0131n\u0131n \u0131srarl\u0131 \u201cBizimle ol\u201d davetlerine itibar etmemi\u015f ve inand\u0131klar\u0131 do\u011frular\u0131 seslendirerek muhalefette olmu\u015ftur!<\/p>\n<p style=\"text-align: justify;\">\u00d6yle olunca da Ba\u011f\u0131ms\u0131z T\u00fcrkiye Partisi camias\u0131 hem iktidar hem de devlete s\u0131zan F tipi unsurlar\u0131n zaman zaman boy hedefidir!<\/p>\n<p style=\"text-align: justify;\">\u0130\u015fte bu hedef almalardan son somut \u00f6rnek.<\/p>\n<p style=\"text-align: justify;\">BTP Genel Ba\u015fkan yard\u0131mc\u0131lar\u0131 Dr. Ahmet Hamdi Kepek\u00e7i, Fuat \u015eeng\u00fcl ve Selim Kotil\u2019in de aralar\u0131nda oldu\u011fu bir BTP heyeti bir etkinlik i\u00e7in \u0130zmir\u2019dedir ve \u0130stanbul\u2019a u\u00e7acaklard\u0131r.<\/p>\n<p style=\"text-align: justify;\">Ellerindeki bro\u015f\u00fcr ve kitaplardan Ba\u011f\u0131ms\u0131z T\u00fcrkiye Partisi mensubu olduklar\u0131 anla\u015f\u0131lan bu heyete g\u00fcvenlik kontrol\u00fc s\u0131ras\u0131nda bir g\u00f6revli taraf\u0131ndan \u201cSiz bekleyeceksiniz\u201d denilir. Hayli zaman ge\u00e7er ve u\u00e7a\u011f\u0131n ka\u00e7\u0131r\u0131lmas\u0131 s\u00f6z konusudur lakin \u0130zmir Adnan Menderes Havaliman\u0131 \u00f6zel g\u00fcvenli\u011finin bilin\u00e7li olarak yapt\u0131\u011f\u0131 bu haydutluk aynen s\u00fcrd\u00fcr\u00fcl\u00fcr yani heyet uzun bir s\u00fcre gerek\u00e7esiz olarak bekletilir.<\/p>\n<p style=\"text-align: justify;\">Kurallara, team\u00fcllere ve ahlaka uymayan bu tutum sonradan anla\u015f\u0131ld\u0131 ki, bu densizlik, bir i\u015fg\u00fczar\u0131n, \u201cBunlar Haydar Ba\u015f\u2019\u0131n ekibi, biraz eziyet edin\u201d buyru\u011funun sonucu imi\u015f!<\/p>\n<p style=\"text-align: justify;\">O i\u015fg\u00fczar o kadar etkili biri imi\u015f ki, u\u00e7a\u011fa son anda yeti\u015fen BTP heyetine \u0130stanbul\u2019da bir kar\u015f\u0131lama haz\u0131rlatm\u0131\u015f!<\/p>\n<p style=\"text-align: justify;\">Heyetteki bir avukat\u0131n ruhsatl\u0131 silah\u0131 i\u00e7in b\u00fct\u00fcn kafileyi sabah\u0131n k\u00f6r\u00fcnde alanda tam\u0131 tam\u0131na 45 dakika beklettiler yani silah\u0131 bir t\u00fcrl\u00fc teslim etmediler ki, bu \u00e7irkinli\u011fin mimar\u0131 Ye\u015filk\u00f6y\u2019deki Atat\u00fcrk Havaliman\u0131\u2019n\u0131n Emniyetidir.<\/p>\n<p style=\"text-align: justify;\">Ku\u015fkusuz bu yap\u0131lanlar elbette tepedekilerin bilgisi ve emri ile olmam\u0131\u015f, birka\u00e7 i\u015fg\u00fczar\u0131n ahmakl\u0131\u011f\u0131d\u0131r ancak alt\u0131 \u00e7izilmesi gereken \u015fey devletin, b\u00fcrokrasinin ve kurumlar\u0131n bu bi\u00e7imde politize edilmesi garabetidir!<\/p>\n<p style=\"text-align: justify;\">Bu rezilli\u011fi \u0130zmir Havaliman\u0131 \u00f6zel g\u00fcvenlik birimi y\u00f6netimi ile \u0130stanbul polisinin bilgisine sunuyoruz!<\/p>\n<p style=\"text-align: justify;\"><span style=\"color: #993300; font-size: small;\"><strong>CHP\u2019den bir do\u011fru bir yanl\u0131\u015f!<\/strong><\/span><\/p>\n<p style=\"text-align: justify;\">Yer: Malatya K\u00fcrecik Radar \u00dcss\u00fc.<\/p>\n<p style=\"text-align: justify;\">Ba\u015fta Gurup Ba\u015fkan Vekili Emine \u00dclker Tarhan olmak \u00fczere CHP\u2019li \u00e7ok say\u0131da milletvekili \u0130srail\u2019in g\u00fcvenli\u011fi ad\u0131na kurulan malum radar tesisinin \u00f6n\u00fcne gelerek ABD Emperyalizmi ile ona ta\u015feronluk yapan AKP\u2019yi topa tutuyor.<\/p>\n<p style=\"text-align: justify;\">Televizyonda o g\u00f6r\u00fcnt\u00fcy\u00fc g\u00f6r\u00fcnce gayri ihtiyar\u0131 olarak i\u015fte Mustafa Kemal\u2019in partisi dedim!<\/p>\n<p style=\"text-align: justify;\">Yer: Abant\u2019ta bir otel.<\/p>\n<p style=\"text-align: justify;\">F Tipi Camian\u0131n amac\u0131 T\u00fcrkiye\u2019yi b\u00f6lmek olan yeni Anayasa \u00e7al\u0131\u015ftay\u0131nda CHP Genel ba\u015fkan Yard\u0131mc\u0131s\u0131 Erdo\u011fan Toprak ba\u015f konuk!<\/p>\n<p style=\"text-align: justify;\">Televizyonda o g\u00f6r\u00fcnt\u00fcy\u00fc g\u00f6r\u00fcnce de ne yalan s\u00f6yleyeyim Vah Mustafa Kemal\u2019in partisi dedim!<\/p>\n<p style=\"text-align: justify;\">S\u00f6yleyin l\u00fctfen K\u00fcrecik\u2019teki protesto do\u011frusu Abant\u2019taki yanl\u0131\u015f\u0131 g\u00f6t\u00fcr\u00fcr m\u00fc?<\/p>\n<p style=\"text-align: justify;\">CHP \u00f6nce siyasi k\u0131blesini netle\u015ftirmeli!<\/p>\n<p style=\"text-align: justify;\"><span style=\"color: #993300; font-size: small;\"><strong>Ba\u015fkaban\u2019\u0131n ad\u0131 Cuma Hutbesinde!<\/strong><\/span><\/p>\n<p style=\"text-align: justify;\">\u0130ddia sahibi \u0130hsan \u00d6zkes\u2019tir.<\/p>\n<p style=\"text-align: justify;\">O kim mi?<\/p>\n<p style=\"text-align: justify;\">Eski bir imam, halen CHP\u2019nin \u0130stanbul mebusu.<\/p>\n<p style=\"text-align: justify;\">Diyor ki Cuma Hutbesinde \u0130mam \u201cBa\u015fbakan\u0131m\u0131z \u015fu saat \u015eile\u2019ye geliyor, t\u00f6ren alan\u0131na belediye filan yerden otob\u00fcsler kald\u0131r\u0131yor.\u201d<\/p>\n<p style=\"text-align: justify;\">Bu \u00f6yle uyduruk bir iddia de\u011fil, konu \u00fc\u00e7 g\u00fcn \u00f6nce TBMM\u2019de konu\u015fuldu ve \u00d6zkes bunun onlarca \u015fahidi var diyor.<\/p>\n<p style=\"text-align: justify;\">Vah ki ne vah!<\/p>\n<p style=\"text-align: justify;\">Cuma hutbesi Tayyip Bey\u2019e ya da AKP\u2019ye adam ayartma arac\u0131 yap\u0131l\u0131yor!<\/p>\n<p style=\"text-align: justify;\"><a href=\"http:\/\/www.yenimesaj.com.tr\/?artikel,12000867\/rovansin-finali-yeni-anayasa\/sabahattin-onkibar\" target=\"_blank\">Kaynak : Yeni Mesaj Gazetesi<\/a><\/p>\n","protected":false},"excerpt":{"rendered":"<p id=\"caption-attachment-47300\" class=\"wp-caption-text\">Sabahattin \u00d6nkibar<\/p>\n<p style=\"text-align: justify;\">\u00d6nce yasama ve y\u00fcr\u00fctmeyi ele ge\u00e7irdiler!<\/p>\n<p style=\"text-align: justify;\">Pe\u015fi s\u0131ra b\u00fcrokrasiyi i\u015fgal ettiler!<\/p>\n<p style=\"text-align: justify;\">Ard\u0131ndan medya ile i\u015f d\u00fcnyas\u0131n\u0131 teslim ald\u0131lar!<\/p>\n<p style=\"text-align: justify;\">\u00c7ankaya\u2019ya eri\u015ftikleri g\u00fcnde T\u00fcrk Silahl\u0131 Kuvvetleri\u2019ne sava\u015f a\u00e7t\u0131lar.<\/p>\n<p style=\"text-align: justify;\">Polisi \u00f6zel g\u00fcvenlik haline getirdiler.<\/p>\n<p style=\"text-align: justify;\">Yarg\u0131y\u0131 bile yanda\u015f yapan ad\u0131mlar att\u0131lar!<\/p>\n<p style=\"text-align:  \n\n","protected":false},"author":1,"featured_media":0,"comment_status":"open","ping_status":"open","sticky":false,"template":"","format":"standard","meta":{"footnotes":""},"categories":[16],"tags":[],"class_list":["post-49493","post","type-post","status-publish","format-standard","hentry","category-kose-yazilari","odd"],"_links":{"self":[{"href":"http:\/\/www.korhanyilmaz.com\/index.php?rest_route=\/wp\/v2\/posts\/49493","targetHints":{"allow":["GET"]}}],"collection":[{"href":"http:\/\/www.korhanyilmaz.com\/index.php?rest_route=\/wp\/v2\/posts"}],"about":[{"href":"http:\/\/www.korhanyilmaz.com\/index.php?rest_route=\/wp\/v2\/types\/post"}],"author":[{"embeddable":true,"href":"http:\/\/www.korhanyilmaz.com\/index.php?rest_route=\/wp\/v2\/users\/1"}],"replies":[{"embeddable":true,"href":"http:\/\/www.korhanyilmaz.com\/index.php?rest_route=%2Fwp%2Fv2%2Fcomments&post=49493"}],"version-history":[{"count":0,"href":"http:\/\/www.korhanyilmaz.com\/index.php?rest_route=\/wp\/v2\/posts\/49493\/revisions"}],"wp:attachment":[{"href":"http:\/\/www.korhanyilmaz.com\/index.php?rest_route=%2Fwp%2Fv2%2Fmedia&parent=49493"}],"wp:term":[{"taxonomy":"category","embeddable":true,"href":"http:\/\/www.korhanyilmaz.com\/index.php?rest_route=%2Fwp%2Fv2%2Fcategories&post=49493"},{"taxonomy":"post_tag","embeddable":true,"href":"http:\/\/www.korhanyilmaz.com\/index.php?rest_route=%2Fwp%2Fv2%2Ftags&post=49493"}],"curies":[{"name":"wp","href":"https:\/\/api.w.org\/{rel}","templated":true}]}}