{"id":49490,"date":"2012-03-16T08:05:18","date_gmt":"2012-03-16T06:05:18","guid":{"rendered":"http:\/\/www.korhanyilmaz.com\/?p=49490"},"modified":"2012-03-16T09:35:38","modified_gmt":"2012-03-16T07:35:38","slug":"yuzlerine-vurup-utandirmayin","status":"publish","type":"post","link":"http:\/\/www.korhanyilmaz.com\/?p=49490","title":{"rendered":"Y\u00dcZLER\u0130NE VURUP UTANDIRMAYIN"},"content":{"rendered":"<div id=\"attachment_44328\" style=\"width: 85px\" class=\"wp-caption alignright\"><img loading=\"lazy\" decoding=\"async\" aria-describedby=\"caption-attachment-44328\" class=\" wp-image-44328 \" title=\"Mehmet Tezkan - Milliyet Gazetesi\" src=\"http:\/\/www.korhanyilmaz.com\/wp-content\/uploads\/2011\/12\/8632.jpg\" alt=\"\" width=\"75\" height=\"98\" \/><p id=\"caption-attachment-44328\" class=\"wp-caption-text\">Mehmet Tezkan<\/p><\/div>\n<p style=\"text-align: justify;\">B\u00f6yledir bu i\u015fler.. R\u00fczg\u00e2r d\u00f6nd\u00fc m\u00fc, adam\u0131 \u00f6yle bi savurur ki aman Allah..<\/p>\n<p style=\"text-align: justify;\">Nereye gitti\u011fini anlamazs\u0131n..<\/p>\n<p style=\"text-align: justify;\">Tutunacak yer arars\u0131n, tutunmak i\u00e7in ters takla bile atars\u0131n, tutunmu\u015fun gibi olur ama \u00e7aban nafiledir..<\/p>\n<p style=\"text-align: justify;\">Yazd\u0131klar\u0131 \u00e7izdikleri ortadad\u0131r.. S\u00f6yledikleri kulaklardad\u0131r..<\/p>\n<p style=\"text-align: justify;\">Ne yaz\u0131k ki kolay kolay silemezsin..<\/p>\n<p style=\"text-align: justify;\">*<\/p>\n<p style=\"text-align: justify;\">Memlekette hava bi nebze olsun d\u00f6nd\u00fc ya.. Toplu lin\u00e7 ayinine ara verildi ya..<\/p>\n<p style=\"text-align: justify;\">\u2018Kuru\u2019, \u2018ya\u015f\u2019 ayr\u0131m\u0131 yap\u0131lmaya, hatalar konu\u015fulmaya, hoyratl\u0131klar kabul edilmeye ba\u015fland\u0131 ya..<!--more--><\/p>\n<p style=\"text-align: justify;\">Ahmet\u2019le Nedim\u2019in tahliyesi bu de\u011fi\u015fimin somut g\u00f6stergesi say\u0131ld\u0131 ya..<\/p>\n<p style=\"text-align: justify;\">Televizyonlara \u00fc\u015f\u00fc\u015ft\u00fcler..<\/p>\n<p style=\"text-align: justify;\">Her g\u00fcn bi yaz\u0131 patlatmaya ba\u015flad\u0131lar..<\/p>\n<p style=\"text-align: justify;\">Ben daha \u00f6nce yazm\u0131\u015ft\u0131m..<\/p>\n<p style=\"text-align: justify;\">Ben de yazm\u0131\u015ft\u0131m..<\/p>\n<p style=\"text-align: justify;\">Ben ilk g\u00fcn s\u00f6ylemi\u015ftim..<\/p>\n<p style=\"text-align: justify;\">Ben de ben de..<\/p>\n<p style=\"text-align: justify;\">Gazetecilik faaliyeti demi\u015ftim.. Tutuklanmalar\u0131na kar\u015f\u0131 \u00e7\u0131km\u0131\u015ft\u0131m..<\/p>\n<p style=\"text-align: justify;\">Defalarca s\u00f6yledim can\u0131m.. Her ortamda anlatt\u0131m, yanl\u0131\u015f dedim.. Demokrasiyle uyu\u015fmad\u0131\u011f\u0131n\u0131 s\u00f6yledim..<\/p>\n<p style=\"text-align: justify;\">Ben de ben de..<\/p>\n<p style=\"text-align: justify;\">*<\/p>\n<p style=\"text-align: justify;\">Arap radyosu gibiler.. Laf\u0131 kapan susmuyor, bu konuda ne kadar \u00e7aba harcad\u0131\u011f\u0131n\u0131 anlatmaktan helak oluyor..<\/p>\n<p style=\"text-align: justify;\">Helal olsun demek laz\u0131m havay\u0131 iyi kokluyorlar.. H\u00fck\u00fcmetteki k\u0131m\u0131ldamay\u0131 an\u0131nda seziyorlar..<\/p>\n<p style=\"text-align: justify;\">Odatv davas\u0131ndan girdiler, Ergenekon\u2019a uzand\u0131lar, Balyoz\u2019a ge\u00e7tiler..<\/p>\n<p style=\"text-align: justify;\">Haks\u0131zl\u0131k hukuksuzluklar\u0131 bir bir s\u0131ral\u0131yorlar..<\/p>\n<p style=\"text-align: justify;\">A\u011fz\u0131m bi kar\u0131\u015f izliyorum..<\/p>\n<p style=\"text-align: justify;\">D\u00fcn ne yazd\u0131klar\u0131n\u0131 g\u00f6z\u00fcm\u00fcn \u00f6n\u00fcne getiriyorum, ekranlarda ne s\u00f6ylediklerini duyar gibi oluyorum, \u00e7\u0131t\u0131n\u0131 \u00e7\u0131karmayanlar\u0131 d\u00fc\u015f\u00fcn\u00fcyorum..<\/p>\n<p style=\"text-align: justify;\">Ayn\u0131 ki\u015filer mi diye bak\u0131yorum..<\/p>\n<p style=\"text-align: justify;\">Evet evet onlar..<\/p>\n<p style=\"text-align: justify;\">Olsun..<\/p>\n<p style=\"text-align: justify;\">Seviniyorum.. D\u00f6nd\u00fcler m\u00f6nd\u00fcler do\u011fru yolu buldular ya.. Rotay\u0131 do\u011fru yere k\u0131rd\u0131lar ya yetmez mi?<\/p>\n<p style=\"text-align: justify;\">Bu s\u00fcrecin temiz, me\u015fru, haktan hukuktan yana olmas\u0131 gerekti\u011fini yaz\u0131yorlar ya..<\/p>\n<p style=\"text-align: justify;\">Bu d\u00f6n\u00fc\u015f sa\u011fl\u0131kl\u0131 d\u00f6n\u00fc\u015f..<\/p>\n<p style=\"text-align: justify;\">Bu d\u00f6n\u00fc\u015f faydal\u0131 d\u00f6n\u00fc\u015f..<\/p>\n<p style=\"text-align: justify;\">Ses etmeyin, d\u00fcn neredeydin diye sormay\u0131n, y\u00fczlerini k\u0131zartmay\u0131n, utand\u0131rmay\u0131n, yeter ki hep b\u00f6yle konu\u015fsunlar bu gidi\u015f iyi gidi\u015f..<\/p>\n<p style=\"text-align: justify;\"><span style=\"font-size: small; color: #993300;\"><strong>\u2018Evet.. Ama yetmez\u2019in anlam\u0131 tam da bu<\/strong><\/span><\/p>\n<p style=\"text-align: justify;\">Haber T\u00fcrk\u2019te Fatih Altayl\u0131\u2019n\u0131n sorusu yerindeydi..<\/p>\n<p style=\"text-align: justify;\">Ahmet\u2019le Nedim b\u0131rak\u0131ld\u0131 diye \u2018\u015fimdi her \u015fey halloldu mu yani!\u2019 demi\u015f..<\/p>\n<p style=\"text-align: justify;\">Tutuklu gazetecilerle ba\u011flant\u0131l\u0131 \u2018demokrasi, insan haklar\u0131, yarg\u0131 ve \u00f6zg\u00fcrl\u00fck\u2019 tart\u0131\u015fmas\u0131 bu iki gazeteci \u00fczerinden yap\u0131ld\u0131.. Hatayd\u0131, onlar serbest kal\u0131nca c\u00fcmlesiyle ba\u015flam\u0131\u015f sorular\u0131 s\u0131ralam\u0131\u015f;<\/p>\n<p style=\"text-align: justify;\">\u201cPeki tutuklu yarg\u0131lamalarla ve uzun tutukluluk s\u00fcreleriyle ilgili sorun \u00e7\u00f6z\u00fcld\u00fc m\u00fc \u015fimdi?<\/p>\n<p style=\"text-align: justify;\">Mustafa Balbay ne olacak?<\/p>\n<p style=\"text-align: justify;\">Tuncay \u00d6zkan ne olacak?<\/p>\n<p style=\"text-align: justify;\">Daha onlarcas\u0131 ne olacak?<\/p>\n<p style=\"text-align: justify;\">Profes\u00f6rler, bilim adamlar\u0131, gazeteciler, s\u0131radan insanlar..\u201d<\/p>\n<p style=\"text-align: justify;\">*<\/p>\n<p style=\"text-align: justify;\">Olmas\u0131 gereken \u015fu..<\/p>\n<p style=\"text-align: justify;\">Yazmaya, \u00e7izmeye, s\u00f6ylemeye devam etmek.. Nedimlerin \u00e7\u0131kt\u0131\u011f\u0131 g\u00fcn at\u0131lan slogan \u2018cuk\u2019 oturdu..<\/p>\n<p style=\"text-align: justify;\">M\u00fctemadiyen \u2018Evet .. Ama yetmez\u2019 diyece\u011fiz, i\u00e7eride kalanlar\u0131 dile getirece\u011fiz..<\/p>\n<p style=\"text-align: justify;\">\u00d6zg\u00fcrl\u00fck havas\u0131 estirmeye \u00e7al\u0131\u015faca\u011f\u0131z..<\/p>\n<p style=\"text-align: justify;\">*<\/p>\n<p style=\"text-align: justify;\">Not; d\u00fcne g\u00f6re \u00e7ok iyi durumday\u0131z.. Aniden say\u0131m\u0131z artt\u0131.. \u0130ktidar kanad\u0131ndan kat\u0131l\u0131mlar oldu.. Hadi hay\u0131rl\u0131s\u0131..<\/p>\n<p style=\"text-align: justify;\"><span style=\"color: #993300; font-size: small;\"><strong>CHP\u2019li vekil sormu\u015f \u2018merak etme\u2019 demi\u015fler<\/strong><\/span><\/p>\n<p style=\"text-align: justify;\">\u00c7ad\u0131ra t\u0131k\u0131lan i\u015f\u00e7ilerin yanarak \u00f6lmesi kaza maza de\u011fil..<\/p>\n<p style=\"text-align: justify;\">Resmen cinayet..<\/p>\n<p style=\"text-align: justify;\">Bu cinayetin iki aya\u011f\u0131 var.. Biri cinayeti i\u015fleyen..<\/p>\n<p style=\"text-align: justify;\">Kim mi?<\/p>\n<p style=\"text-align: justify;\">Bu so\u011fukta y\u00fcze yak\u0131n i\u015f\u00e7iyi \u00fcst\u00fc naylon kapl\u0131 \u00e7ad\u0131rda yat\u0131ranlar.. \u00dc\u00e7 kuru\u015f daha fazla kazanmak i\u00e7in insan muamelesi yapmayanlar..<\/p>\n<p style=\"text-align: justify;\">\u00d6teki cinayet i\u015flenece\u011finin g\u00f6r\u00fcp de ses etmeyenler..<\/p>\n<p style=\"text-align: justify;\">Kim mi?<\/p>\n<p style=\"text-align: justify;\">Kamu aya\u011f\u0131ndakiler.. O in\u015faat\u0131 denetlemekle g\u00f6revli olanlar..<\/p>\n<p style=\"text-align: justify;\">*<\/p>\n<p style=\"text-align: justify;\">CHP Milletvekili Faik Tunay sabah Erkan Tan\u2019\u0131n program\u0131na \u00e7\u0131kt\u0131, anlatt\u0131..<\/p>\n<p style=\"text-align: justify;\">Aral\u0131k ay\u0131n\u0131n son g\u00fcnlerinde soru \u00f6nergesi vermi\u015f.. \u00c7al\u0131\u015fma Bakanl\u0131\u011f\u0131\u2019na tam da bu durumu sormu\u015f..<\/p>\n<p style=\"text-align: justify;\">K\u0131\u015f mevsimi geldi bu t\u00fcr yerlerde denetim yap\u0131yor musunuz demi\u015f..<\/p>\n<p style=\"text-align: justify;\">Bakanl\u0131ktan resmi cevap gelmi\u015f..<\/p>\n<p style=\"text-align: justify;\">12 ay rutin kontroller yap\u0131l\u0131yor..<\/p>\n<p style=\"text-align: justify;\">Merak edilecek bi durum yok yani..<\/p>\n<p style=\"text-align: justify;\">Rutin denetimi yapanlar, herkesin g\u00f6z\u00fc \u00f6n\u00fcndeki \u00fc\u00e7 \u00e7ad\u0131r\u0131 g\u00f6rememi\u015f anla\u015f\u0131lan!..<\/p>\n<p style=\"text-align: justify;\">Dilerim g\u00f6rememelerinin ba\u015fka sebebi yoktur..<\/p>\n<p style=\"text-align: justify;\"><span style=\"color: #993300; font-size: small;\"><strong>Bu iki soru\u015fturma d\u00fcnya rekoru k\u0131rar<\/strong><\/span><\/p>\n<p style=\"text-align: justify;\">KPSS rezaletinin ayr\u0131nt\u0131lar\u0131 ortaya \u00e7\u0131kmaya ba\u015flad\u0131.. \u00c7al\u0131nan sorular\u0131 payla\u015fanlar s\u0131nav iptal edilince ikinci s\u0131nava u\u011framam\u0131\u015f bile..<\/p>\n<p style=\"text-align: justify;\">Girip de s\u0131f\u0131r \u00e7ekmek var..<\/p>\n<p style=\"text-align: justify;\">S\u0131f\u0131r \u00e7ekip yakay\u0131 ele vermek, en iyisi araziye uymak!<\/p>\n<p style=\"text-align: justify;\">H\u0131rs\u0131zl\u0131k soru\u015fturmas\u0131 iki y\u0131ld\u0131r s\u00fcr\u00fcyormu\u015f.. Failleri me\u00e7hulm\u00fc\u015f..<\/p>\n<p style=\"text-align: justify;\">*<\/p>\n<p style=\"text-align: justify;\">\u0130ddiaya girerim KPSS soru\u015fturmas\u0131 ile Deniz Feneri d\u00fcnya rekoru k\u0131rar.. Hele Deniz Feneri \u015fimdiden rekorluk.. \u00dc\u00e7 y\u0131l\u0131 ge\u00e7ti, d\u00f6rt y\u0131la dayand\u0131 soru\u015fturma bitmedi.. \u015e\u00fcpheliler g\u00f6zalt\u0131na al\u0131nd\u0131, tutukland\u0131, \u00e7ok yatt\u0131lar diye \u00fc\u00e7 ay sonra serbest b\u0131rak\u0131ld\u0131..<\/p>\n<p style=\"text-align: justify;\">Serbest kalmalar\u0131n\u0131n \u00fczerinden alt\u0131 ay ge\u00e7ti.. H\u00e2l\u00e2 iddianame yok..<\/p>\n<p style=\"text-align: justify;\">KPSS de izinden gidiyor..<\/p>\n<p style=\"text-align: justify;\"><a href=\"http:\/\/gundem.milliyet.com.tr\/yuzlerine-vurup-utandirmayin\/gundem\/gundemyazardetay\/16.03.2012\/1515857\/default.htm\" target=\"_blank\">Kaynak : Milliyet.com.tr<\/a><\/p>\n","protected":false},"excerpt":{"rendered":"<p id=\"caption-attachment-44328\" class=\"wp-caption-text\">Mehmet Tezkan<\/p>\n<p style=\"text-align: justify;\">B\u00f6yledir bu i\u015fler.. R\u00fczg\u00e2r d\u00f6nd\u00fc m\u00fc, adam\u0131 \u00f6yle bi savurur ki aman Allah..<\/p>\n<p style=\"text-align: justify;\">Nereye gitti\u011fini anlamazs\u0131n..<\/p>\n<p style=\"text-align: justify;\">Tutunacak yer arars\u0131n, tutunmak i\u00e7in ters takla bile atars\u0131n, tutunmu\u015fun gibi olur ama \u00e7aban nafiledir..<\/p>\n<p style=\"text-align: justify;\">Yazd\u0131klar\u0131 \u00e7izdikleri ortadad\u0131r.. S\u00f6yledikleri kulaklardad\u0131r..<\/p>\n<p style=\"text-align: justify;\">Ne yaz\u0131k ki kolay kolay <\/p>\n","protected":false},"author":1,"featured_media":0,"comment_status":"open","ping_status":"open","sticky":false,"template":"","format":"standard","meta":{"footnotes":""},"categories":[16],"tags":[561],"class_list":["post-49490","post","type-post","status-publish","format-standard","hentry","category-kose-yazilari","tag-mehmet-tezkan","odd"],"_links":{"self":[{"href":"http:\/\/www.korhanyilmaz.com\/index.php?rest_route=\/wp\/v2\/posts\/49490","targetHints":{"allow":["GET"]}}],"collection":[{"href":"http:\/\/www.korhanyilmaz.com\/index.php?rest_route=\/wp\/v2\/posts"}],"about":[{"href":"http:\/\/www.korhanyilmaz.com\/index.php?rest_route=\/wp\/v2\/types\/post"}],"author":[{"embeddable":true,"href":"http:\/\/www.korhanyilmaz.com\/index.php?rest_route=\/wp\/v2\/users\/1"}],"replies":[{"embeddable":true,"href":"http:\/\/www.korhanyilmaz.com\/index.php?rest_route=%2Fwp%2Fv2%2Fcomments&post=49490"}],"version-history":[{"count":0,"href":"http:\/\/www.korhanyilmaz.com\/index.php?rest_route=\/wp\/v2\/posts\/49490\/revisions"}],"wp:attachment":[{"href":"http:\/\/www.korhanyilmaz.com\/index.php?rest_route=%2Fwp%2Fv2%2Fmedia&parent=49490"}],"wp:term":[{"taxonomy":"category","embeddable":true,"href":"http:\/\/www.korhanyilmaz.com\/index.php?rest_route=%2Fwp%2Fv2%2Fcategories&post=49490"},{"taxonomy":"post_tag","embeddable":true,"href":"http:\/\/www.korhanyilmaz.com\/index.php?rest_route=%2Fwp%2Fv2%2Ftags&post=49490"}],"curies":[{"name":"wp","href":"https:\/\/api.w.org\/{rel}","templated":true}]}}