{"id":49486,"date":"2012-03-15T17:26:47","date_gmt":"2012-03-15T15:26:47","guid":{"rendered":"http:\/\/www.korhanyilmaz.com\/?p=49486"},"modified":"2012-03-16T09:11:28","modified_gmt":"2012-03-16T07:11:28","slug":"tarhan-sivas-katliamini-yapan-zihniyet-aklandi","status":"publish","type":"post","link":"http:\/\/www.korhanyilmaz.com\/?p=49486","title":{"rendered":"Tarhan: Sivas katliam\u0131n\u0131 yapan zihniyet akland\u0131"},"content":{"rendered":"<p style=\"text-align: center;\"><a href=\"http:\/\/www.korhanyilmaz.com\/wp-content\/uploads\/2012\/03\/A0002.jpg\"  class=\"lightview\"><img loading=\"lazy\" decoding=\"async\" class=\"aligncenter  wp-image-49487\" src=\"http:\/\/www.korhanyilmaz.com\/wp-content\/uploads\/2012\/03\/A0002.jpg\" alt=\"\" width=\"382\" height=\"191\" \/><\/a><\/p>\n<p style=\"text-align: justify;\">CHP Grup Ba\u015fkanvekili Emine \u00dclker Tarhan, &#8221;Ankara 11. A\u011f\u0131r Ceza Mahkemesi&#8217;nin vermi\u015f oldu\u011fu zamana\u015f\u0131m\u0131 karar\u0131n\u0131n, Sivas katliam\u0131n\u0131 yapan zihniyeti aklad\u0131\u011f\u0131n\u0131&#8221; s\u00f6yledi.<\/p>\n<p style=\"text-align: justify;\">ANKARA &#8211; CHP Grup Ba\u015fkanvekili Emine \u00dclker Tarhan, TBMM&#8217;de d\u00fczenledi\u011fi bas\u0131n toplant\u0131s\u0131nda, &#8221;Ankara 11. A\u011f\u0131r Ceza Mahkemesi&#8217;nin, Sivas Davas\u0131&#8217;nda, biraz mahcup ve \u00e7ekingen de olsa eylemin &#8216;insanl\u0131k su\u00e7u&#8217; oldu\u011funu kabul etti\u011fini, kabul ediyormu\u015f gibi g\u00f6r\u00fcnd\u00fc\u011f\u00fcn\u00fc ve zamana\u015f\u0131m\u0131n\u0131n ancak kamu g\u00f6revlileri a\u00e7\u0131s\u0131ndan i\u015flemeyece\u011fi \u015feklinde bir karar verdi\u011fini&#8221; ifade ederek, &#8221;\u0130ki g\u00fcnl\u00fck Uludere&#8217;nin faillerini bulamayanlar, ad\u0131na zamana\u015f\u0131m\u0131 denilen bir afla &#8216;canileri kurtaral\u0131m, ama kamu g\u00f6revlilerini yarg\u0131layal\u0131m&#8217; diyorlar. Hep ayn\u0131 hikaye asl\u0131nda. Biz hen\u00fcz unutmad\u0131k Deniz Feneri&#8217;ni. Deniz Feneri&#8217;nde de ayn\u0131 \u015fey oldu. Orada san\u0131klar serbest, ama savc\u0131lar yarg\u0131lanmakta biliyorsunuz&#8221; diye konu\u015ftu. <!--more--><\/p>\n<p style=\"text-align: justify;\">Emine \u00dclker Tarhan, &#8221;(Olur) diyoruz biz. &#8216;kimin ihmali varsa bulun ve yarg\u0131lay\u0131n&#8217; diyoruz. Ancak sormazlar m\u0131 adama, demezler mi ki 10 y\u0131ld\u0131r kim iktidardayd\u0131 Ar\u0131n\u00e7, neden yarg\u0131lamad\u0131n\u0131z? Bir. O vah\u015fetin faillerini ve ard\u0131ndaki zihniyeti perdelemek i\u00e7in bile bile hedef sapt\u0131r\u0131yorsunuz. Ve siz bu katliam\u0131n neresindesiniz? \u0130ki. Bir ta\u015fla yine iki ku\u015f vurmaya \u00e7al\u0131\u015f\u0131yorsunuz. Bu da \u00fc\u00e7&#8221; ifadelerini kulland\u0131.<\/p>\n<p style=\"text-align: justify;\">Tarhan, &#8221;Hedef sapt\u0131rma ve ger\u00e7ekleri perdeleme \u0131srar\u0131na ra\u011fmen, bu konunun ben uzun s\u00fcre tart\u0131\u015f\u0131laca\u011f\u0131n\u0131 d\u00fc\u015f\u00fcn\u00fcyorum. Ve bu \u0131srar\u0131n, umar\u0131m bir intihal zamana\u015f\u0131m\u0131 ile yaratt\u0131klar\u0131 Milli E\u011fitim Bakan\u0131 gibi, katliam zamana\u015f\u0131m\u0131 ile yeni bakanlar da yaratmaz&#8221; dedi.<\/p>\n<p style=\"text-align: justify;\">T\u00fcm su\u00e7larda zamana\u015f\u0131m\u0131n\u0131n kald\u0131r\u0131lmas\u0131 da dahil ba\u015fka se\u00e7eneklerin de tart\u0131\u015f\u0131lmas\u0131 gerekti\u011fini ifade eden Tarhan, &#8221;Bunu tart\u0131\u015fmal\u0131y\u0131z. Bu trajedilerin bir daha ya\u015fanmamas\u0131 i\u00e7in bu yap\u0131lmal\u0131d\u0131r. Zamana\u015f\u0131m\u0131 ayn\u0131 \u0130ngiltere&#8217;de oldu\u011fu gibi kald\u0131r\u0131lmal\u0131d\u0131r, bu tart\u0131\u015f\u0131lmal\u0131d\u0131r&#8221; g\u00f6r\u00fc\u015f\u00fcn\u00fc ifade etti.<\/p>\n<p style=\"text-align: justify;\">&#8221;Bu davan\u0131n sadece 5 failinin de\u011fil, 15 bin ki\u015finin ad\u0131n\u0131n ge\u00e7ti\u011fi toplu k\u0131y\u0131ma ili\u015fkin hakk\u0131nda kesin h\u00fck\u00fcm bulunan \u00e7ok s\u0131n\u0131rl\u0131 say\u0131da h\u00fck\u00fcml\u00fc bulundu\u011funu&#8221; iddia eden Tarhan, mahkeme karar\u0131n\u0131n, onlar i\u00e7in de bir rahatlama yaratt\u0131\u011f\u0131n\u0131 ve c\u00fcretlerine c\u00fcret kataca\u011f\u0131n\u0131 s\u00f6yledi.<\/p>\n<p style=\"text-align: justify;\">&#8221;Kurban\u0131n ve cellad\u0131n ayn\u0131 hizaya isimlerini yazan bir zihniyet bu. Bu zihniyet hala aram\u0131zda&#8221; iddias\u0131nda bulunan Tarhan, &#8221;Ayn\u0131 Hrant Dink cinayetindeki gibi katilleri koruyanlar aram\u0131zda. Sivas katliam\u0131n\u0131 yapanlar\u0131n zihniyeti bug\u00fcn iktidard\u0131r&#8221; diye konu\u015ftu.<\/p>\n<p style=\"text-align: justify;\">Tarhan, &#8221;Bu kararla Sivas katliam\u0131 zihniyeti asl\u0131nda aklanm\u0131\u015ft\u0131r. Yani \u00fczerine zamana\u015f\u0131m\u0131 yaz\u0131larak sinsi bir gizli afla olay\u0131n \u00fczeri \u00f6rt\u00fclm\u00fc\u015ft\u00fcr. Bu karara &#8216;hay\u0131rl\u0131 olsun&#8217; diyerek bir insanl\u0131k su\u00e7unun \u00f6rt\u00fclmesini hay\u0131rla anan Ba\u015fbakan, iyi \u00e7ocuklar\u0131n\u0131n s\u0131rt\u0131n\u0131 yine s\u0131vazlam\u0131\u015f, Sivas&#8217;\u0131n \u00fczerine ikinci bir insanl\u0131k su\u00e7u daha i\u015flemi\u015ftir&#8221; dedi.<\/p>\n<p style=\"text-align: justify;\">&#8221;Baz\u0131 davalarla gazetecilerin, milletvekillerinin ya\u015famlar\u0131n\u0131 \u00e7alan zihniyetin bug\u00fcn iktidarda oldu\u011funu&#8221; ileri s\u00fcren Tarhan, &#8221;\u00c7ocuklar\u0131ndan kopart\u0131lm\u0131\u015f masum gazeteci annelerin, politik mahkumlar\u0131n yatt\u0131\u011f\u0131 bir cezaevidir bu \u00fclke. Ve demokrasi ise asl\u0131nda bir infaz kurumudur bu \u00fclkede&#8221; ifadelerini kulland\u0131.<\/p>\n<p style=\"text-align: justify;\">&#8221;Yarg\u0131da s\u0131n\u0131f arkada\u015flar\u0131yla yetinmeyen ve teyze \u00e7ocuklar\u0131n\u0131 Dan\u0131\u015ftay&#8217;\u0131n kritik dairelerine atayarak aile mahkemesi kurmaya \u00e7al\u0131\u015fanlar oldu\u011funu&#8221; \u00f6ne s\u00fcren Tarhan, &#8221;Bize bunlar sak\u0131n ama sak\u0131n tarafs\u0131z ve ba\u011f\u0131ms\u0131z yarg\u0131 dersi vermeye kalk\u0131\u015fmas\u0131nlar&#8221; \u015feklinde konu\u015ftu.<\/p>\n<p style=\"text-align: justify;\"><strong>T\u00dcRMEN: MAHKEME YANLI\u015e KARAR VERD\u0130<\/strong><\/p>\n<p style=\"text-align: justify;\">CHP \u0130zmir Milletvekili R\u0131za T\u00fcrmen ise Sivas olaylar\u0131n\u0131n insanl\u0131\u011fa kar\u015f\u0131 bir su\u00e7 oldu\u011funu savunurak, Sivas Davas\u0131&#8217;nda zamana\u015f\u0131m\u0131n\u0131n s\u00f6z konusu olamayaca\u011f\u0131n\u0131 s\u00f6yledi.<\/p>\n<p style=\"text-align: justify;\">Ankara 11. A\u011f\u0131r Ceza Mahkemesi&#8217;nin bu konuda yanl\u0131\u015f bir karar verdi\u011fini iddia eden T\u00fcrmen, mahkemenin bu konuda uluslararas\u0131 hukuka ve kararlara bakmas\u0131 gerekti\u011fini anlatt\u0131.<\/p>\n<p style=\"text-align: justify;\">T\u00fcrmen,&#8221;Kamu vicdan\u0131n\u0131n kabul etmeyece\u011fi ve hukuk yanl\u0131\u015flar\u0131yla dolu bir karar ortaya \u00e7\u0131km\u0131\u015ft\u0131r. Bundan sonraki Yarg\u0131tay a\u015famas\u0131nda d\u00fczeltilece\u011fini \u00fcmit etmekten ba\u015fka yap\u0131labilecek bir \u015fey yok bu a\u015famada&#8221; dedi.<\/p>\n<p style=\"text-align: justify;\">&#8221;4+4+4 yasa tasar\u0131s\u0131n\u0131n, TBMM Genel Kurulu&#8217;nda, AK Partili bir Meclis ba\u015fkanvekilinin g\u00f6revli oldu\u011fu s\u0131rada g\u00f6r\u00fc\u015f\u00fclece\u011fi&#8221; iddialar\u0131 sorulan Tarhan da &#8221;Her s\u00fcrece, istedikleri gibi kendi isten\u00e7lerine uygun d\u00f6n\u00fc\u015ft\u00fcrme \u00e7abalar\u0131 oldu\u011fu i\u00e7in her \u015feye m\u00fcdahale, yarg\u0131ya m\u00fcdahale, orduya m\u00fcdahale, her s\u00fcrece m\u00fcdahale ettikleri i\u00e7in \u015fa\u015f\u0131rt\u0131c\u0131 de\u011fil tabii ki. Parlamento faaliyetlerine de istedikleri dizayn\u0131 kazand\u0131rmak i\u00e7in b\u00f6yle bir m\u00fcdahalede bulunmak isteyebilirler&#8221; diye yan\u0131t verdi.<\/p>\n<p style=\"text-align: justify;\">Sivas Davas\u0131&#8217;nda kamu g\u00f6revlilerinin yarg\u0131lan\u0131p yarg\u0131lanamayaca\u011f\u0131na ili\u015fkin bir soru \u00fczerine Tarhan, affa u\u011fram\u0131\u015f su\u00e7lar\u0131 yarg\u0131laman\u0131n m\u00fcmk\u00fcn olmad\u0131\u011f\u0131n\u0131 s\u00f6yledi.<\/p>\n<p style=\"text-align: justify;\">&#8221;E\u011fitimde 4+4+4 tasar\u0131s\u0131na ili\u015fkin TBMM Ba\u015fkan\u0131 Cemil \u00c7i\u00e7ek&#8217;e ilettikleri taleplerine bir cevap al\u0131p almad\u0131klar\u0131&#8221; sorusunu ise Tarhan, &#8221;Buna ili\u015fkin resmi ba\u015fvurular\u0131n\u0131 yapt\u0131klar\u0131n\u0131. Ancak hen\u00fcz kendilerine bir cevap gelmedi\u011fini&#8221; aktard\u0131.<\/p>\n<p style=\"text-align: justify;\"><a href=\"http:\/\/www.ntvmsnbc.com\/id\/25330881\/\" target=\"_blank\">Kaynak : NTVMSNBC<\/a><\/p>\n","protected":false},"excerpt":{"rendered":"<p style=\"text-align: center;\">\n<p style=\"text-align: justify;\">CHP Grup Ba\u015fkanvekili Emine \u00dclker Tarhan, &#8221;Ankara 11. A\u011f\u0131r Ceza Mahkemesi&#8217;nin vermi\u015f oldu\u011fu zamana\u015f\u0131m\u0131 karar\u0131n\u0131n, Sivas katliam\u0131n\u0131 yapan zihniyeti aklad\u0131\u011f\u0131n\u0131&#8221; s\u00f6yledi.<\/p>\n<p style=\"text-align: justify;\">ANKARA &#8211; CHP Grup Ba\u015fkanvekili Emine \u00dclker Tarhan, TBMM&#8217;de d\u00fczenledi\u011fi bas\u0131n toplant\u0131s\u0131nda, &#8221;Ankara 11. A\u011f\u0131r Ceza Mahkemesi&#8217;nin, Sivas Davas\u0131&#8217;nda, biraz mahcup ve \u00e7ekingen de olsa eylemin &#8216;insanl\u0131k <\/p>\n","protected":false},"author":1,"featured_media":0,"comment_status":"open","ping_status":"open","sticky":false,"template":"","format":"standard","meta":{"footnotes":""},"categories":[105],"tags":[],"class_list":["post-49486","post","type-post","status-publish","format-standard","hentry","category-gundem","odd"],"_links":{"self":[{"href":"http:\/\/www.korhanyilmaz.com\/index.php?rest_route=\/wp\/v2\/posts\/49486","targetHints":{"allow":["GET"]}}],"collection":[{"href":"http:\/\/www.korhanyilmaz.com\/index.php?rest_route=\/wp\/v2\/posts"}],"about":[{"href":"http:\/\/www.korhanyilmaz.com\/index.php?rest_route=\/wp\/v2\/types\/post"}],"author":[{"embeddable":true,"href":"http:\/\/www.korhanyilmaz.com\/index.php?rest_route=\/wp\/v2\/users\/1"}],"replies":[{"embeddable":true,"href":"http:\/\/www.korhanyilmaz.com\/index.php?rest_route=%2Fwp%2Fv2%2Fcomments&post=49486"}],"version-history":[{"count":0,"href":"http:\/\/www.korhanyilmaz.com\/index.php?rest_route=\/wp\/v2\/posts\/49486\/revisions"}],"wp:attachment":[{"href":"http:\/\/www.korhanyilmaz.com\/index.php?rest_route=%2Fwp%2Fv2%2Fmedia&parent=49486"}],"wp:term":[{"taxonomy":"category","embeddable":true,"href":"http:\/\/www.korhanyilmaz.com\/index.php?rest_route=%2Fwp%2Fv2%2Fcategories&post=49486"},{"taxonomy":"post_tag","embeddable":true,"href":"http:\/\/www.korhanyilmaz.com\/index.php?rest_route=%2Fwp%2Fv2%2Ftags&post=49486"}],"curies":[{"name":"wp","href":"https:\/\/api.w.org\/{rel}","templated":true}]}}