{"id":49482,"date":"2012-03-16T07:45:23","date_gmt":"2012-03-16T05:45:23","guid":{"rendered":"http:\/\/www.korhanyilmaz.com\/?p=49482"},"modified":"2012-03-16T09:05:59","modified_gmt":"2012-03-16T07:05:59","slug":"babamin-gizli-serveti-arastirilsin","status":"publish","type":"post","link":"http:\/\/www.korhanyilmaz.com\/?p=49482","title":{"rendered":"&#8216;Babam\u0131n gizli serveti ara\u015ft\u0131r\u0131ls\u0131n&#8217;"},"content":{"rendered":"<p style=\"text-align: center;\"><a href=\"http:\/\/www.korhanyilmaz.com\/wp-content\/uploads\/2012\/03\/A0001.jpg\"  class=\"lightview\"><img loading=\"lazy\" decoding=\"async\" class=\"aligncenter  wp-image-49483\" src=\"http:\/\/www.korhanyilmaz.com\/wp-content\/uploads\/2012\/03\/A0001.jpg\" alt=\"\" width=\"338\" height=\"195\" \/><\/a><\/p>\n<p style=\"text-align: justify;\">\u0130ki karde\u015fi, eni\u015ftesi ve babas\u0131n\u0131n &#8220;emanet\u00e7ilerine&#8221; miras davas\u0131 a\u00e7an Erbakan&#8217;\u0131n k\u0131z\u0131 Zeynep Erbakan, babas\u0131n\u0131n gizli servetini kalem kalem ortaya koydu. \u0130ddialar\u0131na tan\u0131k olarak O\u011fuzhan Asilt\u00fcrk ve Recai Kutan&#8217;\u0131 g\u00f6steren Zeynep Erbakan, &#8220;Yal\u0131ya eni\u015ftem, paraya iki karde\u015fim el koydu&#8221; dedi.<!--more--><\/p>\n<p style=\"text-align: justify;\">Eski Ba\u015fbakan Necmettin Erbakan\u2019\u0131n k\u0131z\u0131 Zeynep Erbakan, iki \u00f6nemli giri\u015fimde bulundu. Zeynep Erbakan, avukat\u0131 arac\u0131l\u0131\u011f\u0131yla 6 Mart\u2019ta Ankara Cumhuriyet Ba\u015fsavc\u0131l\u0131\u011f\u0131\u2019na su\u00e7 duyurusunda bulundu. Zeynep Erbakan, karde\u015fleri Elif Erbakan Alt\u0131n\u00f6z ve Fatih Erbakan ile Elif Erbakan Alt\u0131n\u00f6z\u2019\u00fcn e\u015fi Mehmet Alt\u0131n\u00f6z\u2019\u00fcn yan\u0131 s\u0131ra Be\u015fir Dar\u00e7\u0131n, Adnan Simit, Ali Vural ve Osman Akg\u00fcn\u2019\u00fcn babas\u0131na ait mal varl\u0131\u011f\u0131n\u0131 kendisinden gizleyerek \u201cmiras ka\u00e7\u0131rd\u0131klar\u0131n\u0131\u201d iddia etti.<\/p>\n<p style=\"text-align: justify;\">Vatan gazetesinin haberine g\u00f6re, \u015fikayet\u00e7i oldu\u011fu karde\u015fleri ve di\u011fer \u015f\u00fcpheliler hakk\u0131nda \u201cg\u00fcveni k\u00f6t\u00fcye kullanma ve hakk\u0131 olmayan yere tecav\u00fcz\u201d su\u00e7lar\u0131ndan dava a\u00e7\u0131lmas\u0131n\u0131 isteyen Zeynep Erbakan\u2019\u0131n babas\u0131n\u0131n \u00f6l\u00fcm\u00fcnden sonra Ankara 12. Sulh Hukuk Mahkemesi\u2019ne ba\u015fvurarak babas\u0131 Necmettin Erbakan\u2019\u0131n \u201cger\u00e7ek mal varl\u0131\u011f\u0131n\u0131n\u201d tespit edilmesini istedi\u011fi de ortaya \u00e7\u0131kt\u0131. Zeynep Erbakan\u2019\u0131n su\u00e7 duyurusunda, bir d\u00f6nem babas\u0131 Necmettin Erbakan ile ilgili g\u00fcndeme getirilen \u201cemanet\u00e7iler vas\u0131tas\u0131yla baz\u0131 \u015firketlere ve gayrimenkullere\u201d sahip oldu\u011fu iddialar\u0131n\u0131 da do\u011frulayan ifadeler kullanmas\u0131 dikkat \u00e7ekti. \u00dc\u00e7 karde\u015fin b\u00fcy\u00fc\u011f\u00fc olan Zeynep Erbakan\u2019\u0131n savc\u0131l\u0131\u011fa verdi\u011fi su\u00e7 duyurusunda \u015fu iddialar dile getirildi:<\/p>\n<p style=\"text-align: justify;\"><strong>&#8216;B\u0130R YIL \u0130\u00c7\u0130NDE MAL VARLIKLARI ARTTI&#8217;<\/strong><\/p>\n<p style=\"text-align: justify;\">Erbakan\u2019\u0131n vefat\u0131n\u0131n ard\u0131ndan ge\u00e7en s\u00fcre zarf\u0131nda \u015f\u00fcpheliler, Zeynep Erbakan\u2019a intikal ettirilenler haricinde mirasla edindikleri veya m\u00fcteveffadan kendilerine ge\u00e7irilen herhangi bir mal varl\u0131\u011f\u0131 bulunmad\u0131\u011f\u0131n\u0131 iddia etmelerine ra\u011fmen ciddi birtak\u0131m gayrimenkullerin tapuda adlar\u0131na kaydedildi\u011fi ve bankalardaki nakdi varl\u0131klar\u0131n\u0131n artt\u0131\u011f\u0131 duyumlar\u0131 al\u0131nm\u0131\u015ft\u0131r. Erbakan\u2019\u0131n vefat\u0131ndan \u00f6nceki bir y\u0131l i\u00e7inde \u015f\u00fcphelilerden olan Elif Erbakan Alt\u0131n\u00f6z, Fatih Erbakan ve Mehmet Alt\u0131n\u00f6z\u2019\u00fcn banka hesaplar\u0131nda ciddi art\u0131\u015flar oldu\u011fu ve mal varl\u0131klar\u0131 s\u00fcratle artmas\u0131n\u0131n hi\u00e7bir makul a\u00e7\u0131klamas\u0131n\u0131 yapamam\u0131\u015f olduklar\u0131 aile meclislerinde ifade edilmi\u015ftir.<\/p>\n<p style=\"text-align: justify;\"><strong>&#8216;MAL VARLI\u011eI G\u00dcVEND\u0130\u011e\u0130 K\u0130\u015e\u0130LER\u0130N \u00dcZER\u0130NDE&#8217;<\/strong><\/p>\n<p style=\"text-align: justify;\">Erbakan mal varl\u0131\u011f\u0131n\u0131 g\u00fcvendi\u011fi \u015fah\u0131slar \u00fczerinde muhafaza etmi\u015ftir. Ancak gerekti\u011finde emin ki\u015fi olarak onun ad\u0131na onun mal varl\u0131\u011f\u0131n\u0131 kontrol eden \u015f\u00fcphelilerin, vefat\u0131ndan sonra bu mal varl\u0131\u011f\u0131 de\u011ferlerini \u00fczerlerine ge\u00e7irdiklerine ve tasarrufta bulunduklar\u0131na dair m\u00fcvekkile somut bilgiler gelmektedir.<\/p>\n<p style=\"text-align: justify;\"><strong>&#8216;DAMADIN KONTROL\u00dcNDEK\u0130 10 M\u0130LYON TL&#8217;<\/strong><\/p>\n<p style=\"text-align: justify;\">Mehmet Alt\u0131n\u00f6z\u2019\u00fcn (damad\u0131) Elif Erbakan Alt\u0131n\u00f6z ile evlili\u011fi sonras\u0131nda y\u0131llar i\u00e7erisindeki vergi beyannamelerinin ve mal varl\u0131\u011f\u0131 art\u0131\u015f\u0131 dikkat \u00e7ekmi\u015ftir. Mehmet Alt\u0131n\u00f6z\u2019\u00fcn 2010 y\u0131l\u0131 sonu ve 2011 y\u0131l\u0131 i\u00e7erisinde bankalarda 10 milyon TL\u2019nin \u00fczerinde nakdi varl\u0131\u011f\u0131 kontrol etmeye ba\u015flad\u0131\u011f\u0131 ve baz\u0131 gayrimenkulleri tapuda ad\u0131na kaydettirdi\u011fi y\u00f6n\u00fcnde bilgiler gelmekte.<\/p>\n<p style=\"text-align: justify;\"><strong>&#8216;DAMADIN \u00dcZER\u0130NDE YALI&#8217;<\/strong><\/p>\n<p style=\"text-align: justify;\">Bariz bir kan\u0131t da Mehmet Alt\u0131n\u00f6z\u2019\u00fcn \u00fczerine intikal eden \u0130stanbul ilindeki de\u011feri hayli y\u00fcksek Bo\u011faz yal\u0131s\u0131d\u0131r. Bu gayrimenkul\u00fcn Mehmet Alt\u0131n\u00f6z\u2019e devri s\u0131ras\u0131nda hi\u00e7bir bedel \u00f6denmemi\u015f ve eski sahiplerine \u00f6deme intikal ettirilmemi\u015ftir. Bu yal\u0131, dolayl\u0131 bir \u015fekilde Erbakan\u2019\u0131n hissedar\u0131 oldu\u011fu \u00d6ztay Tekstil Konfeksiyon Sanayi Pazarlama A\u015e ad\u0131na kay\u0131tl\u0131 iken hi\u00e7bir bedel \u00f6denmeksizin Alt\u0131n\u00f6z\u2019e intikal ettirilmi\u015ftir. Bunu Be\u015fir Dar\u00e7\u0131n bilmektedir. Alt\u0131n\u00f6z\u2019\u00fcn bu yal\u0131y\u0131 kendi mal varl\u0131\u011f\u0131 veya ticari kazanc\u0131 ile alamayaca\u011f\u0131 ve bu kapsamda an\u0131lan tasarrufun \u015faibeli oldu\u011fu a\u00e7\u0131kt\u0131r. Bu t\u00fcr bir gelire ili\u015fkin beyan da hi\u00e7 yoktur.<\/p>\n<p style=\"text-align: justify;\"><strong>&#8216;ABLAMIN HAKKINI YEMEY\u0130Z&#8217;<\/strong><\/p>\n<p style=\"text-align: justify;\">Zeynep Erbakan&#8217;\u0131n su\u00e7lad\u0131\u011f\u0131 karde\u015fi Fatih Erbakan ise, \u2018Her \u015feyin \u00fc\u00e7te biri ablam\u0131n, onun hakk\u0131n\u0131 yemeyiz\u2019 dedi.<\/p>\n<p style=\"text-align: justify;\"><a href=\"http:\/\/www.ntvmsnbc.com\/id\/25330972\/\" target=\"_blank\">Kaynak : NTVMSNBC<\/a><\/p>\n","protected":false},"excerpt":{"rendered":"<p style=\"text-align: center;\">\n<p style=\"text-align: justify;\">\u0130ki karde\u015fi, eni\u015ftesi ve babas\u0131n\u0131n &#8220;emanet\u00e7ilerine&#8221; miras davas\u0131 a\u00e7an Erbakan&#8217;\u0131n k\u0131z\u0131 Zeynep Erbakan, babas\u0131n\u0131n gizli servetini kalem kalem ortaya koydu. \u0130ddialar\u0131na tan\u0131k olarak O\u011fuzhan Asilt\u00fcrk ve Recai Kutan&#8217;\u0131 g\u00f6steren Zeynep Erbakan, &#8220;Yal\u0131ya eni\u015ftem, paraya iki karde\u015fim el koydu&#8221; dedi.<\/p>\n","protected":false},"author":1,"featured_media":0,"comment_status":"open","ping_status":"open","sticky":false,"template":"","format":"standard","meta":{"footnotes":""},"categories":[105],"tags":[],"class_list":["post-49482","post","type-post","status-publish","format-standard","hentry","category-gundem","odd"],"_links":{"self":[{"href":"http:\/\/www.korhanyilmaz.com\/index.php?rest_route=\/wp\/v2\/posts\/49482","targetHints":{"allow":["GET"]}}],"collection":[{"href":"http:\/\/www.korhanyilmaz.com\/index.php?rest_route=\/wp\/v2\/posts"}],"about":[{"href":"http:\/\/www.korhanyilmaz.com\/index.php?rest_route=\/wp\/v2\/types\/post"}],"author":[{"embeddable":true,"href":"http:\/\/www.korhanyilmaz.com\/index.php?rest_route=\/wp\/v2\/users\/1"}],"replies":[{"embeddable":true,"href":"http:\/\/www.korhanyilmaz.com\/index.php?rest_route=%2Fwp%2Fv2%2Fcomments&post=49482"}],"version-history":[{"count":0,"href":"http:\/\/www.korhanyilmaz.com\/index.php?rest_route=\/wp\/v2\/posts\/49482\/revisions"}],"wp:attachment":[{"href":"http:\/\/www.korhanyilmaz.com\/index.php?rest_route=%2Fwp%2Fv2%2Fmedia&parent=49482"}],"wp:term":[{"taxonomy":"category","embeddable":true,"href":"http:\/\/www.korhanyilmaz.com\/index.php?rest_route=%2Fwp%2Fv2%2Fcategories&post=49482"},{"taxonomy":"post_tag","embeddable":true,"href":"http:\/\/www.korhanyilmaz.com\/index.php?rest_route=%2Fwp%2Fv2%2Ftags&post=49482"}],"curies":[{"name":"wp","href":"https:\/\/api.w.org\/{rel}","templated":true}]}}