{"id":49472,"date":"2012-03-13T17:17:01","date_gmt":"2012-03-13T15:17:01","guid":{"rendered":"http:\/\/www.korhanyilmaz.com\/?p=49472"},"modified":"2012-03-14T01:22:25","modified_gmt":"2012-03-13T23:22:25","slug":"aglayarak-kilicdarogluna-geldi","status":"publish","type":"post","link":"http:\/\/www.korhanyilmaz.com\/?p=49472","title":{"rendered":"A\u011flayarak K\u0131l\u0131\u00e7daro\u011flu&#8217;na geldi"},"content":{"rendered":"<p style=\"text-align: center;\"><a href=\"http:\/\/www.korhanyilmaz.com\/wp-content\/uploads\/2012\/03\/9138.jpg\"  class=\"lightview\"><img loading=\"lazy\" decoding=\"async\" class=\"aligncenter  wp-image-49473\" src=\"http:\/\/www.korhanyilmaz.com\/wp-content\/uploads\/2012\/03\/9138.jpg\" alt=\"\" width=\"364\" height=\"204\" \/><\/a><\/p>\n<p style=\"text-align: justify;\">CHP Genel Ba\u015fkan\u0131 Kemal K\u0131l\u0131\u00e7daro\u011flu, bug\u00fcn partsinin grup toplant\u0131s\u0131 sonras\u0131 ilgin\u00e7 bir olayla kar\u015f\u0131la\u015ft\u0131. A\u011flayarak yan\u0131na gelen ya\u015fl\u0131 kad\u0131n\u0131 teselli etmeye \u00e7al\u0131\u015fan K\u0131l\u0131\u00e7daro\u011flu ne yapaca\u011f\u0131n\u0131 \u015fa\u015f\u0131rd\u0131.<\/p>\n<p style=\"text-align: justify;\">80 ya\u015f\u0131ndaki ya\u015fl\u0131 kad\u0131n\u0131n CHP liderinden kay\u0131p olan \u00f6\u011fretmen o\u011flunun bulunmas\u0131n\u0131 istedi\u011fi \u00f6\u011frenildi &#8230;<!--more--><\/p>\n<p style=\"text-align: justify;\">Grup toplant\u0131 salonundan \u00e7\u0131kt\u0131ktan sonra K\u0131l\u0131\u00e7daro\u011flu\u2019nu bekleyen Adalet \u00d6rkmez, g\u00f6z\u00fc ya\u015fl\u0131 bir \u015fekilde yard\u0131m istedi. O\u011flu Mehmet Ali \u00d6rkmez\u2019in Eski\u015fehir\u2019de \u00f6\u011fretmenlik yaparken 2010 y\u0131l\u0131ndan bu yana kendisinden haber al\u0131namad\u0131\u011f\u0131n belirten g\u00f6z\u00fc ya\u015fl\u0131 \u00d6rkmez, g\u00f6z ya\u015flar\u0131 i\u00e7inde konu\u015ftu. K\u0131l\u0131\u00e7daro\u011flu da, \u201cTelefonlar\u0131n\u0131 verdin mi, size bilgi verece\u011fim tamam anaca\u011f\u0131m, \u00fcz\u00fclme tamam anaca\u011f\u0131m\u201d dedi.<\/p>\n<p style=\"text-align: justify;\"><strong>&#8216;HANG\u0130 D\u0130LDEN ANLIYORSUN&#8217;\u00a0<\/strong><\/p>\n<p style=\"text-align: justify;\">CHP Genel Ba\u015fkan\u0131, daha sonra konuyla ilgilenmesi i\u00e7in CHP Genel Ba\u015fkan Yard\u0131mc\u0131s\u0131 Sezgin Tanr\u0131kulu\u2019na talimat verdi. Partisinin grup toplant\u0131s\u0131nda konu\u015fan CHP Genel Ba\u015fkan\u0131 Kemal K\u0131l\u0131\u00e7daro\u011flu, Ba\u015fbakan Recep Tayyip Erdo\u011fan\u2019a, \u201cSay\u0131n Recep Tayyip Erdo\u011fan en k\u0131sa s\u00fcre i\u00e7erisinde benim bu s\u00f6zlerimi, s\u00f6yledi\u011fimi kan\u0131tlayamazsan senin \u015ferefini, haysiyetini sorgular hale getirece\u011fim. Benim bir tek yalan s\u00f6yledi\u011fimi ispat etsin bakal\u0131m, bir tek c\u00fcmle s\u00f6ylesin. \u0130spat edersen \u00e7\u0131kaca\u011f\u0131m ben senden \u00f6z\u00fcr dileyece\u011fim. \u0130spat edemezsen senin \u015feref ve haysiyetini sorgular hale getirece\u011fim\u201d dedi.<\/p>\n<p style=\"text-align: justify;\">CHP Genel Ba\u015fkan\u0131 Kemal K\u0131l\u0131\u00e7daro\u011flu, Ba\u015fbakan\u2019\u0131n grup toplant\u0131s\u0131nda ifade etti\u011fi s\u00f6zlere yan\u0131t verdi. Ba\u015fbakan ile ayn\u0131 dilden konu\u015fmad\u0131klar\u0131n\u0131 belirten CHP Genel Ba\u015fkan\u0131, \u015f\u00f6yle dedi: \u201cBug\u00fcn de diyor ya \u2018sizin anlad\u0131\u011f\u0131n\u0131z dilden konu\u015furum\u2019. Valla benim anlayaca\u011f\u0131m dilden konu\u015fursan \u00e7ok memnun olurum. Sen benim dilimden konu\u015fmuyorsun, ke\u015fke benim dilinden konu\u015fsan, oturup anla\u015faca\u011f\u0131z zaten o zaman. Birbirimizin d\u00fcnyalar\u0131 farkl\u0131, d\u00fcnyaya bak\u0131\u015f\u0131m\u0131z farkl\u0131, demokrasiye bak\u0131\u015f\u0131m\u0131z farkl\u0131. O nedenle ayn\u0131 dilden konu\u015fmuyoruz. Sen kaba kuvveti me\u015fru g\u00f6stermeye \u00e7al\u0131\u015f\u0131yorsun.\u201d<\/p>\n<p style=\"text-align: justify;\"><strong>&#8220;KEND\u0130S\u0130YLE KAVGALI, DOKTORUYLA KAVGALI&#8221;\u00a0<\/strong><\/p>\n<p style=\"text-align: justify;\">4+4+4 teklifine s\u00f6z\u00fc getiren CHP Genel Ba\u015fkan\u0131, Ba\u015fbakan\u2019\u0131n tutumunu ele\u015ftirerek, \u015f\u00f6yle dedi: &#8220;Kendisiyle kavgal\u0131, d\u00fcnyas\u0131yla kavgal\u0131, doktoruyla kavgal\u0131, bu \u00fclkenin i\u015f\u00e7isiyle kavgal\u0131, bu \u00fclkenin akademisyeniyle kavgal\u0131. Bar\u0131\u015f s\u00f6z\u00fc a\u011fz\u0131ndan \u00e7\u0131kmayan, sevgi s\u00f6z\u00fc a\u011fz\u0131ndan \u00e7\u0131kmayan, devaml\u0131 kavga s\u00f6z\u00fc ile devaml\u0131 kavgayla yola \u00e7\u0131kan bir adamdan uzla\u015fma beklenebilir mi? Nefret \u00fczerine bir d\u00fcnya kurmu\u015f kendisine. Nas\u0131l bir ruhu halidir. Nas\u0131l bir yap\u0131d\u0131r. Anlamak i\u00e7in uzun uzun \u00e7al\u0131\u015fmak laz\u0131m. Bunun i\u00e7in de ben akademisyenleri g\u00f6reve \u00e7a\u011f\u0131r\u0131yorum. B\u00f6yle bir insan\u0131n ruh halini ara\u015ft\u0131r\u0131n, neyle kar\u015f\u0131 kar\u015f\u0131yay\u0131z biz. B\u00f6yle bir tablo olabilir mi, kendisiyle, \u00fclkesiyle bar\u0131\u015f\u0131k olmayan bir vaka ile kar\u015f\u0131 kar\u015f\u0131yay\u0131z.<\/p>\n<p style=\"text-align: justify;\"><strong>&#8220;H\u0130TLER\u2019\u0130 HATIRLAYIN&#8221;\u00a0<\/strong><\/p>\n<p style=\"text-align: justify;\">Bizi dinlemeyebilirsin, uzmanlar\u0131 \u00e7a\u011f\u0131r. Y\u00d6K Ba\u015fkan\u0131\u2019n\u0131 \u00e7a\u011f\u0131r, konu\u015f. Bir bilim insan\u0131yla konu\u015fmak insan\u0131 k\u00fc\u00e7\u00fcltmez, y\u00fcceltir. Hay\u0131r efendim her \u015feyi ben bilirim. Bundan 70-80 sene \u00f6nce bunu s\u00f6yleyenler oldu, 2. D\u00fcnya Harbi\u2019ni hat\u0131rlay\u0131n. Hitler\u2019i hat\u0131rlay\u0131n. \u0130nsanl\u0131k tarihine ben her \u015feyi bilirim, benim dedi\u011fim do\u011frudur diyenlerin insanl\u0131k tarihine nas\u0131l ge\u00e7tiklerine bir bak\u0131n. \u0130nsanl\u0131\u011fa ne kadar a\u011f\u0131r bedel \u00f6dettiklerine bir bak\u0131n. Bizim s\u00f6yledi\u011fimiz \u015fu; ak\u0131lla bar\u0131\u015f bilgiyle bar\u0131\u015f. Benim hi\u00e7 kimseden bilgi alacak durumum yok hezeyan\u0131 i\u00e7inde olursan\u0131z \u00fclkeyi de toplum da tehlikeli bir s\u00fcrecin i\u00e7ine atars\u0131n\u0131z.\u201d<\/p>\n<p style=\"text-align: justify;\"><strong>&#8220;20 DAK\u0130KADA KANUN \u00c7IKAR MI, 20 DAK\u0130KADA YEMEK P\u0130\u015eMEZ&#8221;\u00a0<\/strong><\/p>\n<p style=\"text-align: justify;\">TBMM Milli E\u011fitim Komisyonu\u2019ndan 4+4+4 yasa teklifinin ge\u00e7irilmesi ile ilgili de de\u011ferlendirmelerde bulunan K\u0131l\u0131\u00e7daro\u011flu \u201cBuradan postmodern diktat\u00f6r\u00fcn etraf\u0131ndaki tetik\u00e7ilere de seslenmek istiyorum. Postmodern diktat\u00f6rlere tetik\u00e7ilik yapanlar k\u00fc\u00e7\u00fck insanlard\u0131r. O insanlar da tarih \u00f6n\u00fcnde sorumludurlar. Onlar \u00e7ocuklar\u0131na ve torunlar\u0131na verecek yan\u0131t bulamayacaklard\u0131r. Bir Ba\u015fbakan yanl\u0131\u015f yap\u0131yorsa yanl\u0131\u015f\u0131 etraf\u0131ndaki insanlar\u0131n hat\u0131rlatmas\u0131 laz\u0131m. Alk\u0131\u015f tutarsan\u0131z onun kadar sorumlu olursunuz. Bu vebal hepinize aittir. 20 dakikada kanun \u00e7\u0131kar, 20 dakikada kanun \u00e7\u0131kar m\u0131 arkada\u015flar. 20 dakika da yemek pi\u015fmez. Kavga var, d\u00f6v\u00fc\u015f var, milletvekilleri tekmeleniyor; kabul edenler, etmeyenler. Hatta baz\u0131lar\u0131 da ne oldu\u011funu bilmiyorlar. Birisi uyar\u0131yor, elinizi kald\u0131r\u0131n diye. Onlar da ellerini kald\u0131r\u0131yorlar. Ba\u015fkan ba\u011f\u0131r\u0131yor kabul edilmi\u015ftir. Bu tablo parlamentoya yak\u0131\u015fm\u0131yor. Bu tablodan gurur duyan birisi var. O da Say\u0131n Recep Tayyip Erdo\u011fan, onun i\u00e7in ruh halinin sorunlu oldu\u011funu s\u00f6yl\u00fcyorum\u201d dedi.<\/p>\n<p style=\"text-align: justify;\"><strong>\u201cKONU\u015eMAYA DE\u011e\u0130L ORMAN KANUNU UYGULAMAYA GELD\u0130LER\u201d\u00a0<\/strong><\/p>\n<p style=\"text-align: justify;\">K\u0131l\u0131\u00e7daro\u011flu Komisyon\u2019da \u00e7\u0131kan tart\u0131\u015fmalar ve olaylarla ilgili de \u015fu de\u011ferlendirmeleri yapt\u0131: \u201c\u0130nsanlar yerde tekmeleniyor. Bas\u0131n mensuplar\u0131na diyorlar, bas\u0131n mensuplar\u0131 terk etsin buray\u0131, bir bas\u0131n mensubu arkada\u015f\u0131m\u0131z da hastaneye kald\u0131r\u0131lm\u0131\u015f. Niye terk etsin diyorsun sen. \u00c7\u00fcnk\u00fc CHP milletvekillerini darp edecekler ya, konu\u015fmaya de\u011fil orman kanunu uygulamaya geldiler oraya. CHP milletvekillerini darp etmeye geldiler oraya. Bas\u0131n mensuplar\u0131 d\u0131\u015far\u0131 \u00e7\u0131ks\u0131n biz rahatl\u0131kla lin\u00e7 giri\u015fiminde bulunal\u0131m diyorlar. \u00d6rtemezsiniz, kapatamazs\u0131n\u0131z. Ger\u00e7ekleri d\u00fcnyan\u0131n \u00f6n\u00fcnden koparamazs\u0131n\u0131z.<\/p>\n<p style=\"text-align: justify;\"><strong>\u201cB\u0130R D\u0130KTAT\u00d6R\u00dcN FOYASI MEYDANA \u00c7IKTI, D\u0130KTAT\u00d6R ZIVANADAN \u00c7IKTI\u201d\u00a0<\/strong><\/p>\n<p style=\"text-align: justify;\">B\u00fct\u00fcn d\u00fcnya en bask\u0131c\u0131 \u00fclkelerden birinin T\u00fcrkiye oldu\u011funu kabul ediyor. T\u00fcrkiye\u2019de postmodern diktan\u0131n oldu\u011funu da kabul ediyor. Daha yayg\u0131n bir d\u00fcnyan\u0131n kabul etmesi i\u00e7in \u00e7al\u0131\u015faca\u011f\u0131z. CHP\u2019nin bunda etkisi var m\u0131, var. Say\u0131n Ba\u015fbakan var. CHP bunu b\u00fct\u00fcn d\u00fcnyaya anlatacak. Bir diktat\u00f6r\u00fcn foyas\u0131 meydana \u00e7\u0131kt\u0131, diktat\u00f6r z\u0131vanadan \u00e7\u0131kt\u0131. Efendim neymi\u015f CHP Genel Ba\u015fkan\u0131 gidiyormu\u015f, bizi yurt d\u0131\u015f\u0131nda k\u00f6t\u00fcl\u00fcyormu\u015f, onlar\u0131n haberi \u00f6yle oluyormu\u015f. Bu Ba\u015fbakan\u2019\u0131n teknolojiden, ileti\u015fimden de haberi yok. Benim ayr\u0131ca oraya gitmeme gerek yok ki. Ben buradan s\u00f6yl\u00fcyorum, b\u00fct\u00fcn d\u00fcnyaya anlataca\u011f\u0131z. 32 y\u0131l \u00f6nce Kenan Evren\u2019in geldi\u011fi noktaya geldik, onun idol\u00fc Kenan Evren biliyorsunuz. Kenan Evren de diyordu &#8216;vay efendim d\u0131\u015far\u0131da nas\u0131l anlat\u0131rs\u0131n\u0131z&#8217;. \u015eimdi ayn\u0131 \u015feyleri Kenan Evren\u2019in s\u00f6ylediklerini Recep Tayyip Erdo\u011fan s\u00f6yl\u00fcyor.&#8221;<\/p>\n<p style=\"text-align: justify;\">Avrupa Parlamentosu D\u0131\u015f \u0130li\u015fkiler Komisyonu\u2019nun bir karar\u0131 kabul etti\u011fini ve T\u00fcrkiye raporu haz\u0131rlad\u0131\u011f\u0131n\u0131 belirten CHP Genel Ba\u015fkan\u0131, oradan baz\u0131 b\u00f6l\u00fcmler okudu.<\/p>\n<p style=\"text-align: justify;\"><strong>CHP\u2019L\u0130 VEK\u0130LLERE G\u00d6REV VERD\u0130\u00a0<\/strong><\/p>\n<p style=\"text-align: justify;\">Grup toplant\u0131s\u0131nda milletvekillerine de g\u00f6rev veren K\u0131l\u0131\u00e7daro\u011flu, \u201cBuradan b\u00fct\u00fcn milletvekili arkada\u015flar\u0131ma bir g\u00f6rev veriyorum. Sadece T\u00fcrkiye\u2019de de\u011fil b\u00fct\u00fcn d\u00fcnyada birinci g\u00f6reviniz postmodern diktat\u00f6r\u00fcn yalanlar\u0131n\u0131 her tarafa anlatmak. Nas\u0131l yalan s\u00f6yledi\u011fini, yarg\u0131y\u0131 nas\u0131l bask\u0131lad\u0131\u011f\u0131n\u0131, parlamentoyu nas\u0131l bask\u0131lad\u0131\u011f\u0131n\u0131, medya \u00fczerinde nas\u0131l bir g\u00fc\u00e7 kurdu\u011funu anlat\u0131n ki b\u00fct\u00fcn d\u00fcnya bilsin. Bu g\u00f6revinizi ihmal etmenizi asla kabul etmiyorum. Herkes bunu birinci g\u00f6rev kabul etsin. E\u011fer biz bu g\u00f6revimizi yeterince yerine getiremezsek Nedim \u015eener\u2019in, Ahmet \u015e\u0131k\u2019\u0131n, Co\u015fkun Musluk\u2019un ve Sait \u00c7ak\u0131r\u2019\u0131n hayatlar\u0131ndan 375 g\u00fcn\u00fc \u00e7alanlar\u0131n cesaretini art\u0131rm\u0131\u015f oluruz. Silivri toplama kamp\u0131ndaki zulm\u00fc anlataca\u011f\u0131z her yerde. \u0130nsanlar\u0131n nas\u0131l \u00fcretilmi\u015f delilerle aylarca hapishanelerde tutuldu\u011funu anlataca\u011f\u0131z\u201d dedi.<\/p>\n<p style=\"text-align: justify;\"><strong>\u201c\u00d6Z\u00dcR D\u0130LEME ERDEM\u0130 G\u00d6STERECEK M\u0130S\u0130N?\u201d\u00a0<\/strong><\/p>\n<p style=\"text-align: justify;\">Ba\u015fbakan\u2019a seslenen CHP Genel Ba\u015fkan\u0131, \u201cPostmodern diktat\u00f6re sormak isterim, serbest b\u0131rak\u0131lan ve 375 g\u00fcnd\u00fcr hapiste tutulan bu de\u011ferli gazetecilere sen \u00e7\u0131kt\u0131n dedin ki bunlar ter\u00f6risttir dedin, bunlar Ergenekoncudur, dedin. \u015eimdi sen bu insanlardan \u00f6z\u00fcr dileme erdemini g\u00f6sterecek misin, g\u00f6stermeyecek misin? Bunlar gazeteci midir, de\u011fil midir? Sen bunlar\u0131 ter\u00f6rist diye su\u00e7lad\u0131n. Masumiyet Karinesi\u2019ni \u00e7\u00f6p sepetine att\u0131n. \u015eimdi vicdan muhasebesi yap\u0131yor musun, yapm\u0131yor musun\u201d diye sordu.<\/p>\n<p style=\"text-align: justify;\"><strong>BA\u015eBAKAN\u2019A ADETA MEYDAN OKUDU\u00a0<\/strong><\/p>\n<p style=\"text-align: justify;\">Yalanlara ve iftiralara \u00e7ok al\u0131\u015ft\u0131\u011f\u0131na i\u015faret eden CHP Genel Ba\u015fkan\u0131, Ba\u015fbakan\u2019a adeta meydan okuyarak, \u015f\u00f6yle dedi: \u201cO kadar \u00e7ok yalan ve iftira at\u0131ld\u0131 ki, medyadan geldi, siyaset\u00e7ilerden geldi. Hepsini bir \u015fekilde ya bu da bu kadar\u0131 da olur dedik. Ama samimi s\u00f6yl\u00fcyorum postmodern bir diktat\u00f6r\u00fcn yalanlar\u0131na tahamm\u00fcl edemiyorum. Ge\u00e7en g\u00fcn, g\u00fcya ben \u0130srail\u2019de tutuklu gazeteci yok demi\u015fim. Buradan s\u00f6yl\u00fcyorum. Say\u0131n Recep Tayyip Erdo\u011fan en k\u0131sa s\u00fcre i\u00e7erisinde benim bu s\u00f6zlerimi s\u00f6yledi\u011fimi kan\u0131tlayamazsan senin \u015ferefini haysiyetini sorgular hale getirece\u011fim. Bir Ba\u015fbakan\u2019\u0131n \u015feref ve haysiyetinin sorgulanmas\u0131n\u0131 istemem. Ama bir Ba\u015fbakan\u2019\u0131n temel g\u00f6revlerinden birisi do\u011frular\u0131 s\u00f6ylemektir. Yalan s\u00f6ylerseniz bir kabul ettim, iki kabul ettim sesimi \u00e7\u0131karmad\u0131m, \u00fc\u00e7 sesimi \u00e7\u0131karmad\u0131m, \u015fimdi \u00f6yle bir yalan s\u00f6yl\u00fcyorsun ki ben g\u00fcya kalkm\u0131\u015f\u0131m \u0130srail\u2019de tutuklu gazeteci yok demi\u015fim. \u0130spat edersen \u00e7\u0131kaca\u011f\u0131m ben senden \u00f6z\u00fcr dileyece\u011fim. \u0130spat edemezsen senin \u015feref ve haysiyetini sorgular hale getirece\u011fim.<\/p>\n<p style=\"text-align: justify;\">Yalanlar bir tane de\u011fil ki. \u0130nsan da biraz ar olur haya olur. \u0130nsan\u0131n ar damar\u0131 denen bir kavram var. Kendisine Ba\u015fbakan olarak her seferinde dikkatli bir dil kullanmaya \u00e7al\u0131\u015ft\u0131m. En a\u011f\u0131r \u015fekilde bizi su\u00e7lad\u0131 ama bir, iki, \u00fc\u00e7, d\u00f6rt yeter art\u0131k; bu kadar yalan yeter art\u0131k. Yalan \u00fczerine konu\u015fmamal\u0131 bir politikac\u0131. Ben siyasete at\u0131l\u0131rken \u015funu s\u00f6ylemi\u015ftim. Hi\u00e7bir ko\u015fulda halk\u0131ma yalan s\u00f6ylemeyece\u011fim diye. Benim bir tek yalan s\u00f6yledi\u011fimi ispat etsin bakal\u0131m, bir tek c\u00fcmle s\u00f6ylesin. Postmodern diktat\u00f6r\u00fcn yalanlar\u0131na, iftiralar\u0131na art\u0131k bu milleti g\u00f6sterece\u011fiz anlataca\u011f\u0131z.\u201d<\/p>\n<p style=\"text-align: justify;\"><strong>S\u0130VAS DAVASI\u00a0<\/strong><\/p>\n<p style=\"text-align: justify;\">Sivas Davas\u0131\u2019n\u0131n zaman a\u015f\u0131m\u0131na u\u011frad\u0131\u011f\u0131n\u0131 belirten K\u0131l\u0131\u00e7daro\u011flu, Orta\u00e7a\u011f\u2019da insanlar\u0131n yak\u0131larak \u00f6ld\u00fcr\u00fcld\u00fc\u011f\u00fcn\u00fc s\u00f6yledi. K\u0131l\u0131\u00e7daro\u011flu, \u015f\u00f6yle devam etti: \u201c\u00d6ld\u00fcren insanlar\u0131n bir k\u0131sm\u0131 evlendi, askere gitti, d\u00fc\u011f\u00fcn yapt\u0131, \u00e7ocu\u011funu okula g\u00f6nderdi ama bulunamad\u0131, yakalanamad\u0131. Bu s\u00fcrecin i\u00e7inde AKP\u2019nin b\u00fcy\u00fck sorumlulu\u011fu var. San\u0131klar\u0131n yakalanamamas\u0131, davan\u0131n zaman a\u015f\u0131m\u0131na u\u011framas\u0131 T\u00fcrkiye i\u00e7in bir y\u00fcz karas\u0131d\u0131r. B\u00f6yle bir tabloyu kabul etmek m\u00fcmk\u00fcn de\u011fil. Bu tablonun i\u00e7inde AKP\u2019nin a\u011f\u0131rl\u0131\u011f\u0131 var. \u00c7\u00fcnk\u00fc onlar\u0131n faillerin b\u00fcy\u00fck \u00f6l\u00e7\u00fcde avukatl\u0131\u011f\u0131n\u0131 AKP milletvekilleri yap\u0131yordu. Ve onlar \u015fu anda parlamentoda g\u00f6rev yap\u0131yor. Acaba merak ediyorum, Say\u0131n Ba\u015fbakan \u2018oh oldu, zaman a\u015f\u0131m\u0131na u\u011frad\u0131, biz de bu i\u015ften kurtulduk\u2019 diyecek mi? Eminim i\u00e7inden diyor ki \u2018oh \u00e7ok iyi oldu, biz de zaman a\u015f\u0131m\u0131ndan kurtard\u0131k\u2019. Kim olursa olsun insanlar\u0131n hakk\u0131n\u0131 savunmak herkesin g\u00f6revi olmak zorundad\u0131r.<\/p>\n<p style=\"text-align: justify;\"><strong>11 \u0130\u015e\u00c7\u0130N\u0130N YANARAK \u00d6LMES\u0130-\u00a0<\/strong><\/p>\n<p style=\"text-align: justify;\">Esenyurt\u2019ta meydana gelen yang\u0131nda 11 i\u015f\u00e7inin yanarak \u00f6ld\u00fc\u011f\u00fcn\u00fc hat\u0131rlatan CHP Genel Ba\u015fkan\u0131, \u201c\u00c7al\u0131\u015fma ve Sosyal G\u00fcvenlik Bakan\u0131 diyor ki, \u2018T\u00fcrkiye\u2019de \u0130\u015f G\u00fcvenli\u011fi Yasas\u0131\u2019na ihtiya\u00e7 var\u2019. Sanki yasay\u0131 getirdiler de CHP muhalefet edecek. Aylard\u0131r, y\u0131llard\u0131r s\u00f6yl\u00fcyoruz, \u0130\u015f G\u00fcvenli\u011fi Yasas\u0131\u2019n\u0131 getirin diyoruz. Senin elini tutan m\u0131 var, sen bakan de\u011fil misin, o koltukta oturmuyor musun? O i\u015f\u00e7ilerden ka\u00e7\u0131 sigortal\u0131yd\u0131? Bir baks\u0131n bakal\u0131m, ka\u00e7 ayd\u0131r orada sigortas\u0131z \u00e7al\u0131\u015f\u0131yorlard\u0131?\u201d diye sordu.<\/p>\n<p style=\"text-align: justify;\"><strong>4+4+4 TEKL\u0130F\u0130\u00a0<\/strong><\/p>\n<p style=\"text-align: justify;\">\u0130stanbul\u2019da 4+4+4 teklifi konusunda yapt\u0131klar\u0131 toplant\u0131y\u0131 an\u0131msatan CHP Genel Ba\u015fkan\u0131, y\u0131llar\u0131n\u0131 e\u011fitim i\u00e7in harcam\u0131\u015f bir profes\u00f6r\u00fcn \u2018Ben e\u011fitim konusunda bilgimi aktar\u0131rken mevcut yasa teklifi hakk\u0131nda olumsuz g\u00f6r\u00fc\u015f bildirirsem bunun bedeli olacak m\u0131, olmayacak m\u0131, bilmiyorum\u201d ifadesini kulland\u0131\u011f\u0131n\u0131 s\u00f6yledi.<\/p>\n<p style=\"text-align: justify;\"><strong>\u201cCHP\u2019L\u0130LER TEKMELEND\u0130\u201d\u00a0<\/strong><\/p>\n<p style=\"text-align: justify;\">Meclis Milli E\u011fitim Komisyonu\u2019nda Pazar g\u00fcn\u00fc kabul edilen 4+4+4 teklifi g\u00f6r\u00fc\u015fmelerinde ya\u015fananlar\u0131 hat\u0131rlatan K\u0131l\u0131\u00e7daro\u011flu, CHP\u2019li vekillerin tekmelendi\u011fini, yumrukland\u0131\u011f\u0131n\u0131, yerlerde tekmelendi\u011fini ifade ederek, \u015f\u00f6yle dedi:<\/p>\n<p style=\"text-align: justify;\">\u201cZorbal\u0131kla, al\u00e7akl\u0131kla darp edildiler. Milletvekili, milletin vekili, oy alm\u0131\u015f gelmi\u015f, g\u00f6r\u00fc\u015f\u00fcn\u00fc dile getirecek. Bu topraklarda yere d\u00fc\u015fene tekme at\u0131lmaz. Yere d\u00fc\u015fen kald\u0131r\u0131l\u0131r. Onlar\u0131n anlay\u0131\u015f\u0131na g\u00f6re yere d\u00fc\u015fene tekme at\u0131l\u0131r. Onlar\u0131n inan\u00e7lar\u0131 M\u00fcsl\u00fcmanl\u0131\u011f\u0131n engin ho\u015fg\u00f6r\u00fcs\u00fcyle ba\u011fda\u015fm\u0131yor. Bir kad\u0131na nas\u0131l tekme atars\u0131n\u0131z siz? Bu konuda tek bir laf bile etmedi Say\u0131n Ba\u015fbakan. \u0130nsan da biraz utanma olur, ar olur, haya olur biraz insanda.<\/p>\n<p style=\"text-align: justify;\"><strong>\u201cORMAN KANUNU GE\u00c7ERL\u0130 DEMEKT\u0130R\u201d\u00a0<\/strong><\/p>\n<p style=\"text-align: justify;\">Milletin temsilcileri AKP\u2019nin yanda\u015flar\u0131nca, milletvekillerince yumruklanacak, tekmelenecek. Daha \u00f6nce de dan\u0131\u015fmanlar\u0131n\u0131 getirmi\u015flerdi. Kimle gelirseniz gelin, nas\u0131l gelirseniz gelin, CHP\u2019yi susturamayacaks\u0131n\u0131z. Tekmelerin ya\u015fand\u0131\u011f\u0131 TBMM\u2019de d\u00fc\u015f\u00fcnceler ask\u0131ya al\u0131nm\u0131\u015f demektir. Kaba kuvvet var demektir, orman kanunu ge\u00e7erli demektir. Orman kanununun ge\u00e7erli oldu\u011fu TBMM olabilir mi? Bu memlekette e\u011fer milletvekili d\u00f6v\u00fcl\u00fcyorsa sokaktaki vatanda\u015f haydi haydi tekmelenip, d\u00f6v\u00fclecektir.\u201d<\/p>\n<p style=\"text-align: justify;\">\u201cBiz en hakl\u0131 ve en me\u015fru m\u00fcdafaam\u0131z\u0131 yap\u0131yoruz\u201d diyen K\u0131l\u0131\u00e7daro\u011flu, \u201c\u00c7\u00fcnk\u00fc akl\u0131m\u0131zla konu\u015fuyoruz biz. \u00c7\u00fcnk\u00fc biz \u015fiddeti reddediyoruz\u201d dedi.<\/p>\n<p style=\"text-align: justify;\"><strong>&#8220;DEMOKRAS\u0130 D\u00dc\u015eMANLARINA BU TOPLUMUN DERS VERMES\u0130N\u0130 \u0130ST\u0130YORUM\u201d\u00a0<\/strong><\/p>\n<p style=\"text-align: justify;\">\u201c\u015eiddet bile uygulasalar bizi yolumuzdan al\u0131koyamayacaklar\u201d diyen CHP Genel Ba\u015fkan\u0131, \u201cE\u011fer demokrasi d\u00fc\u015fmanlar\u0131 bu \u00fclkede milletvekillerini tekmelerse o demokrasi d\u00fc\u015fmanlar\u0131na bu toplumun ders vermesini istiyorum. \u015eikayetimizi milletimize yap\u0131yoruz. Konu\u015fan milletvekili susturulmamal\u0131\u201d diye konu\u015ftu.<\/p>\n<p style=\"text-align: justify;\">\u201cMillet size muhalefet partilerini tekmeleyin diye mi oy verdi?\u201d diye soran CHP Genel Ba\u015fkan\u0131, baz\u0131 ayd\u0131n ge\u00e7inenlerin oldu\u011funu ve CHP\u2019nin &#8220;muhalefet yapmad\u0131\u011f\u0131n\u0131&#8221; ifade ettiklerini belirterek, \u201cE\u011fer bir daha bu laf\u0131 ederseniz tekmelenen arkada\u015flar\u0131m\u0131za bak\u0131n ve vicdan\u0131n\u0131z\u0131 sorgulay\u0131n. Biz bu \u00fclkede demokrasi i\u00e7in, \u00f6zg\u00fcrl\u00fck i\u00e7in, insan haklar\u0131 i\u00e7in bedel \u00f6demek varsa, bedelini \u00f6demeye haz\u0131r\u0131z. Bunun i\u00e7in yola \u00e7\u0131kt\u0131k. Bedel \u00f6demekten korkmay\u0131z. Yanar\u0131z, tekmeleniriz ama kimse bizi yolumuzdan al\u0131koyamaz\u201d dedi.<\/p>\n<p style=\"text-align: justify;\">4+4+4 d\u00fczenlemesinin teklif olarak geldi\u011fini hat\u0131rlatan CHP Genel Ba\u015fkan\u0131, tasar\u0131 olarak gelmesi halinde bakanlar\u0131n baz\u0131lar\u0131n\u0131n imzalay\u0131p kar\u015f\u0131 m\u0131 \u00e7\u0131kacaklar\u0131n\u0131 sordu. K\u0131l\u0131\u00e7daro\u011flu, Ba\u015fbakan\u2019a, \u201c\u00c7\u0131k konu\u015f hangi bakan bunun alt\u0131na imza atmayacakt\u0131\u201d diye konu\u015ftu.<\/p>\n<p style=\"text-align: justify;\"><strong>\u201cORMANDA MI YET\u0130\u015eT\u0130N SEN, ORMAN KANUNU UYGULUYORSUN\u201d\u00a0<\/strong><\/p>\n<p style=\"text-align: justify;\">\u201cSorun Recep Tayyip Erdo\u011fan\u2019\u0131n kafas\u0131nda\u201d diyen CHP Genel Ba\u015fkan\u0131, Ba\u015fbakan Yard\u0131mc\u0131s\u0131 B\u00fclent Ar\u0131n\u00e7\u2019\u0131n, \u201cAKP\u2019li vekiller gelirler, s\u0131ralar\u0131 doldururlar, konu\u015fma s\u0131ralar\u0131n\u0131 al\u0131rlar\u201d s\u00f6zlerini an\u0131msatarak, \u015f\u00f6yle dedi: \u201cSay\u0131n Ar\u0131n\u00e7\u2019\u0131n arada bir do\u011frular\u0131 s\u00f6yledi\u011fini biliyorum. Size bu bilgiyi kim verdi? \u2018Konu\u015fma s\u0131ralar\u0131n\u0131 ald\u0131lar\u2019 diyor. \u0130\u015fte bu yalan. Size kim bu bilgiyi verdiyse yalan s\u00f6ylemi\u015f. Pazar g\u00fcn\u00fc kravats\u0131z, montlarla geldiler, \u00f6nceden yemek \u0131smarlanm\u0131\u015f 150 ki\u015fiye. Bir tek gelme gerek\u00e7eleri var; &#8216;Ben kaba kuvveti nas\u0131l uygular\u0131m&#8217;, kaba kuvvet i\u00e7in geldiler. Bug\u00fcn Ba\u015fbakan konu\u015fmu\u015f hangi dilden anl\u0131yorlarsa o dil. Biz hangi AKP milletvekilini yere yat\u0131r\u0131p tekmeledik Say\u0131n Ba\u015fbakan. \u00c7a\u011fd\u0131\u015f\u0131 d\u00fc\u015f\u00fcn\u00fcyorsun, geri kafal\u0131s\u0131n sen. Biz demokrasi dilinden s\u00f6z ediyoruz. Komisyon\u2019da hangi AKP milletvekiline yumruk att\u0131k biz, hangisinin bo\u011faz\u0131n\u0131 s\u0131kt\u0131k biz. Hangi dilden s\u00f6z ediyorsun sen? Ormanda m\u0131 yeti\u015ftin sen? Orman Kanunu uyguluyorsun. Say\u0131n B\u00fclent Ar\u0131n\u00e7\u2019a s\u00f6yl\u00fcyorum, kuldan utanm\u0131yorsak Allah\u2019tan korkal\u0131m, yalan s\u00f6ylemeyelim. Onlar konu\u015fmak i\u00e7in de\u011fil, CHP milletvekillerini darp etmeye geldiler.&#8221;<\/p>\n<p style=\"text-align: justify;\"><strong>M\u0130LL\u0130 E\u011e\u0130T\u0130M BAKANI\u2019NI ELE\u015eT\u0130RD\u0130\u00a0<\/strong><\/p>\n<p style=\"text-align: justify;\">Milli E\u011fitim Bakan\u0131\u2019n\u0131n, \u201cBir hafta i\u00e7inde onlar\u0131n orada oturmas\u0131 me\u015fru mu?\u201d dedi\u011fini belirten CHP Genel Ba\u015fkan\u0131, \u201cH\u0131rs\u0131zl\u0131kla beslenen bir insan intihal ile beslenen bir insan kafas\u0131nda demokrasi insana sayg\u0131 olabilir mi, olmaz\u201d dedi.<\/p>\n<p style=\"text-align: justify;\">8 y\u0131ll\u0131k kesintisiz e\u011fitimin g\u00f6r\u00fc\u015f\u00fcld\u00fc\u011f\u00fc Plan ve B\u00fct\u00e7e Komisyonu\u2019nun tutanaklar\u0131 hakk\u0131nda bilgi veren CHP Genel Ba\u015fkan\u0131, \u201cTekme yok, tokat yok, salon i\u015fgali yok, orman kanunu yok\u201d dedi.<\/p>\n<p style=\"text-align: justify;\"><strong>\u201cBEYEFEND\u0130 TAL\u0130MAT VER\u0130YOR, M\u0130L\u0130TANLARI GEL\u0130YOR\u201d\u00a0<\/strong><\/p>\n<p style=\"text-align: justify;\">Ba\u015fbakan\u2019\u0131n \u201cPazar g\u00fcn\u00fc \u00e7\u0131kacak\u201d diye talimat verdi\u011fini kaydeden CHP Genel Ba\u015fkan\u0131, \u201cBuras\u0131 yasama organ\u0131, demokrasilerde yasama organ\u0131na talimat verilmez. Beyefendi talimat veriyor. Militanlar\u0131 geliyor, salon i\u015fgalini yap\u0131yor, s\u00f6z hakk\u0131 verilmiyor. Yerde tekmeleniyor, oyland\u0131k deniyor ve ge\u00e7iliyor. Ve siz buna demokrasi diyeceksiniz. T\u00fcrkiye postmodern diktat\u00f6r\u00fcn oyuncak alan\u0131na d\u00f6nd\u00fc. Onun oyunca\u011f\u0131 gibi\u201d diye konu\u015ftu.<\/p>\n<p style=\"text-align: justify;\"><a href=\"http:\/\/siyaset.milliyet.com.tr\/aglayarak-kilicdaroglu-na-geldi\/siyaset\/siyasetdetay\/13.03.2012\/1514869\/default.htm\" target=\"_blank\">Kaynak : Milliyet.com.tr<\/a><\/p>\n","protected":false},"excerpt":{"rendered":"<p style=\"text-align: center;\">\n<p style=\"text-align: justify;\">CHP Genel Ba\u015fkan\u0131 Kemal K\u0131l\u0131\u00e7daro\u011flu, bug\u00fcn partsinin grup toplant\u0131s\u0131 sonras\u0131 ilgin\u00e7 bir olayla kar\u015f\u0131la\u015ft\u0131. A\u011flayarak yan\u0131na gelen ya\u015fl\u0131 kad\u0131n\u0131 teselli etmeye \u00e7al\u0131\u015fan K\u0131l\u0131\u00e7daro\u011flu ne yapaca\u011f\u0131n\u0131 \u015fa\u015f\u0131rd\u0131.<\/p>\n<p style=\"text-align: justify;\">80 ya\u015f\u0131ndaki ya\u015fl\u0131 kad\u0131n\u0131n CHP liderinden kay\u0131p olan \u00f6\u011fretmen o\u011flunun bulunmas\u0131n\u0131 istedi\u011fi \u00f6\u011frenildi &#8230;<\/p>\n","protected":false},"author":1,"featured_media":0,"comment_status":"open","ping_status":"open","sticky":false,"template":"","format":"standard","meta":{"footnotes":""},"categories":[105],"tags":[],"class_list":["post-49472","post","type-post","status-publish","format-standard","hentry","category-gundem","odd"],"_links":{"self":[{"href":"http:\/\/www.korhanyilmaz.com\/index.php?rest_route=\/wp\/v2\/posts\/49472","targetHints":{"allow":["GET"]}}],"collection":[{"href":"http:\/\/www.korhanyilmaz.com\/index.php?rest_route=\/wp\/v2\/posts"}],"about":[{"href":"http:\/\/www.korhanyilmaz.com\/index.php?rest_route=\/wp\/v2\/types\/post"}],"author":[{"embeddable":true,"href":"http:\/\/www.korhanyilmaz.com\/index.php?rest_route=\/wp\/v2\/users\/1"}],"replies":[{"embeddable":true,"href":"http:\/\/www.korhanyilmaz.com\/index.php?rest_route=%2Fwp%2Fv2%2Fcomments&post=49472"}],"version-history":[{"count":0,"href":"http:\/\/www.korhanyilmaz.com\/index.php?rest_route=\/wp\/v2\/posts\/49472\/revisions"}],"wp:attachment":[{"href":"http:\/\/www.korhanyilmaz.com\/index.php?rest_route=%2Fwp%2Fv2%2Fmedia&parent=49472"}],"wp:term":[{"taxonomy":"category","embeddable":true,"href":"http:\/\/www.korhanyilmaz.com\/index.php?rest_route=%2Fwp%2Fv2%2Fcategories&post=49472"},{"taxonomy":"post_tag","embeddable":true,"href":"http:\/\/www.korhanyilmaz.com\/index.php?rest_route=%2Fwp%2Fv2%2Ftags&post=49472"}],"curies":[{"name":"wp","href":"https:\/\/api.w.org\/{rel}","templated":true}]}}