{"id":49468,"date":"2012-03-13T20:39:43","date_gmt":"2012-03-13T18:39:43","guid":{"rendered":"http:\/\/www.korhanyilmaz.com\/?p=49468"},"modified":"2012-03-14T01:07:59","modified_gmt":"2012-03-13T23:07:59","slug":"sivas-davasindaki-zaman-asimi-birandi-cildirtti","status":"publish","type":"post","link":"http:\/\/www.korhanyilmaz.com\/?p=49468","title":{"rendered":"Sivas davas\u0131ndaki zaman a\u015f\u0131m\u0131 Birand&#8217;\u0131 \u00e7\u0131ld\u0131rtt\u0131!"},"content":{"rendered":"<p style=\"text-align: center;\"><a href=\"http:\/\/www.korhanyilmaz.com\/wp-content\/uploads\/2012\/03\/9137.jpg\"  class=\"lightview\"><img loading=\"lazy\" decoding=\"async\" class=\"aligncenter  wp-image-49469\" src=\"http:\/\/www.korhanyilmaz.com\/wp-content\/uploads\/2012\/03\/9137.jpg\" alt=\"\" width=\"354\" height=\"197\" \/><\/a><\/p>\n<p style=\"text-align: justify;\">Kanal D anchormani M. Ali Birand, mahkemenin Sivas davas\u0131ndaki karar\u0131n\u0131 ele\u015ftirirken zaman a\u015f\u0131m\u0131n\u0131n bir utan\u00e7 oldu\u011funu s\u00f6yledi.<\/p>\n<p style=\"text-align: justify;\">Sivas davas\u0131ndaki zamana\u015f\u0131m\u0131 karar\u0131ne gelen tepkiler ekrana da yans\u0131yor. Kanal D anchormani M. Ali Birand, mahkemenin karar\u0131n\u0131 ele\u015ftirirken zamana\u015f\u0131m\u0131n\u0131n bir utan\u00e7 oldu\u011funu s\u00f6yledi.\u00a0<!--more--><\/p>\n<p style=\"text-align: justify;\">Katliam\u0131n faillerinin b\u00fcy\u00fck \u00f6l\u00e7\u00fcde karanl\u0131kta kald\u0131\u011f\u0131n\u0131 hat\u0131rlatan Birand, mahkemenin karar\u0131na ate\u015f p\u00fcsk\u00fcrd\u00fc. Davan\u0131n A\u0130HM&#8217;den d\u00f6nece\u011fini savunan Birand &#8220;bu ay\u0131p bize yeter&#8221; dedi.<\/p>\n<p style=\"text-align: justify;\">&#8220;Bu sonu\u00e7 hepimizi kahretti. Tam 35 ki\u015fi cay\u0131r cay\u0131r yanarak \u00f6ld\u00fcr\u00fcl\u00fcyor ve biz &#8216;hay Allah yakanlar\u0131 bulamad\u0131k, yeterli delil \u00e7\u0131kmad\u0131&#8217; deyip zaman a\u015f\u0131m\u0131na u\u011frat\u0131yoruz. Oysa bir otele t\u0131kanm\u0131\u015f insanlar\u0131 yakarak \u00f6ld\u00fcrmek ve bunu sloganlar atarak izlemek bir insanl\u0131k su\u00e7udur. Say\u0131n hakimler hi\u00e7 kusura bakmas\u0131nlar. Demi\u015fler ki &#8216;bu su\u00e7u i\u015fleyenler kamu g\u00f6revlisi olmad\u0131\u011f\u0131 i\u00e7in insanl\u0131k su\u00e7u say\u0131lmazm\u0131\u015f&#8217;. Vah vah vah&#8230; Vallahi bravo! Zaman a\u015f\u0131m\u0131 diye bir \u015fey yoktur insanl\u0131k su\u00e7lar\u0131nda. Adalet Bakanl\u0131\u011f\u0131 her \u00e7arp\u0131kl\u0131\u011f\u0131 d\u00fczeltmekle \u00f6v\u00fcn\u00fcyor. Hadi \u015fimdi bu \u00e7arp\u0131kl\u0131\u011f\u0131 da d\u00fczeltsin. Adaletimiz de \u00e7unu \u00e7ok iyi bilsin. Birincisi bu dava A\u0130HM&#8217;den d\u00f6necektir. \u0130kincisi bu dava \u00fclkenin vicdan\u0131n\u0131 karartm\u0131\u015ft\u0131r. B\u00f6yle bir sonu\u00e7 hepimiz i\u00e7in b\u00fcy\u00fck bir ay\u0131pt\u0131r&#8230;&#8221;<\/p>\n<p style=\"text-align: justify;\">[flv]http:\/\/milliyet.cubecdn.net\/2012\/03\/13\/80319.flv[\/flv]<\/p>\n<p style=\"text-align: justify;\"><a href=\"http:\/\/gundem.milliyet.com.tr\/sivas-davasindaki-zaman-asimi-birand-i-cildirtti-\/gundem\/gundemdetay\/13.03.2012\/1514933\/default.htm\" target=\"_blank\">Kaynak : Milliyet.com.tr<\/a><\/p>\n","protected":false},"excerpt":{"rendered":"<p style=\"text-align: center;\">\n<p style=\"text-align: justify;\">Kanal D anchormani M. Ali Birand, mahkemenin Sivas davas\u0131ndaki karar\u0131n\u0131 ele\u015ftirirken zaman a\u015f\u0131m\u0131n\u0131n bir utan\u00e7 oldu\u011funu s\u00f6yledi.<\/p>\n<p style=\"text-align: justify;\">Sivas davas\u0131ndaki zamana\u015f\u0131m\u0131 karar\u0131ne gelen tepkiler ekrana da yans\u0131yor. Kanal D anchormani M. Ali Birand, mahkemenin karar\u0131n\u0131 ele\u015ftirirken zamana\u015f\u0131m\u0131n\u0131n bir utan\u00e7 oldu\u011funu s\u00f6yledi. <\/p>\n","protected":false},"author":1,"featured_media":0,"comment_status":"open","ping_status":"open","sticky":false,"template":"","format":"standard","meta":{"footnotes":""},"categories":[105],"tags":[],"class_list":["post-49468","post","type-post","status-publish","format-standard","hentry","category-gundem","odd"],"_links":{"self":[{"href":"http:\/\/www.korhanyilmaz.com\/index.php?rest_route=\/wp\/v2\/posts\/49468","targetHints":{"allow":["GET"]}}],"collection":[{"href":"http:\/\/www.korhanyilmaz.com\/index.php?rest_route=\/wp\/v2\/posts"}],"about":[{"href":"http:\/\/www.korhanyilmaz.com\/index.php?rest_route=\/wp\/v2\/types\/post"}],"author":[{"embeddable":true,"href":"http:\/\/www.korhanyilmaz.com\/index.php?rest_route=\/wp\/v2\/users\/1"}],"replies":[{"embeddable":true,"href":"http:\/\/www.korhanyilmaz.com\/index.php?rest_route=%2Fwp%2Fv2%2Fcomments&post=49468"}],"version-history":[{"count":0,"href":"http:\/\/www.korhanyilmaz.com\/index.php?rest_route=\/wp\/v2\/posts\/49468\/revisions"}],"wp:attachment":[{"href":"http:\/\/www.korhanyilmaz.com\/index.php?rest_route=%2Fwp%2Fv2%2Fmedia&parent=49468"}],"wp:term":[{"taxonomy":"category","embeddable":true,"href":"http:\/\/www.korhanyilmaz.com\/index.php?rest_route=%2Fwp%2Fv2%2Fcategories&post=49468"},{"taxonomy":"post_tag","embeddable":true,"href":"http:\/\/www.korhanyilmaz.com\/index.php?rest_route=%2Fwp%2Fv2%2Ftags&post=49468"}],"curies":[{"name":"wp","href":"https:\/\/api.w.org\/{rel}","templated":true}]}}