{"id":49463,"date":"2012-03-13T23:50:44","date_gmt":"2012-03-13T21:50:44","guid":{"rendered":"http:\/\/www.korhanyilmaz.com\/?p=49463"},"modified":"2012-03-14T00:35:27","modified_gmt":"2012-03-13T22:35:27","slug":"tutuklanacak-birey-avina-cikilan-ulkede-dusunce-ozgurlugu-olmaz","status":"publish","type":"post","link":"http:\/\/www.korhanyilmaz.com\/?p=49463","title":{"rendered":"&#8220;Tutuklanacak birey av\u0131na \u00e7\u0131k\u0131lan \u00fclkede d\u00fc\u015f\u00fcnce \u00f6zg\u00fcrl\u00fc\u011f\u00fc olmaz&#8221;"},"content":{"rendered":"<p style=\"text-align: center;\"><a href=\"http:\/\/www.korhanyilmaz.com\/wp-content\/uploads\/2012\/03\/9136.jpg\"  class=\"lightview\"><img loading=\"lazy\" decoding=\"async\" class=\"aligncenter  wp-image-49465\" src=\"http:\/\/www.korhanyilmaz.com\/wp-content\/uploads\/2012\/03\/9136.jpg\" alt=\"\" width=\"200\" height=\"200\" \/><\/a><\/p>\n<p style=\"text-align: justify;\">Ankara Barosu, &#8220;Adeta tutuklanacak birey av\u0131na \u00e7\u0131k\u0131lan bir \u00fclkede&#8221; d\u00fc\u015f\u00fcnce \u00f6zg\u00fcrl\u00fc\u011f\u00fcn\u00fcn olamayaca\u011f\u0131n\u0131 vurgularken, &#8220;Haks\u0131z tutuklama eziyetine son verilip, tutuklama kurumu \u00e7a\u011fda\u015f standartlarda uygulan\u0131r hale getirilmedik\u00e7e \u00f6zg\u00fcrl\u00fck\u00e7\u00fc bir rejimden bahsedilemez&#8221; a\u00e7\u0131klamas\u0131nda bulundu.<\/p>\n<p style=\"text-align: justify;\">Ankara- Ankara Barosu&#8217;ndan yap\u0131lan yaz\u0131l\u0131 a\u00e7\u0131klamada, 375 g\u00fcn boyunca tutuklu yarg\u0131lanan gazeteciler Nedim \u015eener, Ahmet \u015e\u0131k ile Sait \u00c7ak\u0131r ve Co\u015fkun Musluk&#8217;un tahliyelerini savunman\u0131n temsilcisi avukatlar ve T\u00fcrkiye&#8217;de demokrasi, insan haklar\u0131 ve hukukun \u00fcst\u00fcnl\u00fc\u011f\u00fcne inanan bireyler olarak memnuniyetle kar\u015f\u0131land\u0131\u011f\u0131 belirtildi.<!--more--><\/p>\n<p style=\"text-align: justify;\">&#8220;Demokrasi ve ifade \u00f6zg\u00fcrl\u00fc\u011f\u00fc ad\u0131na bir d\u00f6n\u00fcm noktas\u0131 olmas\u0131n\u0131 umut etti\u011fimiz tahliyelerin, gerek\u00e7eden yoksun kararlarla tutuklanan avukatlar, di\u011fer gazeteciler, \u00fcniversite \u00f6\u011fretim \u00fcyeleri, doktorlar, sendikac\u0131lar ve d\u00fc\u015f\u00fcncesini ifade etti\u011fi i\u00e7in tarifsiz bask\u0131lar g\u00f6ren herkes a\u00e7\u0131s\u0131ndan uygulanmas\u0131n\u0131 bekliyoruz&#8221; denilen a\u00e7\u0131klamada, \u015f\u00f6yle devam edildi:<\/p>\n<p style=\"text-align: justify;\">&#8220;\u00c7\u00fcnk\u00fc: Adeta tutuklanacak birey av\u0131na \u00e7\u0131k\u0131lan bir \u00fclkede, d\u00fc\u015f\u00fcnce \u00f6zg\u00fcrl\u00fc\u011f\u00fc olamaz. Haks\u0131z tutuklama eziyetine son verilip, tutuklama kurumu \u00e7a\u011fda\u015f standartlarda uygulan\u0131r hale getirilmedik\u00e7e \u00f6zg\u00fcrl\u00fck\u00e7\u00fc bir rejimden bahsedilemez. Kald\u0131r\u0131ld\u0131 denilen Devlet G\u00fcvenlik Mahkemelerinin, \u00d6zel G\u00f6revli Mahkemeler ad\u0131yla devam etti\u011fi bir \u00fclkede, ki\u015fi g\u00fcvenli\u011fi olmaz. \u00dclkemizin demokrasiye kavu\u015fabilmesi i\u00e7in kanunlardan \u00f6nce zihinlerin de\u011fi\u015fmesi, h\u00fcr d\u00fc\u015f\u00fcnceden korkulmamas\u0131 gerekti\u011finin herkes\u00e7e kabul edilmesi gereklidir. \u00d6zel G\u00f6revli A\u011f\u0131r Ceza Mahkemelerinin T\u00fcrk Hukuk d\u00fczeninden \u00e7\u0131kar\u0131lmas\u0131n\u0131n zorunlu oldu\u011fu konusunda herhangi bir teredd\u00fct yoktur. Demokrasiye inanan herkes a\u00e7\u0131s\u0131ndan ortak olan bu g\u00f6r\u00fc\u015f\u00fc, yine demokratik yollardan hayata ge\u00e7irme g\u00fcn\u00fc \u00e7oktan gelmi\u015ftir.&#8221;<\/p>\n<p style=\"text-align: justify;\"><a href=\"http:\/\/www.cumhuriyet.com.tr\/?hn=322084\" target=\"_blank\">Kaynak : Cumhuriyet Haber Portal\u0131<\/a><\/p>\n","protected":false},"excerpt":{"rendered":"<p style=\"text-align: center;\">\n<p style=\"text-align: justify;\">Ankara Barosu, &#8220;Adeta tutuklanacak birey av\u0131na \u00e7\u0131k\u0131lan bir \u00fclkede&#8221; d\u00fc\u015f\u00fcnce \u00f6zg\u00fcrl\u00fc\u011f\u00fcn\u00fcn olamayaca\u011f\u0131n\u0131 vurgularken, &#8220;Haks\u0131z tutuklama eziyetine son verilip, tutuklama kurumu \u00e7a\u011fda\u015f standartlarda uygulan\u0131r hale getirilmedik\u00e7e \u00f6zg\u00fcrl\u00fck\u00e7\u00fc bir rejimden bahsedilemez&#8221; a\u00e7\u0131klamas\u0131nda bulundu.<\/p>\n<p style=\"text-align: justify;\">Ankara- Ankara Barosu&#8217;ndan yap\u0131lan yaz\u0131l\u0131 a\u00e7\u0131klamada, 375 g\u00fcn boyunca tutuklu yarg\u0131lanan gazeteciler Nedim \u015eener, Ahmet \u015e\u0131k ile <\/p>\n","protected":false},"author":1,"featured_media":0,"comment_status":"open","ping_status":"open","sticky":false,"template":"","format":"standard","meta":{"footnotes":""},"categories":[105],"tags":[],"class_list":["post-49463","post","type-post","status-publish","format-standard","hentry","category-gundem","odd"],"_links":{"self":[{"href":"http:\/\/www.korhanyilmaz.com\/index.php?rest_route=\/wp\/v2\/posts\/49463","targetHints":{"allow":["GET"]}}],"collection":[{"href":"http:\/\/www.korhanyilmaz.com\/index.php?rest_route=\/wp\/v2\/posts"}],"about":[{"href":"http:\/\/www.korhanyilmaz.com\/index.php?rest_route=\/wp\/v2\/types\/post"}],"author":[{"embeddable":true,"href":"http:\/\/www.korhanyilmaz.com\/index.php?rest_route=\/wp\/v2\/users\/1"}],"replies":[{"embeddable":true,"href":"http:\/\/www.korhanyilmaz.com\/index.php?rest_route=%2Fwp%2Fv2%2Fcomments&post=49463"}],"version-history":[{"count":0,"href":"http:\/\/www.korhanyilmaz.com\/index.php?rest_route=\/wp\/v2\/posts\/49463\/revisions"}],"wp:attachment":[{"href":"http:\/\/www.korhanyilmaz.com\/index.php?rest_route=%2Fwp%2Fv2%2Fmedia&parent=49463"}],"wp:term":[{"taxonomy":"category","embeddable":true,"href":"http:\/\/www.korhanyilmaz.com\/index.php?rest_route=%2Fwp%2Fv2%2Fcategories&post=49463"},{"taxonomy":"post_tag","embeddable":true,"href":"http:\/\/www.korhanyilmaz.com\/index.php?rest_route=%2Fwp%2Fv2%2Ftags&post=49463"}],"curies":[{"name":"wp","href":"https:\/\/api.w.org\/{rel}","templated":true}]}}