{"id":49460,"date":"2012-03-13T17:35:11","date_gmt":"2012-03-13T15:35:11","guid":{"rendered":"http:\/\/www.korhanyilmaz.com\/?p=49460"},"modified":"2012-03-14T00:32:13","modified_gmt":"2012-03-13T22:32:13","slug":"olen-iscilere-sigorta-yapildi","status":"publish","type":"post","link":"http:\/\/www.korhanyilmaz.com\/?p=49460","title":{"rendered":"\u00d6len i\u015f\u00e7ilere sigorta yap\u0131ld\u0131!"},"content":{"rendered":"<p style=\"text-align: center;\"><a href=\"http:\/\/www.korhanyilmaz.com\/wp-content\/uploads\/2012\/03\/9135.jpg\"  class=\"lightview\"><img loading=\"lazy\" decoding=\"async\" class=\"aligncenter  wp-image-49461\" src=\"http:\/\/www.korhanyilmaz.com\/wp-content\/uploads\/2012\/03\/9135.jpg\" alt=\"\" width=\"276\" height=\"207\" \/><\/a><\/p>\n<p style=\"text-align: justify;\">CHP \u0130stanbul Milletvekili S\u00fcleyman \u00c7elebi, \u0130stanbul&#8217;da kald\u0131klar\u0131 \u00e7ad\u0131rda yanarak \u00f6len iki i\u015f\u00e7inin, \u00f6ld\u00fckten sonra sigortal\u0131 yap\u0131ld\u0131\u011f\u0131n\u0131 ileri s\u00fcrd\u00fc.<\/p>\n<p style=\"text-align: justify;\">Ankara- CHP \u0130stanbul Milletvekili S\u00fcleyman \u00c7elebi, \u0130stanbul&#8217;da kald\u0131klar\u0131 \u00e7ad\u0131rda yanarak \u00f6len i\u015f\u00e7ilerden \u00c7etin Co\u015fkun ve Sevdin \u00d6zen&#8217;in, i\u015fe giri\u015f tarihin 11 Mart 2012 oldu\u011funu savunarak, elinde SGK belgesi oldu\u011funu s\u00f6yledi\u011fi ka\u011f\u0131d\u0131 g\u00f6stererek, &#8221;Sosyal G\u00fcvenlik pazar g\u00fcn\u00fc \u00e7al\u0131\u015f\u0131yor, belge veriyor; bu arkada\u015flar\u0131n \u00f6ld\u00fckten sonra i\u015fba\u015f\u0131s\u0131n\u0131 veriyor, sigortal\u0131 yapm\u0131\u015f oluyor&#8221; dedi.\u00a0<!--more--><\/p>\n<p style=\"text-align: justify;\">AKP \u0130stanbul Milletvekili Mehmet Doma\u00e7, \u00f6nerinin aleyhinde yapt\u0131\u011f\u0131 konu\u015fmada, T\u00fcrkiye&#8217;de i\u015f kazalar\u0131 ve meslek hastal\u0131klar\u0131n\u0131n azalmas\u0131 i\u00e7in i\u015fsa\u011fl\u0131\u011f\u0131 ve g\u00fcvenli\u011fi kanununa ihtiya\u00e7 oldu\u011funu belirtti. Doma\u00e7, \u00c7al\u0131\u015fma ve Sosyal G\u00fcvenlik Bakanl\u0131\u011f\u0131n\u0131n, bu d\u00fczenlemeyi Bakanlar Kuruluna sundu\u011funu bildirerek, tasla\u011f\u0131n, \u00f6nleyici yakla\u015f\u0131m\u0131 esas ald\u0131\u011f\u0131n\u0131, i\u015f kazas\u0131 olmadan \u00f6nce \u00f6nlem almay\u0131 ama\u00e7lad\u0131\u011f\u0131n\u0131 kaydetti. Doma\u00e7, tasla\u011f\u0131n, i\u015fyerinde \u00e7al\u0131\u015fanlar\u0131n, sa\u011fl\u0131k g\u00fcvenli\u011fini etkileyecek tehlikelerin belirlenerek gerekli \u00f6nlemlerin al\u0131nmas\u0131n\u0131 \u00f6ng\u00f6rd\u00fc\u011f\u00fcn\u00fc kaydetti.<\/p>\n<p style=\"text-align: justify;\">Doma\u00e7, d\u00fczenlemenin, hayati tehlike durumunda, tehlike giderilinceye kadar tehlikeli b\u00f6lge veya i\u015fin, k\u0131smen ya da tamamen durdurulmas\u0131 esas\u0131n\u0131 getirdi\u011fini, i\u015fyerlerinin, tehlikelerine g\u00f6re s\u0131n\u0131fland\u0131r\u0131ld\u0131\u011f\u0131n\u0131 s\u00f6yledi.<\/p>\n<p style=\"text-align: justify;\">AKP \u015eanl\u0131urfa Milletvekili Mahmut Ka\u00e7ar da tasla\u011f\u0131n, \u00e7a\u011fda\u015f \u00fclkelere \u00f6rnek olaca\u011f\u0131n\u0131 ifade etti. Ka\u00e7ar, 50&#8217;nin alt\u0131nda i\u015f\u00e7i \u00e7al\u0131\u015fan yerlerde, i\u015fsa\u011fl\u0131\u011f\u0131 ve g\u00fcvenli\u011fiyle ilgili ciddi mevzuat\u0131n bulunmad\u0131\u011f\u0131n\u0131 belirterek, taslakla bu t\u00fcr i\u015fyerlerinde de \u00f6nlemlerin zorunlu hale getirildi\u011fini kaydetti.<\/p>\n<p style=\"text-align: justify;\">Ka\u00e7ar, \u00e7al\u0131\u015fanlar\u0131n hayat seviyesini y\u00fckseltecek \u00f6nlemleri alma, \u00e7al\u0131\u015fma bar\u0131\u015f\u0131n\u0131 sa\u011flaman\u0131n, H\u00fck\u00fcmetin \u00f6ncelikleri aralar\u0131nda yer ald\u0131\u011f\u0131n\u0131 dile getirdi.<\/p>\n<p style=\"text-align: justify;\">Konu\u015fmalar\u0131n ard\u0131ndan BDP&#8217;nin grup \u00f6nerisi kabul edilmedi.<\/p>\n<p style=\"text-align: justify;\"><a href=\"http:\/\/www.cumhuriyet.com.tr\/?hn=322032\" target=\"_blank\">Kaynak : Cumhuriyet Haber Portal\u0131<\/a><\/p>\n","protected":false},"excerpt":{"rendered":"<p style=\"text-align: center;\">\n<p style=\"text-align: justify;\">CHP \u0130stanbul Milletvekili S\u00fcleyman \u00c7elebi, \u0130stanbul&#8217;da kald\u0131klar\u0131 \u00e7ad\u0131rda yanarak \u00f6len iki i\u015f\u00e7inin, \u00f6ld\u00fckten sonra sigortal\u0131 yap\u0131ld\u0131\u011f\u0131n\u0131 ileri s\u00fcrd\u00fc.<\/p>\n<p style=\"text-align: justify;\">Ankara- CHP \u0130stanbul Milletvekili S\u00fcleyman \u00c7elebi, \u0130stanbul&#8217;da kald\u0131klar\u0131 \u00e7ad\u0131rda yanarak \u00f6len i\u015f\u00e7ilerden \u00c7etin Co\u015fkun ve Sevdin \u00d6zen&#8217;in, i\u015fe giri\u015f tarihin 11 Mart 2012 oldu\u011funu savunarak, elinde SGK belgesi oldu\u011funu s\u00f6yledi\u011fi <\/p>\n","protected":false},"author":1,"featured_media":0,"comment_status":"open","ping_status":"open","sticky":false,"template":"","format":"standard","meta":{"footnotes":""},"categories":[105],"tags":[],"class_list":["post-49460","post","type-post","status-publish","format-standard","hentry","category-gundem","odd"],"_links":{"self":[{"href":"http:\/\/www.korhanyilmaz.com\/index.php?rest_route=\/wp\/v2\/posts\/49460","targetHints":{"allow":["GET"]}}],"collection":[{"href":"http:\/\/www.korhanyilmaz.com\/index.php?rest_route=\/wp\/v2\/posts"}],"about":[{"href":"http:\/\/www.korhanyilmaz.com\/index.php?rest_route=\/wp\/v2\/types\/post"}],"author":[{"embeddable":true,"href":"http:\/\/www.korhanyilmaz.com\/index.php?rest_route=\/wp\/v2\/users\/1"}],"replies":[{"embeddable":true,"href":"http:\/\/www.korhanyilmaz.com\/index.php?rest_route=%2Fwp%2Fv2%2Fcomments&post=49460"}],"version-history":[{"count":0,"href":"http:\/\/www.korhanyilmaz.com\/index.php?rest_route=\/wp\/v2\/posts\/49460\/revisions"}],"wp:attachment":[{"href":"http:\/\/www.korhanyilmaz.com\/index.php?rest_route=%2Fwp%2Fv2%2Fmedia&parent=49460"}],"wp:term":[{"taxonomy":"category","embeddable":true,"href":"http:\/\/www.korhanyilmaz.com\/index.php?rest_route=%2Fwp%2Fv2%2Fcategories&post=49460"},{"taxonomy":"post_tag","embeddable":true,"href":"http:\/\/www.korhanyilmaz.com\/index.php?rest_route=%2Fwp%2Fv2%2Ftags&post=49460"}],"curies":[{"name":"wp","href":"https:\/\/api.w.org\/{rel}","templated":true}]}}