{"id":49456,"date":"2012-03-13T12:18:59","date_gmt":"2012-03-13T10:18:59","guid":{"rendered":"http:\/\/www.korhanyilmaz.com\/?p=49456"},"modified":"2012-03-13T23:01:46","modified_gmt":"2012-03-13T21:01:46","slug":"o-fotografi-savundu-arkadasimiz-yardim-ediyordu","status":"publish","type":"post","link":"http:\/\/www.korhanyilmaz.com\/?p=49456","title":{"rendered":"O foto\u011fraf\u0131 savundu: Arkada\u015f\u0131m\u0131z yard\u0131m ediyordu"},"content":{"rendered":"<p style=\"text-align: center;\"><a href=\"http:\/\/www.korhanyilmaz.com\/wp-content\/uploads\/2012\/03\/9134.jpg\"  class=\"lightview\"><img loading=\"lazy\" decoding=\"async\" class=\"aligncenter  wp-image-49457\" src=\"http:\/\/www.korhanyilmaz.com\/wp-content\/uploads\/2012\/03\/9134.jpg\" alt=\"\" width=\"336\" height=\"223\" \/><\/a><\/p>\n<p style=\"text-align: justify;\">Ba\u015fbakan Erdo\u011fan, e\u011fitimde &#8216;4+4+4&#8217; d\u00fczenlemesinin tart\u0131\u015f\u0131ld\u0131\u011f\u0131 Meclis komisyonunda ya\u015fananlarla ilgili CHP lideri K\u0131l\u0131\u00e7daro\u011flu&#8217;nu sert s\u00f6zlerle ele\u015ftirdi.<\/p>\n<p style=\"text-align: justify;\">Partisinin grup toplant\u0131s\u0131nda konu\u015fan Ba\u015fbakan Recep Tayyip Erdo\u011fan, CHP&#8217;yi ve CHP Genel Ba\u015fkan\u0131 Kemal K\u0131l\u0131\u00e7daro\u011flu&#8217;nu &#8216;elitist, vesayet\u00e7i ve jakoben anlay\u0131\u015f\u0131 a\u015famad\u0131\u011f\u0131n\u0131&#8217; s\u00f6yledi.\u00a0<!--more--><\/p>\n<p style=\"text-align: justify;\">Ba\u015fbakan Erdo\u011fan&#8217;\u0131n konu\u015fmas\u0131n\u0131n sat\u0131rba\u015flar\u0131 \u015f\u00f6yle:<\/p>\n<p style=\"text-align: justify;\">&#8220;Milyarlarca lira k\u00e2r elde edenlerin al\u0131n teriyle ge\u00e7inen i\u015f\u00e7ilerin hayat\u0131n\u0131 hi\u00e7e saymas\u0131n\u0131, onlar\u0131n hayat\u0131n\u0131 bu kadar ucuz g\u00f6rmesini asla kabul etmeyiz. Esenyurt&#8217;taki ac\u0131 hadisenin ayd\u0131nl\u0131\u011fa kavu\u015fturulmas\u0131n\u0131n yak\u0131n takip\u00e7isiyiz. Olay yerinde ilk incelemeler yap\u0131ld\u0131. Sorumlulu\u011fu bulunanlar en k\u0131sa s\u00fcrede adalete teslim edilecekler. Bunun tekrar etmemesi, ba\u015fka i\u015f\u00e7ilerin hayat\u0131n\u0131 kaybetmemesi i\u00e7in tedbirleri daha da s\u0131k\u0131la\u015ft\u0131raca\u011f\u0131z. Gerekli talimatlar\u0131 verdim. \u0130\u015f kazalar\u0131n\u0131 ve meslek hastal\u0131klar\u0131n\u0131 minimuma indirmek i\u00e7in \u00e7ok daha kararl\u0131 tedbirleri hayata ge\u00e7irece\u011fiz.&#8221;<\/p>\n<p style=\"text-align: justify;\">&#8220;Son be\u015f g\u00fcnd\u00fcr \u015fu ana kadar 23 Gazzeli karde\u015fimiz hayat\u0131n\u0131 kaybetti. Hayat hakk\u0131 elinden al\u0131nan nice insan\u0131n kendi vatan\u0131nda bir mezar hakk\u0131 dahi bulunmuyor. Filistin&#8217;de 20. y\u00fczy\u0131l\u0131n ba\u015f\u0131ndan itibaren yava\u015f ama sistematik bir katliam y\u00fcr\u00fct\u00fcl\u00fcyor. Filistin&#8217;de, Suriye&#8217;de insanl\u0131k hakk\u0131 ayaklar alt\u0131na al\u0131n\u0131yor. Uluslararas\u0131 \u00f6rg\u00fctlerin harekete ge\u00e7mesi gerekti\u011fini, samimi ad\u0131mlar at\u0131lmas\u0131 gerekti\u011fini ifade ettik. B\u00fct\u00fcn uyar\u0131lar\u0131m\u0131za ra\u011fmen Ortado\u011fu&#8217;da kan akmaya, \u00e7ocuklar katledilmeye devam ediyor. Bu katliam\u0131n durmas\u0131 i\u00e7in ger\u00e7ekleri dillendirmeye devam edece\u011fiz. \u0130srail halk\u0131na soyk\u0131r\u0131m ma\u011fduru bir millet olan \u0130srail vatanda\u015flar\u0131na Filistin&#8217;e y\u00f6nelik soyk\u0131r\u0131m giri\u015fimine dur demeleri \u00e7a\u011fr\u0131s\u0131nda bulunuyorum. Devlet ter\u00f6r\u00fcne dur demeleri \u00e7a\u011fr\u0131s\u0131nda bulunuyorum. Baz\u0131 medya gruplar\u0131n\u0131n Gazzeli direni\u015f\u00e7ileri militan olarak takdim etmelerini anlamakta zorlan\u0131yorum. Gazze&#8217;deki direni\u015f\u00e7iler asla ter\u00f6rist de\u011fildir. Onlar topraklar\u0131n\u0131n korunmas\u0131 m\u00fccadelesi veren direni\u015f\u00e7ilerdir.&#8221;<\/p>\n<p style=\"text-align: justify;\"><strong>&#8216;SARKOZY&#8217;N\u0130N TAVRI TEHL\u0130KEL\u0130&#8217;<\/strong><\/p>\n<p style=\"text-align: justify;\">&#8220;Erdo\u011fan konu\u015fmas\u0131nda Fransa Cumhurba\u015fkan\u0131 Nicolas Sarkozy&#8217;ye de mesaj verdi. Erdo\u011fan, &#8220;Bu hassas s\u00fcre\u00e7te baz\u0131 \u00fclke devlet ba\u015fkanlar\u0131n\u0131n da son derece sorumsuz, tehlikeli tutum tak\u0131nd\u0131klar\u0131n\u0131 g\u00f6r\u00fcyoruz. Sarkozy 1915 olaylar\u0131n\u0131 se\u00e7im malzemesi olarak g\u00fcndeme getirdi\u011finde bunun ayr\u0131mc\u0131 bir giri\u015fim oldu\u011funu ifade etmi\u015ftik. Sarkozy daha tehlikeli bir tav\u0131r izlemeye ba\u015flad\u0131. Fransa&#8217;da devlet ba\u015fkanl\u0131\u011f\u0131 se\u00e7imleri \u00f6ncesinde bizzat devlet ba\u015fkanl\u0131\u011f\u0131 taraf\u0131ndan yabanc\u0131 d\u00fc\u015fmanl\u0131\u011f\u0131 pervas\u0131zca tahrik ediliyor. \u00dclkesindeki yabanc\u0131lara y\u00f6nelik tehdiktar a\u00e7\u0131klamalar\u0131, AB&#8217;nin evrensel de\u011ferlerini hedef alan son derece tehlikeli a\u00e7\u0131klamalard\u0131r. Fransa&#8217;da yabanc\u0131 d\u00fc\u015fmanl\u0131\u011f\u0131n\u0131n sergilenmesi insanl\u0131k ad\u0131na utan\u00e7 verici bir geli\u015fmedir. Se\u00e7im kazanmak u\u011fruna yabanc\u0131 d\u00fc\u015fmanl\u0131\u011f\u0131n\u0131, islamafobiay\u0131 k\u00f6r\u00fcklemek \u00e7ok b\u00fcy\u00fck sorumsuzluktur&#8221; diye konu\u015ftu.<\/p>\n<p style=\"text-align: justify;\">Erdo\u011fan, Meclis&#8217;te kavgal\u0131 ge\u00e7en 4+4+4 yasa teklifiyle ilgili olarak \u015funlar\u0131 kaydetti:<\/p>\n<p style=\"text-align: justify;\">&#8220;Maruz kald\u0131klar\u0131 sald\u0131r\u0131lardan dolay\u0131 vekillere ge\u00e7mi\u015f olsun dileklerimi iletiyorum. CHP&#8217;nin \u015fiddete dayal\u0131 tahrikkar ve zorbal\u0131k \u00fczerine kurulu muhalefetine de\u011finmeden \u00f6nce e\u011fitime ili\u015fkin birka\u00e7 hususu payla\u015fmak istiyorum. Dikta rejimleri tarih boyunca e\u011fitimi, okullar\u0131 kendileri i\u00e7in bir kaynak olarak g\u00f6rd\u00fcler. Diktat\u00f6rler i\u00e7in farkl\u0131l\u0131k her zaman tehlikeli olmu\u015ftur. Okullar\u0131 bir formatlama merkezi olarak g\u00f6rm\u00fc\u015ft\u00fcr. 1940&#8217;l\u0131 y\u0131llarda okullar\u0131n k\u0131\u015fla mant\u0131\u011f\u0131yla nas\u0131l dizayn edildi\u011fini, nas\u0131l tek tip \u00e7ocuk yeti\u015ftirme faaliyetinin y\u00fcr\u00fct\u00fcld\u00fc\u011f\u00fcn\u00fc bu millet iliklerine kadar ya\u015fad\u0131. CHP bu \u00fclkede Kur&#8217;an kurslar\u0131n\u0131 kapatt\u0131. CHP bu \u00fclkede camileri kapatt\u0131. Hay\u0131r desinler, belgeleri var. CHP milletin dinini \u00f6\u011frenmek i\u00e7in okudu\u011fu en temel eserleri, Elif Ba c\u00fczlerini yasaklad\u0131, toplatt\u0131rd\u0131. B\u0131rak\u0131n\u0131z camileri evlerde dahi \u00e7ocuklar\u0131n din e\u011fitimi almalar\u0131n\u0131n \u00f6n\u00fcne ge\u00e7ildi. Evlerden toplanan kitaplar yak\u0131ld\u0131.&#8221;<\/p>\n<p style=\"text-align: justify;\">&#8220;CHP kendi ideolojisi d\u0131\u015f\u0131ndaki her bilgiye engel koydu. Ezan\u0131 T\u00fcrk\u00e7e okutma yar\u0131\u015f\u0131na giren bu CHP zihniyeti de\u011fil mi? Ezan\u0131 farkl\u0131 yap\u0131ya kayd\u0131rmak isteyen CHP zihniyeti de\u011fil mi? CHP Genel Ba\u015fkan\u0131 ciddi gel-gitler ya\u015f\u0131yor. Buna bizde \u015f\u00f6yle denir, Elma \u015fekeri politikas\u0131. Partisi i\u00e7indeki stat\u00fckoculara da de\u011fi\u015fimcilere de elma \u015fekeri da\u011f\u0131tmaya \u00e7al\u0131\u015f\u0131yor. Kendi partisinin genel kurulundaki dosyay\u0131 almay\u0131p, tekme tokat a\u011fz\u0131na burnuna vurarak d\u0131\u015far\u0131 at\u0131yorlar. Dersim katliam\u0131yla da gurur duyuyor musun? Yasaklad\u0131\u011f\u0131n\u0131z kitaplardan dolay\u0131 gurur duyuyor musun? Bu \u00fclkenin kanaat \u00f6nderlerini ipe \u00e7ekti\u011finiz i\u00e7in gurur duyuyor musun? Say\u0131n K\u0131l\u0131\u00e7daro\u011flu ba\u015f\u00f6rt\u00fcs\u00fc yasa\u011f\u0131ndan dolay\u0131 gurur duyuyor musun? \u015eu anda partisinde bulunan malum vekil diyor ki, ben ikna odalar\u0131nda sadece o ba\u015f\u00f6rt\u00fcl\u00fc k\u0131zlara yanl\u0131\u015fl\u0131k yapmas\u0131nlar, ba\u015f\u0131n\u0131 a\u00e7arken psikolojik bask\u0131 olmas\u0131n diye merdiven alt\u0131nda a\u00e7s\u0131nlar dedim diyor. Biraz ince at da g\u00fcvercinler yesin. Sizler elele kolkola AK Parti&#8217;nin kapat\u0131lmas\u0131 i\u00e7in cumhuriyet y\u00fcr\u00fcy\u00fc\u015flerini yapmad\u0131n\u0131z m\u0131? Bu yavrular\u0131n orta\u00f6\u011fretimde de \u00e7ektikleri \u00e7ileler var. T\u00fcm bunlara ra\u011fmen farkl\u0131 bir s\u00fcreci ya\u015f\u0131yoruz. Avukatl\u0131\u011f\u0131n\u0131 yapt\u0131\u011f\u0131n\u0131z \u00e7etelerden, vesayet sisteminden de gurur duyuyor musunuz? O \u00e7eteleri biz temizledik, h\u00e2l\u00e2 temizliyoruz. CHP&#8217;nin ge\u00e7mi\u015fi diye bir \u015fey yoktur. CHP bug\u00fcne gelemeyen ge\u00e7mi\u015fte ya\u015fayan bir partidir. \u00c7\u00fcnk\u00fc CHP 1940&#8217;tan bug\u00fcne gelemedi, h\u00e2l\u00e2 oradad\u0131r. Sen bir yandan de\u011fi\u015fim diyeceksin, \u00f6te yandan \u00e7\u0131k\u0131p 28 \u015eubat darbesinin en a\u011f\u0131r uygulamas\u0131na kesintisiz e\u011fitime kol kanat gereceksin. Y\u00fcz nakliyle i\u015fte bu kadar olur. CHP&#8217;ye doku nakli gerekiyor.&#8221;<\/p>\n<p style=\"text-align: justify;\"><strong>&#8216;HANG\u0130 D\u0130LDEN ANLIYORSANIZ, O D\u0130LDEN&#8217;<\/strong><\/p>\n<p style=\"text-align: justify;\">&#8220;Yemin etmeyiz dediler. T\u0131p\u0131\u015f t\u0131p\u0131\u015f geldiler mi, geldiler. Yeminlerini ettiler mi, ettiler. Bunun ezikli\u011fi i\u00e7indeler. T\u00fck\u00fcrd\u00fcklerini yalaman\u0131n verdi\u011fi eziklikle TBMM&#8217;yi ter\u00f6rize etmenin gayreti i\u00e7indeler. Meclis&#8217;i \u00e7al\u0131\u015ft\u0131rmayarak milli iradeye engel olacaklar\u0131n\u0131 zannediyorlar. Komisyonlar\u0131 basalar milli iradeyi durduracaklar\u0131n\u0131 san\u0131yorlar. Bunlar her 10 y\u0131lda bir m\u00fcdahaleye ve m\u00fcdahalenin cansuyu verdi\u011fi CHP&#8217;ye al\u0131\u015fm\u0131\u015flar. Bug\u00fcn kar\u015f\u0131lar\u0131nda bir yerlerden telefon gelip, talimatla ad\u0131m atan h\u00fck\u00fcmet yok. CHP bunun \u015fa\u015fk\u0131nl\u0131\u011f\u0131n\u0131 ya\u015f\u0131yor. \u0130steseler de istemeseler de al\u0131\u015facaklar. Milli iradeye, demokrasiye al\u0131\u015facaklar. Ne diyor? Tanklar\u0131yla, toplar\u0131yla gelsinler diyor. Kim diyor? K\u0131l\u0131\u00e7daro\u011flu. Bu \u00fclkede tankla topla ancak siz gelirsiniz. Siz bugune kadar hep tankla topla geldiniz, o olmad\u0131\u011f\u0131 zaman gelemediniz. AK Parti ise millet iradesiyle gelmi\u015ftir. CHP mecliste olsun ya da olmas\u0131n, herhangi bir d\u00fczenlemeye kar\u015f\u0131 \u00e7\u0131kt\u0131larsa onu engellediler. D\u00fcn diyor, Genel Kurul&#8217;da hesapla\u015faca\u011f\u0131z diyor. Lafa bak. Bu muhasebe hesab\u0131 de\u011fil herhalde. Hangi dilden anl\u0131yorsan\u0131z o dilden. En \u00e7ok satan gazete bir vekile benim arkada\u015f\u0131m\u0131n g\u0131rtla\u011f\u0131na sar\u0131ld\u0131\u011f\u0131n\u0131 s\u00f6yl\u00fcyor. Bizim arkada\u015f\u0131m\u0131z omzuna elini koymu\u015f. Me\u011ferse kalbi varm\u0131\u015f, onu kurtarma durumuna geliyorlar. Bunlar ordu g\u00f6reve dediler. Cumhuriyet mitinglerinde darbeye \u00e7anak tuttular. Darbe m\u00fchendislerini aday yapt\u0131lar. M\u00fcdahaleden umudunu kesen CHP \u015fu anda sokak direni\u015fine umut ba\u011flad\u0131. Ne diyor, soka\u011fa diyor. Hi\u00e7 olmazsa k\u0131\u015f mevsiminde yapma bunu. CHP soka\u011fa direni\u015fe \u00e7a\u011f\u0131rarak ter\u00f6rden, tahrikten medet umuyor. Bu sorumsuzluktur, acziyettir. CHP se\u00e7meninin bu \u00e7a\u011fr\u0131lara cevap vermeyece\u011fi a\u00e7\u0131kt\u0131r. Onlar \u015fiddet \u00e7a\u011fr\u0131s\u0131 yaps\u0131n, komisyonlarda zorbal\u0131k yaps\u0131n biz milletten ald\u0131\u011f\u0131m\u0131z g\u00fc\u00e7le devam edece\u011fiz.&#8221;<\/p>\n<p style=\"text-align: justify;\">&#8220;28 \u015eubat s\u00fcrecinde demokrasi d\u0131\u015f\u0131 unsurlar kesintisiz e\u011fitim dayatt\u0131lar. Pedagojik bir kayg\u0131yla de\u011fil, ideolojik kayg\u0131yla dayatt\u0131lar. \u0130mam hatiplerin \u00f6n\u00fcn\u00fc kesmek i\u00e7in bunu yapt\u0131lar. Biz bir ma\u011fduriyeti gideriyoruz. Yaralanm\u0131\u015f vicdanlar\u0131 tedavi etmenin gayreti i\u00e7indeyiz. Yoksul \u00e7ocuklar\u0131n \u00f6n\u00fcn\u00fc a\u00e7man\u0131n gayreti i\u00e7indeyiz. CHP ne yaparsa yaps\u0131n, milletin dedi\u011fi olacakt\u0131r. Kime \u00e7a\u011f\u0131r\u0131rsa \u00e7a\u011f\u0131rs\u0131n Meclis g\u00f6revini yerine getirecektir. CHP \u015fiddetine, tahriklerine asla boyun e\u011fmeyece\u011fiz. Az\u0131nl\u0131k olarak milli iradeye ipotek koydu\u011fu d\u00f6nemler kapanm\u0131\u015ft\u0131r. CHP&#8217;nin bu \u00fclkeyi 1940&#8217;la g\u00f6t\u00fcrme sevdas\u0131na bu millet izin vermeyecektir. Komisyon ve alt komisyon yasa teklifini 91 saat 41 dakika g\u00f6r\u00fc\u015ft\u00fc. Ka\u00e7 konu\u015fma yap\u0131ld\u0131. 342. AK Parti 22 konu\u015fmay\u0131 yapt\u0131. 30&#8217;unu CHP&#8217;li \u00fcyeler yapt\u0131. 15&#8217;i de MHP&#8217;liler taraf\u0131ndan. Komisyon \u00fcyesi olmayan 104 vekil s\u00f6z ald\u0131. Bunlardan 4 tanesi AK Partili, 2&#8217;si MHP&#8217;li, 94 tanesi CHP&#8217;li. Kalbi oldu\u011fu s\u00f6ylenen 12 saat konu\u015ftu. \u0130mam hatip okullar\u0131n\u0131 a\u00e7t\u0131rmayaca\u011f\u0131z demekten ba\u015fka \u015fey s\u00f6ylemediler. CHP Genel Ba\u015fkan\u0131 vekillerine telefon mesaj\u0131 g\u00f6ndererek komisyonu i\u015fgal etmeleri i\u00e7in talimat verdi. Pazar g\u00fcn\u00fc komisyonda ya\u015fananlar CHP Genel Ba\u015fkan\u0131&#8217;n\u0131n g\u00f6z\u00fc d\u00f6nm\u00fc\u015f vekillerinin eseridir.&#8221;<\/p>\n<p style=\"text-align: justify;\"><strong>\u015eIK VE \u015eENER\u2019\u0130N TAHL\u0130YELER\u0130: \u00dcLKEM\u0130Z \u0130\u00c7\u0130N HAYIRLIOLSUN<\/strong><\/p>\n<p style=\"text-align: justify;\">AK Parti Grup Toplant\u0131s\u0131n\u0131n ard\u0131ndan gazetecilerin sorular\u0131n\u0131 yan\u0131tlayan Ba\u015fbakan Recep Tayyip Erdo\u011fan Oda TV davas\u0131nda yarg\u0131lanan gazeteciler Nedim \u015eener ve Ahmet \u015e\u0131k&#8217;\u0131n tahliye edilmelerini , \u201cHay\u0131rl\u0131 olsun diyoruz. Tutuksuz olarak zaten yarg\u0131lanmaya devam edecekler\u201d s\u00f6zleriyle de\u011ferlendirdi.<\/p>\n<p style=\"text-align: justify;\">Bir gazetecinin Oda TV davas\u0131nda yarg\u0131lanan gazeteciler Nedim \u015eener ve Ahmet \u015e\u0131k&#8217;\u0131n tahliye edilmelerini nas\u0131l de\u011ferlendirdi\u011fini sormas\u0131 \u00fczerine Ba\u015fbakan Erdo\u011fan, \u201cB\u00fclent Bey (Ba\u015fbakan Yard\u0131mc\u0131s\u0131 B\u00fclent Ar\u0131n\u00e7) d\u00fcn g\u00fczel bir de\u011ferlendirme yapt\u0131 zaten. Hay\u0131rl\u0131 olsun diyoruz. Tutuksuz olarak zaten yarg\u0131lanmaya devam edecekler\u201d dedi.<\/p>\n<p style=\"text-align: justify;\"><strong>S\u0130VAS DAVASININ ZAMANA\u015eIMINDAN D\u00dc\u015eMES\u0130<\/strong><\/p>\n<p style=\"text-align: justify;\">Erdo\u011fan, Sivas Davas\u0131n\u0131n zaman a\u015f\u0131m\u0131ndan d\u00fc\u015fmesi ile ilgili soruya ise, \u201cMilletimiz i\u00e7in, \u00fclkemiz i\u00e7in hay\u0131rl\u0131 olsun. Zaten onlar da s\u00f6yl\u00fcyorlar&#8230; Y\u0131llar y\u0131l\u0131 i\u00e7erde olan vatanda\u015f, i\u00e7lerinde ka\u00e7ak olanlar vard\u0131. Bilemiyorum tabii onlar da var&#8230;\u201d yan\u0131t\u0131n\u0131 verdi.<\/p>\n<p style=\"text-align: justify;\"><a href=\"http:\/\/www.radikal.com.tr\/Radikal.aspx?aType=RadikalDetayV3&amp;ArticleID=1081643&amp;CategoryID=78\" target=\"_blank\">Kaynak : Radikal.com.tr<\/a><\/p>\n","protected":false},"excerpt":{"rendered":"<p style=\"text-align: center;\">\n<p style=\"text-align: justify;\">Ba\u015fbakan Erdo\u011fan, e\u011fitimde &#8216;4+4+4&#8217; d\u00fczenlemesinin tart\u0131\u015f\u0131ld\u0131\u011f\u0131 Meclis komisyonunda ya\u015fananlarla ilgili CHP lideri K\u0131l\u0131\u00e7daro\u011flu&#8217;nu sert s\u00f6zlerle ele\u015ftirdi.<\/p>\n<p style=\"text-align: justify;\">Partisinin grup toplant\u0131s\u0131nda konu\u015fan Ba\u015fbakan Recep Tayyip Erdo\u011fan, CHP&#8217;yi ve CHP Genel Ba\u015fkan\u0131 Kemal K\u0131l\u0131\u00e7daro\u011flu&#8217;nu &#8216;elitist, vesayet\u00e7i ve jakoben anlay\u0131\u015f\u0131 a\u015famad\u0131\u011f\u0131n\u0131&#8217; s\u00f6yledi. <\/p>\n","protected":false},"author":1,"featured_media":0,"comment_status":"open","ping_status":"open","sticky":false,"template":"","format":"standard","meta":{"footnotes":""},"categories":[105],"tags":[],"class_list":["post-49456","post","type-post","status-publish","format-standard","hentry","category-gundem","odd"],"_links":{"self":[{"href":"http:\/\/www.korhanyilmaz.com\/index.php?rest_route=\/wp\/v2\/posts\/49456","targetHints":{"allow":["GET"]}}],"collection":[{"href":"http:\/\/www.korhanyilmaz.com\/index.php?rest_route=\/wp\/v2\/posts"}],"about":[{"href":"http:\/\/www.korhanyilmaz.com\/index.php?rest_route=\/wp\/v2\/types\/post"}],"author":[{"embeddable":true,"href":"http:\/\/www.korhanyilmaz.com\/index.php?rest_route=\/wp\/v2\/users\/1"}],"replies":[{"embeddable":true,"href":"http:\/\/www.korhanyilmaz.com\/index.php?rest_route=%2Fwp%2Fv2%2Fcomments&post=49456"}],"version-history":[{"count":0,"href":"http:\/\/www.korhanyilmaz.com\/index.php?rest_route=\/wp\/v2\/posts\/49456\/revisions"}],"wp:attachment":[{"href":"http:\/\/www.korhanyilmaz.com\/index.php?rest_route=%2Fwp%2Fv2%2Fmedia&parent=49456"}],"wp:term":[{"taxonomy":"category","embeddable":true,"href":"http:\/\/www.korhanyilmaz.com\/index.php?rest_route=%2Fwp%2Fv2%2Fcategories&post=49456"},{"taxonomy":"post_tag","embeddable":true,"href":"http:\/\/www.korhanyilmaz.com\/index.php?rest_route=%2Fwp%2Fv2%2Ftags&post=49456"}],"curies":[{"name":"wp","href":"https:\/\/api.w.org\/{rel}","templated":true}]}}