{"id":49453,"date":"2012-03-13T13:55:11","date_gmt":"2012-03-13T11:55:11","guid":{"rendered":"http:\/\/www.korhanyilmaz.com\/?p=49453"},"modified":"2012-03-13T22:58:19","modified_gmt":"2012-03-13T20:58:19","slug":"bizimkisi-en-mesru-mudafa","status":"publish","type":"post","link":"http:\/\/www.korhanyilmaz.com\/?p=49453","title":{"rendered":"&#8216;Bizimkisi en me\u015fru m\u00fcdafa&#8217;"},"content":{"rendered":"<p style=\"text-align: center;\"><a href=\"http:\/\/www.korhanyilmaz.com\/wp-content\/uploads\/2012\/03\/9133.jpg\"  class=\"lightview\"><img loading=\"lazy\" decoding=\"async\" class=\"aligncenter  wp-image-49454\" src=\"http:\/\/www.korhanyilmaz.com\/wp-content\/uploads\/2012\/03\/9133.jpg\" alt=\"\" width=\"336\" height=\"223\" \/><\/a><\/p>\n<p style=\"text-align: justify;\">CHP lideri Kemal K\u0131l\u0131\u00e7daro\u011flu, Meclis Komisyonu&#8217;nda ya\u015fananlara de\u011finerek, &#8220;\u015eiddet bile uygulasalar bizi yolumuzdan al\u0131koyamacaklar. Bizimkisi en me\u015fru m\u00fcdafa&#8221; dedi.<\/p>\n<p style=\"text-align: justify;\">Partisinin grup toplant\u0131s\u0131nda konu\u015fan CHP Genel Ba\u015fkan\u0131 Kemal K\u0131l\u0131\u00e7daro\u011flu, olayl\u0131 ge\u00e7en komisyon toplant\u0131s\u0131 ile ilgili olarak AK Parti milletvekillerini ve Ba\u015fbakan Erdo\u011fan&#8217;\u0131 ele\u015ftirdi.<!--more--><\/p>\n<p style=\"text-align: justify;\">K\u0131l\u0131\u00e7daro\u011flu&#8217;nun konu\u015fmas\u0131n\u0131n sat\u0131rba\u015flar\u0131 \u015f\u00f6yle:<\/p>\n<p style=\"text-align: justify;\">&#8220;Mad\u0131mak davas\u0131n\u0131n zaman a\u015f\u0131m\u0131na u\u011framas\u0131 T\u00fcrkiye i\u00e7in bir y\u00fcz karas\u0131d\u0131r. Bu tablo \u00f6zg\u00fcr T\u00fcrkiye\u2019ye e\u011fitilmi\u015f bir topluma yak\u0131\u015fm\u0131yor. Bu tablo y\u00fcre\u011fi insan sevgisi olan T\u00fcrkiye\u2019ye yak\u0131\u015fm\u0131yor. Bu tablonun i\u00e7inde AKP\u2019nin a\u011f\u0131rl\u0131\u011f\u0131 var. \u00c7\u00fcnk\u00fc o faillerin b\u00fcy\u00fck \u00e7o\u011funlu\u011funu AKP milletvekilleri savunuyordu ve \u015fimdi \u00e7o\u011fu Meclis\u2019te. Ba\u015fbakan eminim oh oldu biz de kurtard\u0131k i\u015fi diyordur. Kim olursa olsun insanlar\u0131n haklar\u0131n\u0131 savunmak \u00f6zellikle parlamenterlerin g\u00f6revi olmal\u0131d\u0131r. 11 i\u015f\u00e7imiz hayat\u0131n\u0131 kaybetti. AKP\u2019li Bakan \u00e7\u0131k\u0131p diyor ki T\u00fcrkiye\u2019nin i\u015f g\u00fcvenli\u011fi yasas\u0131na ihtiyac\u0131 var. Onlar sanki iktidarda de\u011fil de muhalefetteler. Sanki getirdiler de biz kar\u015f\u0131 \u00e7\u0131kt\u0131. 10 y\u0131ld\u0131r iktidarda de\u011fil misin sen? Ba\u015fkas\u0131 m\u0131 iktidarda?&#8221;<\/p>\n<p style=\"text-align: justify;\">&#8220;O i\u015f\u00e7ilerden ka\u00e7\u0131 sigortal\u0131yd\u0131 o bakan bir de ona baks\u0131n. Biz ma\u011fdurun mazlumun yan\u0131nday\u0131z. Zalime kar\u015f\u0131y\u0131z ve bunu her ko\u015fulda s\u00fcrd\u00fcrece\u011fiz. Ge\u00e7en Pazar g\u00fcn\u00fc e\u011fitimcilerle yapt\u0131\u011f\u0131m\u0131z toplant\u0131da bir Profes\u00f6r\u00fcm\u00fcz, \u201cEvet bug\u00fcn burada e\u011fitim konusunda toplant\u0131 yap\u0131yoruz. Mevcut yasa teklifi hakk\u0131nda olumsuz g\u00f6r\u00fc\u015f bildirirsem bunun bedeli olacak m\u0131 bilmiyorum.&#8221;<\/p>\n<p style=\"text-align: justify;\"><strong>&#8220;B\u0130R KADINA NASIL TEKME ATARSINIZ S\u0130Z&#8221;<\/strong><\/p>\n<p style=\"text-align: justify;\">&#8220;D\u00fc\u015f\u00fcnce a\u00e7\u0131klama \u00f6zg\u00fcrl\u00fc\u011f\u00fc de\u011fil d\u00fc\u015fl\u00fcnce a\u00e7\u0131klamama y\u00f6n\u00fcnde bir bask\u0131 var bu toplumda art\u0131k. Bu kayg\u0131 dile getirildi\u011fi anda bana telefon geldi, CHP milletvekilleri yumrukland\u0131 tekmelendi diye. Zorbal\u0131kla al\u00e7akl\u0131kla darp edildiler. Bu topraklarda yere d\u00fc\u015fene tekme at\u0131lmaz. Ama onlar\u0131n anlay\u0131\u015f\u0131nda yere d\u00fc\u015fene tekme at\u0131l\u0131r. Onlar\u0131n inan\u00e7lar\u0131 M\u00fcsl\u00fcmanl\u0131\u011f\u0131n engin ho\u015fg\u00f6r\u00fcs\u00fcyle ba\u011fda\u015fm\u0131yor. Bir kad\u0131na nas\u0131l tekme atars\u0131n\u0131z siz? \u0130nsanda biraz utanma olur, haya olur, ar olur. Daha \u00f6nce de dan\u0131\u015fmanlar\u0131n\u0131 getirmi\u015flerdi. Kimle gelirseniz gelin CHP\u2019yi susturamayacaks\u0131n\u0131z. Tekmelerin ya\u015fand\u0131\u011f\u0131 TBMM&#8217;de d\u00fc\u015f\u00fcncelere ask\u0131ya al\u0131nm\u0131\u015f orman kanunu ge\u00e7erli demektir. Ben \u015fimdi kayg\u0131 duyan o hocama ne diyece\u011fim. Milletvekili tekmelenip d\u00f6v\u00fcl\u00fcyorsa sokaktaki vatanda\u015f hayli hayli d\u00f6v\u00fcl\u00fcp tekmelenir. Biz en hakl\u0131 me\u015fru m\u00fcdafaam\u0131z\u0131 yap\u0131yoruz. \u00c7\u00fcnk\u00fc \u015fiddeti reddediyoruz biz. \u0130nsan\u0131 d\u00f6vmek de\u011fil insan\u0131 dinlemektir aslolan. \u0130nsan\u0131 tekmelemek de\u011fil onunla tokala\u015fmakt\u0131r aslolan.&#8221;<\/p>\n<p style=\"text-align: justify;\">&#8220;\u015eiddet bile uygulasalar bizi yolumuzdan al\u0131koyamazlar. Demokrasi d\u00fc\u015fmanlar\u0131 milletvekillerini tekmelerse o demokrasi d\u00fc\u015fmanlar\u0131na bu milletin ders vermesini istiyoruz biz. Bir milletvekili nas\u0131l susturacaklar. O zaman neden vatanda\u015flar oy veriyor. Halk milletvekili tekmeleyin diye mi size oy verdiler. Ayd\u0131n ge\u00e7inen baz\u0131 arkada\u015flara sesleniyorum buradan. Arada s\u0131rada \u00e7\u0131k\u0131p ahkam kesiyorlar. Bir daha \u2018CHP muhalefet yapmay\u0131 bilmiyor\u2019 derseniz tekmelenen arkada\u015flar\u0131m\u0131z bak\u0131n ve vicdan\u0131n\u0131z\u0131 sorgulay\u0131n. E\u011fitimi gibi \u00f6nemli bir konunu bir gece yar\u0131s\u0131 teklifiyle parlamentoya getirilmesiyle ilgili Recep Tayyip Erdo\u011fan neden konu\u015fmaz. Neden bakanlar kuruluna getirmedin. Hangi bakan bunu imzalamayacakt\u0131. 8 y\u0131ll\u0131k kesintisiz e\u011fitimin bu \u00fclkeye en zarar\u0131 oldu. Bir tek rapor getirsinler. Ama olumlu y\u00f6nde \u00e7ok say\u0131da rapor var. Sorun Recep Tayyip Erdo\u011fan\u2019\u0131n kafas\u0131nda. \u00c7a\u011fd\u0131\u015f\u0131 kafalar buna kar\u015f\u0131 \u00e7\u0131kar. Say\u0131n B\u00fclent Ar\u0131n\u00e7 arada bir do\u011frular\u0131 s\u00f6yledi\u011fi ve vicdan\u0131n\u0131 sesini dinledi\u011fi i\u00e7in sayg\u0131 duyar\u0131m. AK Partili milletvekilleri gelip s\u0131ralar\u0131 doldurdu diyor do\u011fru. Konu\u015fma s\u0131ralar\u0131n\u0131 ald\u0131lar diyor. \u0130\u015fte bu yalan size bu bilgiyi kim verdiyse yalan s\u00f6ylemi\u015f.&#8221;<\/p>\n<p style=\"text-align: justify;\"><strong>\u201cORMANDA MI YET\u0130\u015eT\u0130N SEN\u201d<\/strong><\/p>\n<p style=\"text-align: justify;\">&#8220;Pazar g\u00fcn\u00fc kravats\u0131z montlar\u0131yla geldiler. \u00d6nceden yemek \u0131smarlanm\u0131\u015f s\u00f6z m\u00fc istediler. Bir ki\u015fi bile s\u00f6z almad\u0131. Bir tek gelme gerek\u00e7eleri var. Kaba kuvvet i\u00e7in geldiler. Ba\u015fbakan hangi dilden anl\u0131yorlarsa o demi\u015f. Biz hangi milletvekilini yere d\u00fc\u015f\u00fcr\u00fcp tekmeledik. Biz demokrasi dilinden s\u00f6z ediyoruz. Hangi dilden s\u00f6z ediyorsun. Ormanda m\u0131 yeti\u015ftin sen? Say\u0131n B\u00fclent Ar\u0131n\u00e7\u2019a s\u00f6yl\u00fcyorum. Kuldan utanm\u0131yorsan Allah\u2019tan korkal\u0131m. Yalan s\u00f6ylemeyelim. Onlar oraya konu\u015fmak i\u00e7in de\u011fil CHP milletvekillerini darp etmek i\u00e7in geldiler.&#8221;<\/p>\n<p style=\"text-align: justify;\"><a href=\"http:\/\/www.radikal.com.tr\/Radikal.aspx?aType=RadikalDetayV3&amp;ArticleID=1081651&amp;CategoryID=78\" target=\"_blank\">Kaynak : Radikal.com.tr<\/a><\/p>\n","protected":false},"excerpt":{"rendered":"<p style=\"text-align: center;\">\n<p style=\"text-align: justify;\">CHP lideri Kemal K\u0131l\u0131\u00e7daro\u011flu, Meclis Komisyonu&#8217;nda ya\u015fananlara de\u011finerek, &#8220;\u015eiddet bile uygulasalar bizi yolumuzdan al\u0131koyamacaklar. Bizimkisi en me\u015fru m\u00fcdafa&#8221; dedi.<\/p>\n<p style=\"text-align: justify;\">Partisinin grup toplant\u0131s\u0131nda konu\u015fan CHP Genel Ba\u015fkan\u0131 Kemal K\u0131l\u0131\u00e7daro\u011flu, olayl\u0131 ge\u00e7en komisyon toplant\u0131s\u0131 ile ilgili olarak AK Parti milletvekillerini ve Ba\u015fbakan Erdo\u011fan&#8217;\u0131 ele\u015ftirdi.<\/p>\n","protected":false},"author":1,"featured_media":0,"comment_status":"open","ping_status":"open","sticky":false,"template":"","format":"standard","meta":{"footnotes":""},"categories":[105],"tags":[],"class_list":["post-49453","post","type-post","status-publish","format-standard","hentry","category-gundem","odd"],"_links":{"self":[{"href":"http:\/\/www.korhanyilmaz.com\/index.php?rest_route=\/wp\/v2\/posts\/49453","targetHints":{"allow":["GET"]}}],"collection":[{"href":"http:\/\/www.korhanyilmaz.com\/index.php?rest_route=\/wp\/v2\/posts"}],"about":[{"href":"http:\/\/www.korhanyilmaz.com\/index.php?rest_route=\/wp\/v2\/types\/post"}],"author":[{"embeddable":true,"href":"http:\/\/www.korhanyilmaz.com\/index.php?rest_route=\/wp\/v2\/users\/1"}],"replies":[{"embeddable":true,"href":"http:\/\/www.korhanyilmaz.com\/index.php?rest_route=%2Fwp%2Fv2%2Fcomments&post=49453"}],"version-history":[{"count":0,"href":"http:\/\/www.korhanyilmaz.com\/index.php?rest_route=\/wp\/v2\/posts\/49453\/revisions"}],"wp:attachment":[{"href":"http:\/\/www.korhanyilmaz.com\/index.php?rest_route=%2Fwp%2Fv2%2Fmedia&parent=49453"}],"wp:term":[{"taxonomy":"category","embeddable":true,"href":"http:\/\/www.korhanyilmaz.com\/index.php?rest_route=%2Fwp%2Fv2%2Fcategories&post=49453"},{"taxonomy":"post_tag","embeddable":true,"href":"http:\/\/www.korhanyilmaz.com\/index.php?rest_route=%2Fwp%2Fv2%2Ftags&post=49453"}],"curies":[{"name":"wp","href":"https:\/\/api.w.org\/{rel}","templated":true}]}}