{"id":49449,"date":"2012-03-12T20:43:10","date_gmt":"2012-03-12T18:43:10","guid":{"rendered":"http:\/\/www.korhanyilmaz.com\/?p=49449"},"modified":"2012-03-13T10:28:40","modified_gmt":"2012-03-13T08:28:40","slug":"tahliye-kararlarini-memnuniyetle-karsiliyoruz","status":"publish","type":"post","link":"http:\/\/www.korhanyilmaz.com\/?p=49449","title":{"rendered":"&#8216;Tahliye kararlar\u0131n\u0131 memnuniyetle kar\u015f\u0131l\u0131yoruz&#8217;"},"content":{"rendered":"<p style=\"text-align: center;\"><a href=\"http:\/\/www.korhanyilmaz.com\/wp-content\/uploads\/2012\/03\/9132.jpg\"  class=\"lightview\"><img loading=\"lazy\" decoding=\"async\" class=\"aligncenter  wp-image-49450\" src=\"http:\/\/www.korhanyilmaz.com\/wp-content\/uploads\/2012\/03\/9132.jpg\" alt=\"\" width=\"382\" height=\"191\" \/><\/a><\/p>\n<p style=\"text-align: justify;\">Avrupa Birli\u011fi, gazeteciler Nedim \u015eener, Ahmet \u015e\u0131k, Sait \u00c7ak\u0131r ve Co\u015fkun Musluk&#8217;un tahliye edilmesini memnuniyetle kar\u015f\u0131lad\u0131\u011f\u0131n\u0131 bildirdi.<\/p>\n<p style=\"text-align: justify;\">AB Geni\u015fleme Komiseri Stefan F\u00fcle&#8217;nin s\u00f6zc\u00fcs\u00fc Peter Stano, yapt\u0131\u011f\u0131 a\u00e7\u0131klamada, mahkeme karar\u0131yla ilgili \u201cmemnun edici bir ad\u0131m\u201d ifadesini kulland\u0131.<\/p>\n<p style=\"text-align: justify;\">Stano, \u201cUygulamada ifade \u00f6zg\u00fcrl\u00fc\u011f\u00fc, \u00f6zg\u00fcrl\u00fck ve g\u00fcvenlik hakk\u0131 ve adil yarg\u0131lanma hakk\u0131n\u0131 tehlikeye atmaya devam eden yap\u0131sal sorunlar\u0131n \u00e7\u00f6z\u00fclmesi\u201d \u00e7a\u011fr\u0131s\u0131nda bulundu.\u00a0<!--more--><\/p>\n<p style=\"text-align: justify;\">S\u00f6zc\u00fc Stano, \u201cBilhassa T\u00fcrk Ceza Kanunu, Ter\u00f6rle M\u00fccadele Kanunu ve Ceza Muhakemeleri Usul\u00fc Kanunu&#8217;nda ifade \u00f6zg\u00fcrl\u00fc\u011f\u00fcn\u00fc k\u0131s\u0131tlayan h\u00fck\u00fcmlerin de\u011fi\u015ftirilmesi gerekmektedir\u201d dedi.<\/p>\n<p style=\"text-align: justify;\">AB Komisyonu s\u00f6zc\u00fcs\u00fc, Odatv davas\u0131nda yak\u0131n takibi s\u00fcrd\u00fcrerek sonbaharda yay\u0131mlayacaklar\u0131 ilerleme raporunda bu konuya yer vereceklerini bildirdi.<\/p>\n<p style=\"text-align: justify;\"><a href=\"http:\/\/www.ntvmsnbc.com\/id\/25329836\/\" target=\"_blank\">Kaynak : NTVMSRBC<\/a><\/p>\n","protected":false},"excerpt":{"rendered":"<p style=\"text-align: center;\">\n<p style=\"text-align: justify;\">Avrupa Birli\u011fi, gazeteciler Nedim \u015eener, Ahmet \u015e\u0131k, Sait \u00c7ak\u0131r ve Co\u015fkun Musluk&#8217;un tahliye edilmesini memnuniyetle kar\u015f\u0131lad\u0131\u011f\u0131n\u0131 bildirdi.<\/p>\n<p style=\"text-align: justify;\">AB Geni\u015fleme Komiseri Stefan F\u00fcle&#8217;nin s\u00f6zc\u00fcs\u00fc Peter Stano, yapt\u0131\u011f\u0131 a\u00e7\u0131klamada, mahkeme karar\u0131yla ilgili \u201cmemnun edici bir ad\u0131m\u201d ifadesini kulland\u0131.<\/p>\n<p style=\"text-align: justify;\">Stano, \u201cUygulamada ifade \u00f6zg\u00fcrl\u00fc\u011f\u00fc, \u00f6zg\u00fcrl\u00fck ve g\u00fcvenlik hakk\u0131 ve adil <\/p>\n","protected":false},"author":1,"featured_media":0,"comment_status":"open","ping_status":"open","sticky":false,"template":"","format":"standard","meta":{"footnotes":""},"categories":[3],"tags":[],"class_list":["post-49449","post","type-post","status-publish","format-standard","hentry","category-dunya","odd"],"_links":{"self":[{"href":"http:\/\/www.korhanyilmaz.com\/index.php?rest_route=\/wp\/v2\/posts\/49449","targetHints":{"allow":["GET"]}}],"collection":[{"href":"http:\/\/www.korhanyilmaz.com\/index.php?rest_route=\/wp\/v2\/posts"}],"about":[{"href":"http:\/\/www.korhanyilmaz.com\/index.php?rest_route=\/wp\/v2\/types\/post"}],"author":[{"embeddable":true,"href":"http:\/\/www.korhanyilmaz.com\/index.php?rest_route=\/wp\/v2\/users\/1"}],"replies":[{"embeddable":true,"href":"http:\/\/www.korhanyilmaz.com\/index.php?rest_route=%2Fwp%2Fv2%2Fcomments&post=49449"}],"version-history":[{"count":0,"href":"http:\/\/www.korhanyilmaz.com\/index.php?rest_route=\/wp\/v2\/posts\/49449\/revisions"}],"wp:attachment":[{"href":"http:\/\/www.korhanyilmaz.com\/index.php?rest_route=%2Fwp%2Fv2%2Fmedia&parent=49449"}],"wp:term":[{"taxonomy":"category","embeddable":true,"href":"http:\/\/www.korhanyilmaz.com\/index.php?rest_route=%2Fwp%2Fv2%2Fcategories&post=49449"},{"taxonomy":"post_tag","embeddable":true,"href":"http:\/\/www.korhanyilmaz.com\/index.php?rest_route=%2Fwp%2Fv2%2Ftags&post=49449"}],"curies":[{"name":"wp","href":"https:\/\/api.w.org\/{rel}","templated":true}]}}