{"id":49446,"date":"2012-03-12T17:43:50","date_gmt":"2012-03-12T15:43:50","guid":{"rendered":"http:\/\/www.korhanyilmaz.com\/?p=49446"},"modified":"2012-03-13T10:25:23","modified_gmt":"2012-03-13T08:25:23","slug":"chpden-ciceke-dilekce-444-gorusulemez","status":"publish","type":"post","link":"http:\/\/www.korhanyilmaz.com\/?p=49446","title":{"rendered":"CHP\u2019den \u00c7i\u00e7ek\u2019e dilek\u00e7e: \u20184+4+4\u2019 g\u00f6r\u00fc\u015f\u00fclemez"},"content":{"rendered":"<p style=\"text-align: center;\"><a href=\"http:\/\/www.korhanyilmaz.com\/wp-content\/uploads\/2012\/03\/9131.jpg\"  class=\"lightview\"><img loading=\"lazy\" decoding=\"async\" class=\"aligncenter  wp-image-49447\" src=\"http:\/\/www.korhanyilmaz.com\/wp-content\/uploads\/2012\/03\/9131.jpg\" alt=\"\" width=\"338\" height=\"195\" \/><\/a><\/p>\n<p style=\"text-align: justify;\">CHP, olayl\u0131 bir \u015fekilde komisyondan ge\u00e7en e\u011fitimde \u201c4+4+4\u201d d\u00fczenlemesinin, \u00e7al\u0131\u015fmalar\u0131n tamamlanmad\u0131\u011f\u0131 gerek\u00e7esiyle Genel Kurul\u2019a getirilmemesi i\u00e7in Meclis Ba\u015fkan\u0131 Cemil \u00c7i\u00e7ek\u2019e ba\u015fvuruda bulundu.<\/p>\n<p style=\"text-align: justify;\">ANKARA &#8211; CHP Grup Ba\u015fkanl\u0131\u011f\u0131, TBMM Ba\u015fkan\u0131 Cemil \u00c7i\u00e7ek&#8217;e yaz\u0131l\u0131 bir ba\u015fvuruda bulundu.\u00a0<!--more--><\/p>\n<p style=\"text-align: justify;\">CHP Grup Ba\u015fkanvekili Akif Hamza\u00e7ebi ve Muharrem \u0130nce&#8217;nin imzas\u0131n\u0131 ta\u015f\u0131yan dilek\u00e7ede, zorunlu e\u011fitimi 12 y\u0131la \u00e7\u0131karan kanun teklifinin Komisyondaki \u00e7al\u0131\u015fmalar\u0131n\u0131n tamamlanmad\u0131\u011f\u0131, bu durumda, Komisyon raporunun olu\u015fturulamayaca\u011f\u0131 ve Genel Kurulda g\u00f6r\u00fc\u015f\u00fclemeyece\u011fi ileri s\u00fcrd\u00fc.<\/p>\n<p style=\"text-align: justify;\">Dilek\u00e7ede, &#8221;TBMM \u0130\u00e7t\u00fcz\u00fc\u011f\u00fcne g\u00f6re, Meclis Ba\u015fkan\u0131 olarak g\u00f6revinizi yerine getirerek, 11 Mart Pazar g\u00fcn\u00fc yap\u0131lan toplant\u0131n\u0131n, Anayasa ve \u0130\u00e7t\u00fcz\u00fc\u011fe ayk\u0131r\u0131l\u0131\u011f\u0131 y\u00f6n\u00fcnden ge\u00e7ersiz say\u0131lmas\u0131 do\u011frultusunda i\u015flem yapman\u0131z\u0131, usuls\u00fczl\u00fckler ve bunlar\u0131n hukuksuz sonu\u00e7lar\u0131 ortadan kald\u0131r\u0131lmad\u0131\u011f\u0131 takdirde TBMM \u00e7al\u0131\u015fmalar\u0131 ve Ba\u015fkanl\u0131\u011f\u0131n tutumuyla ilgili Anayasa ve \u0130\u00e7t\u00fcz\u00fc\u011f\u00fcn grubumuza sa\u011flad\u0131\u011f\u0131 t\u00fcm haklar\u0131 kullanaca\u011f\u0131m\u0131z\u0131 bildiririz&#8221; ifadesine yer verildi.<\/p>\n<p style=\"text-align: justify;\"><a href=\"http:\/\/www.ntvmsnbc.com\/id\/25329787\/\" target=\"_blank\">Kaynak : NTVMSNBC<\/a><\/p>\n<p style=\"text-align: justify;\">\n","protected":false},"excerpt":{"rendered":"<p style=\"text-align: center;\">\n<p style=\"text-align: justify;\">CHP, olayl\u0131 bir \u015fekilde komisyondan ge\u00e7en e\u011fitimde \u201c4+4+4\u201d d\u00fczenlemesinin, \u00e7al\u0131\u015fmalar\u0131n tamamlanmad\u0131\u011f\u0131 gerek\u00e7esiyle Genel Kurul\u2019a getirilmemesi i\u00e7in Meclis Ba\u015fkan\u0131 Cemil \u00c7i\u00e7ek\u2019e ba\u015fvuruda bulundu.<\/p>\n<p style=\"text-align: justify;\">ANKARA &#8211; CHP Grup Ba\u015fkanl\u0131\u011f\u0131, TBMM Ba\u015fkan\u0131 Cemil \u00c7i\u00e7ek&#8217;e yaz\u0131l\u0131 bir ba\u015fvuruda bulundu. <\/p>\n","protected":false},"author":1,"featured_media":0,"comment_status":"open","ping_status":"open","sticky":false,"template":"","format":"standard","meta":{"footnotes":""},"categories":[105],"tags":[],"class_list":["post-49446","post","type-post","status-publish","format-standard","hentry","category-gundem","odd"],"_links":{"self":[{"href":"http:\/\/www.korhanyilmaz.com\/index.php?rest_route=\/wp\/v2\/posts\/49446","targetHints":{"allow":["GET"]}}],"collection":[{"href":"http:\/\/www.korhanyilmaz.com\/index.php?rest_route=\/wp\/v2\/posts"}],"about":[{"href":"http:\/\/www.korhanyilmaz.com\/index.php?rest_route=\/wp\/v2\/types\/post"}],"author":[{"embeddable":true,"href":"http:\/\/www.korhanyilmaz.com\/index.php?rest_route=\/wp\/v2\/users\/1"}],"replies":[{"embeddable":true,"href":"http:\/\/www.korhanyilmaz.com\/index.php?rest_route=%2Fwp%2Fv2%2Fcomments&post=49446"}],"version-history":[{"count":0,"href":"http:\/\/www.korhanyilmaz.com\/index.php?rest_route=\/wp\/v2\/posts\/49446\/revisions"}],"wp:attachment":[{"href":"http:\/\/www.korhanyilmaz.com\/index.php?rest_route=%2Fwp%2Fv2%2Fmedia&parent=49446"}],"wp:term":[{"taxonomy":"category","embeddable":true,"href":"http:\/\/www.korhanyilmaz.com\/index.php?rest_route=%2Fwp%2Fv2%2Fcategories&post=49446"},{"taxonomy":"post_tag","embeddable":true,"href":"http:\/\/www.korhanyilmaz.com\/index.php?rest_route=%2Fwp%2Fv2%2Ftags&post=49446"}],"curies":[{"name":"wp","href":"https:\/\/api.w.org\/{rel}","templated":true}]}}