{"id":49442,"date":"2012-03-12T18:08:26","date_gmt":"2012-03-12T16:08:26","guid":{"rendered":"http:\/\/www.korhanyilmaz.com\/?p=49442"},"modified":"2012-03-13T10:20:03","modified_gmt":"2012-03-13T08:20:03","slug":"ahmet-sik-ve-nedim-sener-tahliye-edildi","status":"publish","type":"post","link":"http:\/\/www.korhanyilmaz.com\/?p=49442","title":{"rendered":"Ahmet \u015e\u0131k ve Nedim \u015eener tahliye edildi"},"content":{"rendered":"<p style=\"text-align: center;\"><a href=\"http:\/\/www.korhanyilmaz.com\/wp-content\/uploads\/2012\/03\/9130.jpg\"  class=\"lightview\"><img loading=\"lazy\" decoding=\"async\" class=\"aligncenter  wp-image-49443\" src=\"http:\/\/www.korhanyilmaz.com\/wp-content\/uploads\/2012\/03\/9130.jpg\" alt=\"\" width=\"333\" height=\"191\" \/><\/a><\/p>\n<p style=\"text-align: justify;\">\u0130stanbul 16. A\u011f\u0131r Ceza Mahkemesi, Odatv davas\u0131 kapsam\u0131nda tutuklu yarg\u0131lanan Nedim \u015eener, Ahmet \u015e\u0131k, Sait \u00c7ak\u0131r ve Co\u015fkun Musluk&#8217;un tahliyesine karar verdi.<\/p>\n<p style=\"text-align: justify;\">\u0130STANBUL &#8211; Ergenekon soru\u015fturmas\u0131 kapsam\u0131nda Odatv&#8217;de yap\u0131lan aramalar sonras\u0131nda gazeteciler Ahmet \u015e\u0131k, Nedim \u015eener ve Soner Yal\u00e7\u0131n&#8217;\u0131n da aralar\u0131nda bulundu\u011fu 10&#8217;u tutuklu 13 san\u0131k hakk\u0131nda a\u00e7\u0131lan davan\u0131n 11. duru\u015fmas\u0131 bug\u00fcn g\u00f6r\u00fcld\u00fc.\u00a0<!--more--><\/p>\n<p style=\"text-align: justify;\">\u0130stanbul Adalet Saray\u0131&#8217;ndaki \u00f6zel yetkili \u0130stanbul 16. A\u011f\u0131r Ceza Mahkemesinde g\u00f6r\u00fclen duru\u015fmaya, tutuklu san\u0131klar eski Emniyet M\u00fcd\u00fcr\u00fc Hanefi Avc\u0131, gazeteciler Nedim \u015eener, Ahmet \u015e\u0131k, Soner Yal\u00e7\u0131n, Bar\u0131\u015f Terko\u011flu, Bar\u0131\u015f Pehlivan, Muhammet Sait \u00c7ak\u0131r, Co\u015fkun Musluk, M\u00fcyesser U\u011fur ile tutuksuz san\u0131k \u0130klim Ayfer Kaleli kat\u0131ld\u0131.<\/p>\n<p style=\"text-align: justify;\">Tutuklu san\u0131klardan Yal\u00e7\u0131n K\u00fc\u00e7\u00fck ile tutuksuz san\u0131klar \u015e\u00fckr\u00fc Do\u011fan Yurdakul ve Ahmet M\u00fcmtaz \u0130dil ise duru\u015fmaya gelmedi.<\/p>\n<p style=\"text-align: justify;\">\u0130stanbul 16. A\u011f\u0131r Ceza Mahkemesi, Nedim \u015eener, Ahmet \u015e\u0131k, Sait \u00c7ak\u0131r ve Co\u015fkun Musluk&#8217;un tahliyesine karar verdi.<\/p>\n<p style=\"text-align: justify;\">Mahkeme heyeti, \u015eener, \u015e\u0131k, \u00c7ak\u0131r ve Musluk&#8217;un tahliyeleri y\u00f6n\u00fcndeki karara gerek\u00e7e olarak, &#8221;su\u00e7 vasf\u0131n\u0131n de\u011fi\u015fme ihtimali&#8221; ve &#8221;tutuklu kald\u0131klar\u0131 s\u00fcre&#8221;yi g\u00f6sterdi.<\/p>\n<p style=\"text-align: justify;\">Davan\u0131n tutuklu san\u0131\u011f\u0131 gazeteci Do\u011fan Yurdakul, sa\u011fl\u0131k sorunlar\u0131 nedeniyle yakla\u015f\u0131k 3 hafta \u00f6nce tahliye edilmi\u015fti.<\/p>\n<p style=\"text-align: justify;\"><strong>AVUKAT ATALAY: GEC\u0130KM\u0130\u015e AMA SEV\u0130ND\u0130R\u0130C\u0130<\/strong><\/p>\n<p style=\"text-align: justify;\">Ahmet \u015e\u0131k\u2019\u0131n avukat\u0131 Ak\u0131n Atalay, karar\u0131 NTV\u2019ye de\u011felerlendirdi.<\/p>\n<p style=\"text-align: justify;\">Avukat Atalay, \u015funlar\u0131 s\u00f6yledi:<\/p>\n<p style=\"text-align: justify;\">\u201cMahkeme karar i\u00e7in 1 saat ara vermi\u015fti. 12 ara karar ald\u0131klar\u0131n\u0131 s\u00f6ylediler. Tutuklularla ilgili kararlar\u0131 s\u00f6ylemelerini istedik. Tahliye edilenlerin isimlerini s\u00f6ylediler. \u0130\u00e7erede avukatlar d\u0131\u015f\u0131nda bulunanlar \u00e7\u0131\u011fl\u0131k at\u0131p, haberi d\u0131\u015fardakilere ula\u015ft\u0131rd\u0131lar. Gecikmi\u015fse de olsa insanlar\u0131n bir k\u0131sm\u0131n\u0131n -hi\u00e7 de olsa- \u00f6zg\u00fcrl\u00fc\u011fe kavu\u015fmas\u0131n\u0131 k\u0131smi olarak olumlu bir ad\u0131m olarak g\u00f6r\u00fcyoruz. Ahmet \u015e\u0131k\u2019\u0131n bir y\u0131ll\u0131k \u00f6mr\u00fcne neden oldu. Bundan sonra da yarg\u0131lanacak. Ke\u015fke b\u00fct\u00fcn yarg\u0131lamalar, gerekmedik\u00e7e, zorunlu olmad\u0131k\u00e7a herkesin \u00f6zg\u00fcrl\u00fcklerine sayg\u0131 g\u00f6sterilerek y\u00fcr\u00fct\u00fclmeye devam etse&#8230; Gecikmi\u015f ama sevindirici bir karar olarak g\u00f6r\u00fcyoruz.<\/p>\n<p style=\"text-align: justify;\">Tutukluluk \u00e7ok zorunlu kal\u0131nd\u0131\u011f\u0131nda uygulanacak bir \u00f6nlemdir. Kitap yazd\u0131\u011f\u0131 i\u00e7in insanlar\u0131n tutukland\u0131\u011f\u0131 bir \u00fclke olma ay\u0131b\u0131ndan kurtulmam\u0131za bir katk\u0131 sa\u011flam\u0131\u015f oldu. \u0130fade \u00f6zg\u00fcrl\u00fc\u011f\u00fc y\u00f6n\u00fcnde at\u0131lm\u0131\u015f k\u00fc\u00e7\u00fck bir ad\u0131m olarak g\u00f6rmek laz\u0131m.<\/p>\n<p style=\"text-align: justify;\">Ahmet \u015e\u0131k\u2019\u0131n cezaevi g\u00fcnleri cezaevinin s\u0131k\u0131nt\u0131lar\u0131yla ge\u00e7ti. Onlar\u0131n durumunu i\u00e7eride en iyi yatan insanlar anlar. \u00c7ok k\u00fc\u00e7\u00fck odada, so\u011fuk duvarlar aras\u0131nda 24 saatini orada ge\u00e7iriyorlar. Yaratt\u0131\u011f\u0131 bir psikolojik travma herkeste oluyor. \u0130nsanlar kendilerini d\u0131\u015far\u0131ya sa\u011flam olarak haz\u0131rlamak istiyorlar ama o kadar kolay bir \u015fey de\u011fil.\u201d<\/p>\n<p style=\"text-align: justify;\"><strong>6 TUTUKLU SANIK<\/strong><\/p>\n<p style=\"text-align: justify;\">Mahkeme heyeti, aralar\u0131nda Yal\u00e7\u0131n K\u00fc\u00e7\u00fck ve Soner Yal\u00e7\u0131n&#8217;\u0131n da bulundu\u011fu 6 tutuklu san\u0131\u011f\u0131n \u0130SE bu hallerinin devam\u0131na karar verdi.<\/p>\n<p style=\"text-align: justify;\">\u0130stanbul 16. A\u011f\u0131r Ceza Mahkemesi&#8217;nde g\u00f6r\u00fclen duru\u015fmada tahliyelerine ili\u015fkin talebi al\u0131nan tutuklu san\u0131k Soner Yal\u00e7\u0131n, b\u00fcy\u00fck ihtimalle tutukluluk hallerinin devam\u0131na karar verilece\u011fini ifade ederek, &#8221;Bizi yine buradan Silivri&#8217;ye g\u00f6ndereceksiniz. Biz tekrar gelip gazetecilik \u00fczerine konu\u015fmalar yapaca\u011f\u0131z. Masumiyetimizi anlataca\u011f\u0131z ve tekrar Silivri&#8217;ye d\u00f6nece\u011fiz. Bu b\u00f6yle s\u00fcr\u00fcp gidecek. Bu y\u00fczden herhangi bir talebim yok&#8221; diye konu\u015ftu.<\/p>\n<p style=\"text-align: justify;\">Tutuklu san\u0131k Bar\u0131\u015f Terko\u011flu da inand\u0131klar\u0131n\u0131 yazmaya devam edece\u011fini belirterek, kendisini hapsederek engelleyemeyeceklerini s\u00f6yledi.<\/p>\n<p style=\"text-align: justify;\">&#8221;Gir \u00e7\u0131k, gir \u00e7\u0131k olacaksa m\u00fcebbet verin veya tedavi ettirin beni&#8221; diyen Terko\u011flu \u015f\u00f6yle devam etti:<\/p>\n<p style=\"text-align: justify;\">&#8221;Ben Balyoz davas\u0131 ile ilgili bir haber yap\u0131yorum. Bir yanl\u0131\u015fl\u0131\u011f\u0131 d\u00fczeltiyorum. Ben adalete yard\u0131mc\u0131 oluyorum. Yapt\u0131\u011f\u0131m haberlere ait bir d\u00fczeltme var m\u0131? Yok. Demek ki do\u011fru yapm\u0131\u015f\u0131z. Sizden sadece bu tabloya bakt\u0131\u011f\u0131n\u0131zda bir hata yap\u0131l\u0131yor mu? diye bakman\u0131z\u0131 istiyorum. Sizden tahliye isteyerek sizi zor durumda b\u0131rakmak istemiyorum. Ben adalet istiyorum&#8221; dedi.<\/p>\n<p style=\"text-align: justify;\"><a href=\"http:\/\/www.ntvmsnbc.com\/id\/25329806\/\" target=\"_blank\">Kaynak : NTVMSNBC<\/a><\/p>\n","protected":false},"excerpt":{"rendered":"<p style=\"text-align: center;\">\n<p style=\"text-align: justify;\">\u0130stanbul 16. A\u011f\u0131r Ceza Mahkemesi, Odatv davas\u0131 kapsam\u0131nda tutuklu yarg\u0131lanan Nedim \u015eener, Ahmet \u015e\u0131k, Sait \u00c7ak\u0131r ve Co\u015fkun Musluk&#8217;un tahliyesine karar verdi.<\/p>\n<p style=\"text-align: justify;\">\u0130STANBUL &#8211; Ergenekon soru\u015fturmas\u0131 kapsam\u0131nda Odatv&#8217;de yap\u0131lan aramalar sonras\u0131nda gazeteciler Ahmet \u015e\u0131k, Nedim \u015eener ve Soner Yal\u00e7\u0131n&#8217;\u0131n da aralar\u0131nda bulundu\u011fu 10&#8217;u tutuklu 13 san\u0131k hakk\u0131nda a\u00e7\u0131lan <\/p>\n","protected":false},"author":1,"featured_media":0,"comment_status":"open","ping_status":"open","sticky":false,"template":"","format":"standard","meta":{"footnotes":""},"categories":[105],"tags":[],"class_list":["post-49442","post","type-post","status-publish","format-standard","hentry","category-gundem","odd"],"_links":{"self":[{"href":"http:\/\/www.korhanyilmaz.com\/index.php?rest_route=\/wp\/v2\/posts\/49442","targetHints":{"allow":["GET"]}}],"collection":[{"href":"http:\/\/www.korhanyilmaz.com\/index.php?rest_route=\/wp\/v2\/posts"}],"about":[{"href":"http:\/\/www.korhanyilmaz.com\/index.php?rest_route=\/wp\/v2\/types\/post"}],"author":[{"embeddable":true,"href":"http:\/\/www.korhanyilmaz.com\/index.php?rest_route=\/wp\/v2\/users\/1"}],"replies":[{"embeddable":true,"href":"http:\/\/www.korhanyilmaz.com\/index.php?rest_route=%2Fwp%2Fv2%2Fcomments&post=49442"}],"version-history":[{"count":0,"href":"http:\/\/www.korhanyilmaz.com\/index.php?rest_route=\/wp\/v2\/posts\/49442\/revisions"}],"wp:attachment":[{"href":"http:\/\/www.korhanyilmaz.com\/index.php?rest_route=%2Fwp%2Fv2%2Fmedia&parent=49442"}],"wp:term":[{"taxonomy":"category","embeddable":true,"href":"http:\/\/www.korhanyilmaz.com\/index.php?rest_route=%2Fwp%2Fv2%2Fcategories&post=49442"},{"taxonomy":"post_tag","embeddable":true,"href":"http:\/\/www.korhanyilmaz.com\/index.php?rest_route=%2Fwp%2Fv2%2Ftags&post=49442"}],"curies":[{"name":"wp","href":"https:\/\/api.w.org\/{rel}","templated":true}]}}