{"id":49439,"date":"2012-03-13T00:32:44","date_gmt":"2012-03-12T22:32:44","guid":{"rendered":"http:\/\/www.korhanyilmaz.com\/?p=49439"},"modified":"2012-03-13T10:15:33","modified_gmt":"2012-03-13T08:15:33","slug":"sener-onlarin-cocuklari-magdur-olmasin","status":"publish","type":"post","link":"http:\/\/www.korhanyilmaz.com\/?p=49439","title":{"rendered":"\u015eener: Onlar\u0131n \u00e7ocuklar\u0131 ma\u011fdur olmas\u0131n"},"content":{"rendered":"<p style=\"text-align: center;\"><a href=\"http:\/\/www.korhanyilmaz.com\/wp-content\/uploads\/2012\/03\/9129.jpg\"  class=\"lightview\"><img loading=\"lazy\" decoding=\"async\" class=\"aligncenter  wp-image-49440\" src=\"http:\/\/www.korhanyilmaz.com\/wp-content\/uploads\/2012\/03\/9129.jpg\" alt=\"\" width=\"394\" height=\"191\" \/><\/a><\/p>\n<p style=\"text-align: justify;\">Odatv davas\u0131nda tahliye olan gazeteci Nedim \u015eener, bundan sonra kendilerine kar\u015f\u0131 komplo kuranlar\u0131n adil \u015fekilde yag\u0131lanmas\u0131 ve onlar\u0131n \u00e7ocuklar\u0131n\u0131n kendi \u00e7ocuklar\u0131 gibi ma\u011fdur olmamas\u0131 i\u00e7in \u00e7al\u0131\u015faca\u011f\u0131n\u0131 s\u00f6yledi.<\/p>\n<p style=\"text-align: justify;\">\u0130STANBUL &#8211; Odatv davas\u0131nda tahliyesine karar verilen gazeteci Nedim \u015eener, Silivri \u00e7\u0131k\u0131\u015f\u0131 evinin yolunda NTV\u2019ye konu\u015ftu, evinin \u00f6n\u00fcnde de a\u00e7\u0131klamalarda bulundu.\u00a0<!--more--><\/p>\n<p style=\"text-align: justify;\">Silivri&#8217;den ayr\u0131ld\u0131ktan sonra Bak\u0131rk\u00f6y\u2019deki evine ilerlerken NTV Gece B\u00fclteni\u2019ne telefonla ba\u011flanan \u015eener, Hrant Dink cinayetiyle ilgili Devlet Denetleme Kurulu raporunun hakl\u0131l\u0131klar\u0131n\u0131 ortaya koydu\u011funu s\u00f6yledi ve i\u00e7eride tutuklu olan gazetecilere dikkat \u00e7ekti.<\/p>\n<p style=\"text-align: justify;\">\u015eener, evinin \u00f6n\u00fcnde yapt\u0131\u011f\u0131 a\u00e7\u0131klamada da, &#8220;Bize kar\u015f\u0131 hukuksuz operasyon yapanlar \u015fu an bizi izliyor ve pek mutlu olduklar\u0131n\u0131 zannetmiyorum. Onlar\u0131n adil yarg\u0131lanmas\u0131, \u00e7ocuklar\u0131n\u0131n bizim \u00e7ocuklar\u0131m\u0131z gibi ma\u011fdur olmamas\u0131 i\u00e7in elimden geleni yapaca\u011f\u0131m\u201d dedi.<\/p>\n<p style=\"text-align: justify;\">Nedim \u015eener, NTV\u2019ye yapt\u0131\u011f\u0131 de\u011ferlendirmede, &#8220;\u0130nsan\u0131n \u00f6zg\u00fcrl\u00fc\u011f\u00fcne kavu\u015fmas\u0131 \u00e7ok \u00f6nemli ayr\u0131ca bunun hukuk eliyle ger\u00e7ekle\u015fmesi daha da \u00f6nemli. Adalete olan inanc\u0131m\u0131z\u0131 hep dile getirdik ve bunun i\u00e7erideki b\u00fct\u00fcn arkada\u015flar i\u00e7in ger\u00e7ekle\u015fece\u011fini biliyorum. Biz i\u00e7eriye girdi\u011fimizde tutuklu gazeteci say\u0131s\u0131 60\u2019t\u0131 ve \u015fun an 100\u2019e yakla\u015fm\u0131\u015f durumda. T\u00fcrkiye\u2019ye yak\u0131\u015fmayan bu tablonun sona erece\u011fini biliyorum ve bunun hayaliyle \u00e7al\u0131\u015faca\u011f\u0131m. Onlar\u0131n da tahliye olmas\u0131 i\u00e7in el birli\u011fiyle \u00e7al\u0131\u015faca\u011f\u0131z&#8221; dedi.<\/p>\n<p style=\"text-align: justify;\"><strong>\u0130NFAZ KORUMA MEMURLARININ SIKINTISI<\/strong><\/p>\n<p style=\"text-align: justify;\">\u015eener, tutuklu oldu\u011fu 375 g\u00fcn\u00fcn nas\u0131l ge\u00e7ti\u011fi sorusu kar\u015f\u0131s\u0131nda, cezaevi ko\u015fullar\u0131na ve infaz koruma memurlar\u0131n\u0131n durumuna dikkat \u00e7ekti: &#8220;2 nolu cevazinden 1 nolu cezaevine geldik ve orada ko\u015fullar daha iyiydi. Gazeteci olarak i\u00e7erideyseniz fakl\u0131 oluyor. Adalet Bakanl\u0131\u011f\u0131 personelinin \u00e7ok nitelikli oldu\u011funu s\u00f6yleyebilirim. Poliste ve di\u011fer adli birimlerde kar\u015f\u0131la\u015fmad\u0131\u011f\u0131m\u0131z bir tablo vard\u0131. Onlar\u0131n da ma\u011fduriyeti oldu\u011fu i\u00e7in belki b\u00f6yle&#8230; Biz kendi derdimizi b\u0131rakt\u0131k personalden her ay kesilen 150 TL\u2019ye yak\u0131n paran\u0131n yol a\u00e7t\u0131\u011f\u0131 ma\u011fduriyet i\u00e7in elimizden ne gelir diye d\u00fc\u015f\u00fcnd\u00fck&#8221;<\/p>\n<p style=\"text-align: justify;\"><strong>&#8220;UMUDUMU H\u0130\u00c7 KAYBETMED\u0130M&#8221;<\/strong><\/p>\n<p style=\"text-align: justify;\">Umudunu hi\u00e7 kaybetmedi\u011fini \u00e7\u00fcnk\u00fc masum olduklar\u0131n\u0131 bildiklerini s\u00f6yleyen \u015eener, &#8220;Bunun herkes taraf\u0131ndan kabul edilmesini bekliyorduk. \u00d6nemli olan vicdanlarda temiz kalmak ve insanlar bunu g\u00f6steriyordu. Mahkemenin bunu teyit ediyor olmas\u0131 \u00f6nemli. Umudumu hi\u00e7 kaybetmedim, daha \u00f6nceki duru\u015fmalarda tahliye olmamas\u0131 k\u0131r\u0131c\u0131 oldu ve enerjiyi d\u00fc\u015f\u00fcrd\u00fc ama ben ifla olmaz bir iyimser oldu\u011fum i\u00e7in her zaman adalete inand\u0131m ve hala inan\u0131yorum&#8230;&#8221; dedi.<\/p>\n<p style=\"text-align: justify;\"><strong>&#8220;T\u00dcRK\u0130YE BASINI A\u00c7ISINDAN \u00c7OK \u00d6NEML\u0130&#8221;<\/strong><\/p>\n<p style=\"text-align: justify;\">\u0130\u00e7eride, gazete ve televizyonlar sayesinde her \u015feyi takip ettiklerini, iyi ve k\u00f6t\u00fc s\u00f6zler duyduklar\u0131n\u0131 belirten \u015eener, s\u00f6z\u00fc Hrant Dink cinayetine getirdi: &#8220;Benim 2009 y\u0131l\u0131ndan beri anlatmaya \u00e7al\u0131\u015ft\u0131\u011f\u0131m \u015fey Devlet Denetleme Kurulu raporuyla teyit edilmi\u015f oldu. Bu T\u00fcrkiye bas\u0131n\u0131 a\u00e7\u0131s\u0131ndan \u00e7ok \u00f6nemli. \u00c7\u00fcnk\u00fc di\u011fer faili me\u00e7hullerde her \u015fey net olarak ortaya konmazken burada oldu. Bas\u0131n olarak g\u00f6revimizi yapt\u0131k.&#8221;<\/p>\n<p style=\"text-align: justify;\">&#8220;Evimin \u00f6n\u00fcne geldim&#8221; diyen ve yay\u0131ndan \u00e7\u0131kan \u015eener, Bak\u0131rk\u00f6y\u2019deki soka\u011f\u0131nda da a\u00e7\u0131klamalar yapt\u0131.<\/p>\n<p style=\"text-align: justify;\"><strong>&#8220;ONLAR AD\u0130L YAGILANMALI&#8221;<\/strong><\/p>\n<p style=\"text-align: justify;\">Yak\u0131nlar\u0131 ve kom\u015fular\u0131 taraf\u0131ndan T\u00fcrk bayraklar\u0131 as\u0131lm\u0131\u015f sokakta kar\u015f\u0131lanan \u015eener, &#8220;Mutlulu\u011fumu g\u00f6lgeleyen \u015fey arkam\u0131zda b\u0131rakt\u0131klar\u0131m\u0131zd\u0131r&#8221; dedi.<\/p>\n<p style=\"text-align: justify;\">\u015eener, &#8220;Bu kap\u0131dan \u00e7\u0131karken &#8216;Hrant i\u00e7in adalet i\u00e7in&#8217; diye seslenmi\u015ftim ve ayn\u0131 duygularla giriyorum. Devlet Denetleme Kurulu raporu ortada. 1 y\u0131l bo\u015funa hapis yat\u0131lmad\u0131. Bize kar\u015f\u0131 hukuksuz operasyon yapanlar \u015fu an bizi izliyor ve pek mutlu olduklar\u0131n\u0131 zannetmiyorum. Onlar\u0131n adil yarg\u0131lanmas\u0131 i\u00e7in, \u00e7ocuklar\u0131n\u0131n bizim \u00e7ocuklar\u0131m\u0131z gibi ma\u011fdur olmamas\u0131 i\u00e7in elimden geleni yapaca\u011f\u0131m&#8221; dedi.<\/p>\n<p style=\"text-align: justify;\"><strong>&#8220;MAHKEMEDEN TELK\u0130N OLMADI&#8221;<\/strong><\/p>\n<p style=\"text-align: justify;\">Bundan sonra muhabirli\u011fe devam edece\u011fini s\u00f6yleyen \u015eener, g\u00fcndem sarsmak i\u00e7in de\u011fil ger\u00e7e\u011fi ortaya \u00e7\u0131karmak i\u00e7in haber yapaca\u011f\u0131n\u0131 kaydederek, tahliyelerine karar veren mahkemenin ba\u015fkan\u0131n\u0131n &#8216;\u00e7ok fazla deme\u00e7 vermeyin&#8217; ikaz\u0131nda bulundu\u011fu y\u00f6n\u00fcndeki iddialar\u0131 yalanlad\u0131:<\/p>\n<p style=\"text-align: justify;\">&#8220;\u00d6yle bir \u015fey yok, konu\u015fuyoruz i\u015fte. Mahkeme, ifade \u00f6zg\u00fcrl\u00fc\u011f\u00fcn\u00fc tan\u0131yan bir karar verdi. Emin olun ki dijital verilerin sa\u011fl\u0131kl\u0131 tespitini yapan mahkeme ba\u015fkan\u0131d\u0131r. &#8216;Komplo varsa ortaya \u00e7\u0131karaca\u011f\u0131z, ger\u00e7eklerle yak\u0131\u015ft\u0131rmalar\u0131 birbirinden ay\u0131raca\u011f\u0131z&#8217; diyen mahkeme ba\u015fkan\u0131d\u0131r.&#8221;<\/p>\n<p style=\"text-align: justify;\"><strong>&#8220;DA\u0130RELER \u00c7\u0130Z\u0130YORDUM&#8221;<\/strong><\/p>\n<p style=\"text-align: justify;\">Gazetecilere y\u00f6nelik, &#8220;En \u00e7ok sizi, gazetecili\u011fi, ailemi ve k\u0131z\u0131m\u0131 \u00f6zledim. Allah kimseyi ailesinden ay\u0131rmas\u0131n\u201d diyen \u015eener, &#8220;Ak\u0131l sa\u011fl\u0131m\u0131z\u0131 koruyarak buralara geldik&#8221; dedi ve cezaevi g\u00fcnlerini anlatt\u0131:<\/p>\n<p style=\"text-align: justify;\">&#8220;T\u00fcrkiye\u2019de tutukluluk konusunda s\u0131k\u0131nt\u0131lar var. Adalet Bakanl\u0131\u011f\u0131 \u00e7\u00f6z\u00fclece\u011fini s\u00f6yl\u00fcyor. Biz 1 y\u0131l kald\u0131k ve sizlerin sayesinde kendimizi tutsak hissetmedik. Ancak i\u00e7eride \u00e7ok ma\u011fdur olanlar var. Onlar\u0131n aileleri var ve nas\u0131l yard\u0131mc\u0131 olabiliriz diye u\u011fra\u015faca\u011f\u0131z.<\/p>\n<p style=\"text-align: justify;\">\u0130\u00e7eride yakla\u015f\u0131k 30 kilo verdim. Bu biraz da ya\u015fay\u0131\u015f bi\u00e7imiye alakal\u0131. Spor yapt\u0131m&#8230; KCK\u2019dan tutuklanan Vatan gazetesi \u00e7al\u0131\u015fan\u0131 san\u0131yorum volta at\u0131yor ben ise daireler \u00e7iziyordum. O zaman hem \u00f6n\u00fcn\u00fcze duvar gelmiyor hem de daha \u00e7ok y\u00fcr\u00fcyorsunuz. Ben yakla\u015f\u0131k g\u00fcnde 5-6 km y\u00fcr\u00fcyordum.&#8221;<\/p>\n<p style=\"text-align: justify;\"><strong>K\u0130TAP GEL\u0130YOR!<\/strong><\/p>\n<p style=\"text-align: justify;\">Yeni bir kitap sinyali de veren \u015eener, bu \u00e7al\u0131\u015fman\u0131n tutuklu kald\u0131klar\u0131 s\u00fcreyi, niye orada olduklar\u0131n\u0131 ve kendilerine kar\u015f\u0131 kurulan komplonun ipu\u00e7lar\u0131n\u0131 bar\u0131nd\u0131raca\u011f\u0131n\u0131 s\u00f6yledi.<\/p>\n<p style=\"text-align: justify;\"><a href=\"http:\/\/www.ntvmsnbc.com\/id\/25329857\" target=\"_blank\">Kaynak : NTVMSNBC<\/a><\/p>\n","protected":false},"excerpt":{"rendered":"<p style=\"text-align: center;\">\n<p style=\"text-align: justify;\">Odatv davas\u0131nda tahliye olan gazeteci Nedim \u015eener, bundan sonra kendilerine kar\u015f\u0131 komplo kuranlar\u0131n adil \u015fekilde yag\u0131lanmas\u0131 ve onlar\u0131n \u00e7ocuklar\u0131n\u0131n kendi \u00e7ocuklar\u0131 gibi ma\u011fdur olmamas\u0131 i\u00e7in \u00e7al\u0131\u015faca\u011f\u0131n\u0131 s\u00f6yledi.<\/p>\n<p style=\"text-align: justify;\">\u0130STANBUL &#8211; Odatv davas\u0131nda tahliyesine karar verilen gazeteci Nedim \u015eener, Silivri \u00e7\u0131k\u0131\u015f\u0131 evinin yolunda NTV\u2019ye konu\u015ftu, evinin \u00f6n\u00fcnde de a\u00e7\u0131klamalarda bulundu. <\/p>\n","protected":false},"author":1,"featured_media":0,"comment_status":"open","ping_status":"open","sticky":false,"template":"","format":"standard","meta":{"footnotes":""},"categories":[105],"tags":[],"class_list":["post-49439","post","type-post","status-publish","format-standard","hentry","category-gundem","odd"],"_links":{"self":[{"href":"http:\/\/www.korhanyilmaz.com\/index.php?rest_route=\/wp\/v2\/posts\/49439","targetHints":{"allow":["GET"]}}],"collection":[{"href":"http:\/\/www.korhanyilmaz.com\/index.php?rest_route=\/wp\/v2\/posts"}],"about":[{"href":"http:\/\/www.korhanyilmaz.com\/index.php?rest_route=\/wp\/v2\/types\/post"}],"author":[{"embeddable":true,"href":"http:\/\/www.korhanyilmaz.com\/index.php?rest_route=\/wp\/v2\/users\/1"}],"replies":[{"embeddable":true,"href":"http:\/\/www.korhanyilmaz.com\/index.php?rest_route=%2Fwp%2Fv2%2Fcomments&post=49439"}],"version-history":[{"count":0,"href":"http:\/\/www.korhanyilmaz.com\/index.php?rest_route=\/wp\/v2\/posts\/49439\/revisions"}],"wp:attachment":[{"href":"http:\/\/www.korhanyilmaz.com\/index.php?rest_route=%2Fwp%2Fv2%2Fmedia&parent=49439"}],"wp:term":[{"taxonomy":"category","embeddable":true,"href":"http:\/\/www.korhanyilmaz.com\/index.php?rest_route=%2Fwp%2Fv2%2Fcategories&post=49439"},{"taxonomy":"post_tag","embeddable":true,"href":"http:\/\/www.korhanyilmaz.com\/index.php?rest_route=%2Fwp%2Fv2%2Ftags&post=49439"}],"curies":[{"name":"wp","href":"https:\/\/api.w.org\/{rel}","templated":true}]}}