{"id":49432,"date":"2012-03-12T22:48:36","date_gmt":"2012-03-12T20:48:36","guid":{"rendered":"http:\/\/www.korhanyilmaz.com\/?p=49432"},"modified":"2012-03-13T10:10:05","modified_gmt":"2012-03-13T08:10:05","slug":"sik-cemaat-sener-hrantla-cikti","status":"publish","type":"post","link":"http:\/\/www.korhanyilmaz.com\/?p=49432","title":{"rendered":"\u015e\u0131k &#8216;cemaat&#8217;, \u015eener &#8216;Hrant&#8217;la \u00e7\u0131kt\u0131!"},"content":{"rendered":"<p style=\"text-align: justify;\"><a href=\"http:\/\/www.korhanyilmaz.com\/wp-content\/uploads\/2012\/03\/9127.jpg\"  class=\"lightview\"><img loading=\"lazy\" decoding=\"async\" class=\"aligncenter size-full wp-image-49433\" title=\"\" src=\"http:\/\/www.korhanyilmaz.com\/wp-content\/uploads\/2012\/03\/9127.jpg\" alt=\"\" width=\"278\" height=\"189\" \/><\/a><\/p>\n<p style=\"text-align: justify;\">G\u00f6zalt\u0131na al\u0131n\u0131\u015f\u0131nda \u2018cemaate\u2019 dikkat \u00e7eken Ahmet \u015e\u0131k yine benzer a\u00e7\u0131klamalar, \u2018Hrant i\u00e7in adalet\u2019 diyen Nedim \u015eener de ayn\u0131 s\u00f6zlerle Silivri\u2019den ayr\u0131ld\u0131.<\/p>\n<p style=\"text-align: justify;\">\u0130STANBUL &#8211; Odatv davas\u0131nda 375 g\u00fcn sonra tahliye olan gazeteciler Nedim \u015eener ve Ahmet \u015e\u0131k, Silivri Cezaevi\u2019nden ayr\u0131ld\u0131.<\/p>\n<p style=\"text-align: justify;\">Ailelerinin, yak\u0131nlar\u0131n\u0131n ve b\u00fcy\u00fck bir gazeteci ordusunun kar\u015f\u0131lad\u0131\u011f\u0131 iki gazeteci a\u00e7\u0131klamalarda bulundu.\u00a0<!--more--><\/p>\n<p style=\"text-align: justify;\"><a href=\"http:\/\/www.korhanyilmaz.com\/wp-content\/uploads\/2012\/03\/9128.jpg\"  class=\"lightview\"><img loading=\"lazy\" decoding=\"async\" class=\"alignleft size-full wp-image-49435\" style=\"margin-left: 10px; margin-right: 10px;\" src=\"http:\/\/www.korhanyilmaz.com\/wp-content\/uploads\/2012\/03\/9128.jpg\" alt=\"\" width=\"298\" height=\"209\" \/><\/a>G\u00f6zalt\u0131na al\u0131n\u0131\u015f\u0131nda &#8216;dokunan yanar&#8217; diyerek cemaati hedef alan \u015e\u0131k yine benzer a\u00e7\u0131klamalarda bulunurken, Nedim \u015eener de yine Hrant Dink cinayetine dikkat \u00e7ekti ve ilk haberinin Hrant i\u00e7in olaca\u011f\u0131n\u0131 s\u00f6yledi.<\/p>\n<p style=\"text-align: justify;\">Ahmet \u015e\u0131k ve Nedim \u015eener, di\u011fer iki gazeteci Sait \u00c7ak\u0131r ve Co\u015fkun Musluk ile birlikte, \u0130stanbul 16. A\u011f\u0131r Ceza Mahkemesi\u2019nin tahliye karar\u0131yla Silivri\u2019den ayr\u0131ld\u0131.<\/p>\n<p style=\"text-align: justify;\">Kamera ve objektiflerin \u00e7evrildi\u011fi iki isim \u015eener ve \u015e\u0131k\u2019tan a\u00e7\u0131klamalar geldi. Ahmet \u015e\u0131k, &#8220;Eksik kalm\u0131\u015f adalet, bu \u00fclkeye adalet, hukuk ve demokrasi getirmeyecek&#8221; dedi.<\/p>\n<p style=\"text-align: justify;\"><strong>D\u00dc\u015e\u00dcNCE VE \u0130FADE \u00d6ZG\u00dcRL\u00dc\u011e\u00dc<\/strong><\/p>\n<p style=\"text-align: justify;\">&#8220;Sadece benim davamda 5 tutuklu gazeteci var, Onun d\u0131\u015f\u0131nda 100 kadar gazeteci hala i\u00e7eride\u201d diyen \u015e\u0131k, &#8220;\u0130fade \u00f6zg\u00fcrl\u00fc\u011f\u00fc meselesi bu \u00fclkede sadece gazetecilerin sorunu de\u011fil. 600 civar\u0131nda \u00fcniversite \u00f6\u011frencisi, KCK davas\u0131nda da 6 binin \u00fczerinde tutuklu insan var. Bunlar\u0131n hepsi d\u00fc\u015f\u00fcnce ve ifade \u00f6zg\u00fcrl\u00fc\u011f\u00fc ba\u011flam\u0131nda de\u011ferlendirilmesi gereken tutukluklar. Biz bunun m\u00fccadelesine devam edece\u011fiz&#8221; \u015feklinde konu\u015ftu.<\/p>\n<p style=\"text-align: justify;\"><strong>&#8220;ONLAR \u0130\u00c7ER\u0130YE G\u0130RD\u0130KLER\u0130NDE&#8230;&#8221;<\/strong><\/p>\n<p style=\"text-align: justify;\">\u015e\u0131k, &#8216;Adalet ne zaman sa\u011flanacak?&#8217; sorusununun kendisine sorulmas\u0131 durumunda yan\u0131t\u0131n\u0131n \u015fu olaca\u011f\u0131n\u0131 s\u00f6yledi: &#8220;Bu komployu kuran ve y\u00fcr\u00fcten; polisler, savc\u0131lar ve hakimler bu cezaevine girdi\u011fi zaman. Ben burada and i\u00e7iyorum. O cemaat-\u00e7ete ba\u011flant\u0131l\u0131 adamlar buraya girecek ve onlar buraya girdi\u011finde bu \u00fclkeye adalet gelecek.<\/p>\n<p style=\"text-align: justify;\">\u00c7ok net bir \u015fey var. Cemaat\u00e7i olan herkesi su\u00e7lam\u0131yorum ama bu i\u015fin sorumlular\u0131 cemaat ba\u011flant\u0131l\u0131. Cemaat\u00e7i olup da emniyet, yarg\u0131 ve b\u00fcrokratik \u00f6rg\u00fctlenme i\u00e7inde \u00e7ete gibi \u00e7al\u0131\u015fan adamlar var. As\u0131l sorumlu da bunlar. Siyaseten sorumlusu ise bunlara cevaz veren, ses \u00e7\u0131karmayan AKP h\u00fck\u00fcmetidir.&#8221;<\/p>\n<p style=\"text-align: justify;\">\u015e\u0131k\u2019\u0131n son s\u00f6zleri, &#8220;Ama herkes bilsin. Bunca bask\u0131 ve zul\u00fcmden, o iktidar\u0131n korktu\u011fu bizim de \u00f6zlemini duydu\u011fumu ve m\u00fccadelesini s\u00fcrd\u00fcrd\u00fc\u011f\u00fcm\u00fcz hayat \u00e7\u0131kacak&#8221; oldu.<\/p>\n<p style=\"text-align: justify;\"><strong>\u015eENER AYNI S\u00d6ZLERLE \u00c7IKTI!<\/strong><\/p>\n<p style=\"text-align: justify;\">Nedim \u015eener de, en yak\u0131n\u0131nda e\u015finin oldu\u011fu ortamda a\u00e7\u0131klamalarda bulundu.<\/p>\n<p style=\"text-align: justify;\">&#8220;Hrant i\u00e7in adalet diyerek girdim, Hrant i\u00e7in adalet i\u00e7in diyerek \u00e7\u0131k\u0131yorum&#8221; diyen \u015eener, &#8220;\u00c7\u00fcnk\u00fc Hrant i\u00e7in adalet sa\u011flanmad\u0131\u011f\u0131 s\u00fcrece T\u00fcrkiye\u2019de adaletten, bas\u0131n \u00f6zg\u00fcrl\u00fc\u011f\u00fcnden ve g\u00fcvenlikten bahsedemeyiz. Hrant\u2019\u0131 katleden karanl\u0131k g\u00fc\u00e7ler bug\u00fcn bizim \u00f6zg\u00fcrl\u00fc\u011f\u00fcm\u00fcz\u00fc tehdit ediyor. Gazetecili\u011fi tehdit ediyorlar ama ba\u015far\u0131l\u0131 olamayacaklar&#8221; \u015feklinde konu\u015ftu.<\/p>\n<p style=\"text-align: justify;\">Baz\u0131 kurumlar\u0131n Hrant Dink cinayetini karartma \u00e7abalar\u0131 kar\u015f\u0131s\u0131nda gazetecili\u011fin bu cinayeti ayd\u0131nlatmak i\u00e7in didindi\u011fini s\u00f6yleyen \u015eener, &#8220;Beni \u00f6nce 30 y\u0131l hapisle yarg\u0131lad\u0131lar sonra da bir komployla hapse att\u0131lar. Ama \u00f6zg\u00fcrl\u00fck sava\u015f\u00e7\u0131lar\u0131n\u0131n ve d\u00fcnyan\u0131n sayesinde \u00f6zg\u00fcr kald\u0131k. Bundan sonra b\u00fct\u00fcn amac\u0131m\u0131z meslekta\u015f\u0131m\u0131z Hrant\u2019\u0131n kan\u0131n\u0131 yerde b\u0131rakmamak olacak&#8221; dedi.<\/p>\n<p style=\"text-align: justify;\"><strong>\u0130LK HRANT HABER\u0130 YAPACAK<\/strong><\/p>\n<p style=\"text-align: justify;\">\u015eener, &#8216;ilk ne haberi yapacaks\u0131n?&#8217; sorusu kar\u0131\u015f\u0131s\u0131nda, &#8220;Yine Hrant Dink haberi yapaca\u011f\u0131m ve sizi \u015fa\u015f\u0131rtaca\u011f\u0131m&#8221; derken, &#8216;En \u00e7ok neyi \u00f6zledin?\u2019 sorusuna da, &#8220;K\u0131z\u0131m\u0131 okula g\u00f6t\u00fcrmeyi&#8221; yan\u0131t\u0131 verdi ve o s\u0131rada araya giren e\u015fi, &#8220;Hadi \u00e7ocuk bekliyor&#8221; diyerek \u015eener\u2019i yine a\u00e7\u0131klama yapaca\u011f\u0131 di\u011fer bas\u0131n ordusunun oldu\u011fu b\u00f6lgeye y\u00f6neltti.<\/p>\n<p style=\"text-align: justify;\">\u015eener burada da, &#8220;Asla yalan s\u00f6ylemedim, her zaman ger\u00e7e\u011fin pe\u015finde oldum ve bunu payla\u015ft\u0131m. B\u00f6yle de devam edecek. Sizden ricam, Hrant Dink cinayetine kar\u0131\u015fanlar\u0131n yag\u0131lanmas\u0131 i\u00e7in elimizden geleni yapmam\u0131zd\u0131r. Beni \u00f6nce yarg\u0131lad\u0131lar sonra da hapise att\u0131lar ama ba\u015far\u0131l\u0131 olamad\u0131lar. Ger\u00e7ek hapsedilmez&#8221; \u015feklinde konu\u015ftu.<\/p>\n<p style=\"text-align: justify;\"><a href=\"http:\/\/www.ntvmsnbc.com\/id\/25329847\/\" target=\"_blank\">Kaynak : NTVMSNBC<\/a><\/p>\n","protected":false},"excerpt":{"rendered":"<p style=\"text-align: justify;\">\n<p style=\"text-align: justify;\">G\u00f6zalt\u0131na al\u0131n\u0131\u015f\u0131nda \u2018cemaate\u2019 dikkat \u00e7eken Ahmet \u015e\u0131k yine benzer a\u00e7\u0131klamalar, \u2018Hrant i\u00e7in adalet\u2019 diyen Nedim \u015eener de ayn\u0131 s\u00f6zlerle Silivri\u2019den ayr\u0131ld\u0131.<\/p>\n<p style=\"text-align: justify;\">\u0130STANBUL &#8211; Odatv davas\u0131nda 375 g\u00fcn sonra tahliye olan gazeteciler Nedim \u015eener ve Ahmet \u015e\u0131k, Silivri Cezaevi\u2019nden ayr\u0131ld\u0131.<\/p>\n<p style=\"text-align: justify;\">Ailelerinin, yak\u0131nlar\u0131n\u0131n ve b\u00fcy\u00fck bir gazeteci ordusunun <\/p>\n","protected":false},"author":1,"featured_media":0,"comment_status":"open","ping_status":"open","sticky":false,"template":"","format":"standard","meta":{"footnotes":""},"categories":[105],"tags":[],"class_list":["post-49432","post","type-post","status-publish","format-standard","hentry","category-gundem","odd"],"_links":{"self":[{"href":"http:\/\/www.korhanyilmaz.com\/index.php?rest_route=\/wp\/v2\/posts\/49432","targetHints":{"allow":["GET"]}}],"collection":[{"href":"http:\/\/www.korhanyilmaz.com\/index.php?rest_route=\/wp\/v2\/posts"}],"about":[{"href":"http:\/\/www.korhanyilmaz.com\/index.php?rest_route=\/wp\/v2\/types\/post"}],"author":[{"embeddable":true,"href":"http:\/\/www.korhanyilmaz.com\/index.php?rest_route=\/wp\/v2\/users\/1"}],"replies":[{"embeddable":true,"href":"http:\/\/www.korhanyilmaz.com\/index.php?rest_route=%2Fwp%2Fv2%2Fcomments&post=49432"}],"version-history":[{"count":0,"href":"http:\/\/www.korhanyilmaz.com\/index.php?rest_route=\/wp\/v2\/posts\/49432\/revisions"}],"wp:attachment":[{"href":"http:\/\/www.korhanyilmaz.com\/index.php?rest_route=%2Fwp%2Fv2%2Fmedia&parent=49432"}],"wp:term":[{"taxonomy":"category","embeddable":true,"href":"http:\/\/www.korhanyilmaz.com\/index.php?rest_route=%2Fwp%2Fv2%2Fcategories&post=49432"},{"taxonomy":"post_tag","embeddable":true,"href":"http:\/\/www.korhanyilmaz.com\/index.php?rest_route=%2Fwp%2Fv2%2Ftags&post=49432"}],"curies":[{"name":"wp","href":"https:\/\/api.w.org\/{rel}","templated":true}]}}