{"id":49429,"date":"2012-03-11T18:50:19","date_gmt":"2012-03-11T16:50:19","guid":{"rendered":"http:\/\/www.korhanyilmaz.com\/?p=49429"},"modified":"2012-03-11T19:15:17","modified_gmt":"2012-03-11T17:15:17","slug":"nezaketimiz-acziyetimizden-degildir","status":"publish","type":"post","link":"http:\/\/www.korhanyilmaz.com\/?p=49429","title":{"rendered":"&#8220;Nezaketimiz acziyetimizden de\u011fildir&#8221;"},"content":{"rendered":"<p style=\"text-align: center;\"><a href=\"http:\/\/www.korhanyilmaz.com\/wp-content\/uploads\/2012\/03\/9126.jpg\"  class=\"lightview\"><img loading=\"lazy\" decoding=\"async\" class=\"aligncenter  wp-image-49430\" src=\"http:\/\/www.korhanyilmaz.com\/wp-content\/uploads\/2012\/03\/9126.jpg\" alt=\"\" width=\"396\" height=\"180\" \/><\/a><\/p>\n<p style=\"text-align: justify;\">TBMM Milli E\u011fitim, K\u00fclt\u00fcr, Gen\u00e7lik ve Spor Komisyonu Ba\u015fkan\u0131 Nabi Avc\u0131, olayl\u0131 biten komisyon hakk\u0131nda a\u00e7\u0131klama yapt\u0131.<\/p>\n<p style=\"text-align: justify;\">ANKARA &#8211; TBMM Milli E\u011fitim, K\u00fclt\u00fcr, Gen\u00e7lik ve Spor Komisyonu Ba\u015fkan\u0131 Nabi Avc\u0131, CHP Genel Ba\u015fkan\u0131 Kemal K\u0131l\u0131\u00e7daro\u011flu&#8217;nu su\u00e7layarak, &#8220;Milletvekillerine mesaj atarak, komisyona y\u00f6nlendirip sonuna kadar direnmelerini istedi&#8221; dedi. D\u00fcnya demokrasilerinde &#8220;\u015fiddete ba\u015fvurulmad\u0131\u011f\u0131 s\u00fcrece&#8221; muhalefetin engelleme \u00e7al\u0131\u015fmalar\u0131n\u0131 sayg\u0131 ile kar\u015f\u0131lad\u0131klar\u0131n\u0131 ifade eden Avc\u0131, &#8220;Nezaketimiz, acziyetimizden de\u011fildir&#8221; diyerek &#8220;Bug\u00fcn CHP Grup Ba\u015fkanvekili Akif Hamza\u00e7ebi&#8217;nin att\u0131\u011f\u0131 k\u0131rtasiye malzemesi kafama gelseydi, \u015fimdi hastanede olurdum&#8221; dedi.\u00a0<!--more--><\/p>\n<p style=\"text-align: justify;\">TBMM&#8217;de bir bas\u0131n toplant\u0131s\u0131 yapan Avc\u0131, 10 g\u00fcnl\u00fck komisyon \u00e7al\u0131\u015fmalar\u0131na ili\u015fkin bilgi verdi. AKP&#8217;li di\u011fer 5 komisyon \u00fcyesiyle beraber toplant\u0131ya gelen Avc\u0131, g\u00f6r\u00fc\u015fmeler s\u0131ras\u0131nda 342 konu\u015fma yap\u0131ld\u0131\u011f\u0131n\u0131, belirterek \u015fu bilgileri verdi:<\/p>\n<p style=\"text-align: justify;\">&#8220;Bu konu\u015fmalardan komisyon \u00fcyesi AK Partili \u00fcyeler 22 konu\u015fma yapt\u0131lar. CHP&#8217;li \u00fcyeler 30 konu\u015fma. MHP&#8217;li \u00fcyeler 15 konu\u015fma yapt\u0131. Komisyon \u00fcyesi olmayan milletvekilleri 104 konu\u015fma yapt\u0131lar. Bu 104 konu\u015fman\u0131n 4 tanesi AK Partili, 94 tanesi CHP, 2 MHP, 4&#8217;de BDP Milletvekiliydi. Alt komisyon \u00e7al\u0131\u015fmalar\u0131 ile birlikte komisyonumuz toplam 91 saat 41 dakika g\u00f6r\u00fc\u015ft\u00fc. Bu g\u00f6r\u00fc\u015fmeler sonucunda \u0130lk\u00f6\u011fretim E\u011fitim Kanunu \u0130le Baz\u0131 Kanunlarda De\u011fi\u015fiklik Yap\u0131lmas\u0131na \u0130li\u015fkin Kanun Tasar\u0131s\u0131 kabul edildi.<\/p>\n<p style=\"text-align: justify;\">Komisyon \u00e7al\u0131\u015fmalar\u0131m\u0131z parlamenter demokrasi team\u00fcllerine uygun bir bi\u00e7imde ba\u015flad\u0131 fakat ne yaz\u0131k ki \u00f6zellikle CHP&#8217;li milletvekillerinin t\u00fcm bu s\u00fcre\u00e7 boyunca komisyonu \u00e7al\u0131\u015ft\u0131rmamak engellemek ve m\u00fcmk\u00fcnse hi\u00e7 \u00e7al\u0131\u015ft\u0131rmamak y\u00f6n\u00fcndeki b\u00fct\u00fcn gayretlerine ra\u011fmen komisyonumuz b\u00fcy\u00fck bir olgunluk g\u00f6stererek \u00e7al\u0131\u015fmalar\u0131n demokratik nezaket ve team\u00fcller do\u011frultusunda tamamlanmas\u0131 i\u00e7in b\u00fcy\u00fck gayret g\u00f6sterdi. Ne yaz\u0131k ki engelleme te\u015febb\u00fcsleri k\u00fcrs\u00fc i\u015fgaline kadar dayand\u0131.<\/p>\n<p style=\"text-align: justify;\">Son olarak da bug\u00fcn CHP Genel Ba\u015fkan\u0131 Say\u0131n K\u0131l\u0131\u00e7daro\u011flu&#8217;nun d\u00fcn CHP&#8217;li milletvekillerini \u00f6zellikle komisyon toplant\u0131lar\u0131na \u00e7a\u011f\u0131ran mesajlar\u0131 ile ortam sa\u011fl\u0131kl\u0131 bir bi\u00e7imde \u00e7al\u0131\u015famaz hale getirdi. \u00d6zellikle AK Partili milletvekili arkada\u015flar\u0131m\u0131z\u0131n divan\u0131n i\u00e7 t\u00fcz\u00fc\u011fe uygun bir bi\u00e7imde \u00e7al\u0131\u015fabilmesi i\u00e7in g\u00f6sterdikleri ola\u011fan\u00fcst\u00fc gayrete te\u015fekk\u00fcr ediyorum. Komisyonumuz ve divan\u0131m\u0131z i\u00e7 t\u00fcz\u00fc\u011f\u00fcn kedisine verdi\u011fi yetki ve sorumluluklar\u0131 b\u00fct\u00fcn \u015fartlar\u0131 zorlayarak parlamenter demokrasiye uygun bi\u00e7ime tamamlamak i\u00e7in b\u00fcy\u00fck gayret g\u00f6sterdi. Divandaki arkada\u015flar\u0131m\u0131za alt komisyon \u00e7al\u0131\u015fmalar\u0131 y\u00fcr\u00fcten arkada\u015flar\u0131ma te\u015fekk\u00fcr ediyorum.&#8221;<\/p>\n<p style=\"text-align: justify;\"><strong>&#8220;KILI\u00c7DARO\u011eLU, M\u0130LLETVEK\u0130LLER\u0130N\u0130 MESAJLA Y\u00d6NLEND\u0130RD\u0130&#8221;<\/strong><\/p>\n<p style=\"text-align: justify;\">K\u0131l\u0131\u00e7daro\u011flu&#8217;nu &#8220;K\u0131talar halinde milletvekillerini komisyona sevk etti\u011fini&#8221; ifade eden Avc\u0131, &#8220;Kaba g\u00fcce dayal\u0131 engelleme \u00e7abalar\u0131na ra\u011fmen teklifin komisyondaki g\u00f6r\u00fc\u015fmelerin tamamlanm\u0131\u015f olmas\u0131 her\u015feye ra\u011fmen sevindiricidir&#8221; dedi. Avc\u0131 \u015f\u00f6yle devam etti:<\/p>\n<p style=\"text-align: justify;\">&#8220;Bu tart\u0131\u015fmalar s\u0131ras\u0131nda 91 saat 41 dakika s\u00fcren \u00e7al\u0131\u015fmalar s\u0131ras\u0131nda CHP&#8217;li komisyon \u00fcyeleri ve milletvekilleri, ama\u00e7lar\u0131 bu teklifin geri \u00e7ektirilmesi oldu\u011funu, engelleme \u00e7abalar\u0131n\u0131n da buna y\u00f6nelik oldu\u011funu vurgulad\u0131lar. Bu s\u00fcre\u00e7 katk\u0131 s\u00fcrecinde ziyade komisyonun geri \u00e7ektirilmesine y\u00f6nelikti. Komisyonumuz bu tehdit ve zorbal\u0131\u011fa boyun e\u011fmedi. Bug\u00fcnk\u00fc g\u00f6r\u00fc\u015fmelerde siz bas\u0131n mensuplar\u0131n\u0131 da s\u0131k\u0131nt\u0131ya d\u00fc\u015f\u00fcren manzaralar ya\u015fand\u0131. Kameraman arkada\u015flar\u0131m\u0131z\u0131n oradaki naho\u015f hareketlerden etkilenmemeleri i\u00e7in uzun bir s\u00fcre arkada\u015flar\u0131m\u0131z\u0131 d\u0131\u015far\u0131ya \u00e7\u0131karmaya \u00e7al\u0131\u015ft\u0131k. Bana verilen bilgiye g\u00f6re, \u00e7\u00fcnk\u00fc benim ve divan\u0131n bulundu\u011fumuz yerden salonun t\u00fcm\u00fcn\u00fc g\u00f6rmemiz m\u00fcmk\u00fcn olamad\u0131. \u00d6zelikle toplant\u0131n\u0131n a\u00e7\u0131l\u0131\u015f a\u015famas\u0131nda kameraman arkada\u015flar\u0131 d\u0131\u015far\u0131 \u00e7\u0131karma gayretlerimiz CHP&#8217;li vekiller taraf\u0131ndan komisyonun kap\u0131s\u0131 kapat\u0131larak engellendi. Bu nedenle ya\u015fad\u0131\u011f\u0131n\u0131z s\u0131k\u0131nt\u0131lardan \u00f6t\u00fcr\u00fc her \u015feye ra\u011fmen komisyon ba\u015fkan\u0131 olarak \u00f6z\u00fcr diliyorum. Sizin i\u00e7in daha sa\u011fl\u0131kl\u0131 bir \u00e7al\u0131\u015fma ortam\u0131 olu\u015fturabilmek i\u00e7in elimizden gelen gayreti g\u00f6sterdik ama sadece siz de\u011fil ben de \u00e7ok g\u00fc\u00e7 \u015fartlarda \u00e7al\u0131\u015ft\u0131m.&#8221;<\/p>\n<p style=\"text-align: justify;\"><strong>CHP&#8217;L\u0130 HAMZA\u00c7EB\u0130&#8217;YE SU\u00c7LAMA<\/strong><\/p>\n<p style=\"text-align: justify;\">Baz\u0131 haberlerde kendisine y\u00f6nelik at\u0131lan k\u0131rtasiye malzemesinden bahsedildi\u011fini hat\u0131rlatan Avc\u0131, &#8220;300-400 gram a\u011f\u0131rl\u0131\u011f\u0131ndaki bu bantl\u0131k, 5-6 cm kafam\u0131n yan\u0131ndan ge\u00e7ti. K\u0131rtasiye malzemesi dedikleri bu. En kabas\u0131 bu. Ben atan\u0131 g\u00f6rmedim ama g\u00f6ren arkada\u015flar\u0131m var. Kafam\u0131 s\u0131y\u0131rmasayd\u0131, \u00e7apma olsayd\u0131 hastanede yat\u0131yor olacakt\u0131m. Bu say\u0131n Akif Hamza\u00e7ebi taraf\u0131ndan komisyon ba\u015fkan\u0131na at\u0131lan k\u0131rtasiye malzemesidir&#8221; dedi.<\/p>\n<p style=\"text-align: justify;\">Avc\u0131 \u015funlar\u0131 s\u00f6yledi:<\/p>\n<p style=\"text-align: justify;\">&#8220;Say\u0131n K\u0131l\u0131\u00e7daro\u011flu (kara leke) demi\u015f. O kara lekeyi ben sizleri ve kamuoyunun bilgisine sunuyorum. Yine vurgulamakta yarar g\u00f6r\u00fcyorum. Meclis tarihinde ilk defa bir siyasi parti genel ba\u015fkan\u0131 milletvekillerine mesaj g\u00f6ndererek komisyon odas\u0131nda toplanmalar\u0131n\u0131 ve direnerek fiili g\u00fc\u00e7 kullanmalar\u0131n\u0131 tavsiye ederek \u00e7al\u0131\u015fmalar\u0131 engellemelerini \u00f6rg\u00fctlemi\u015ftir. Yine yap\u0131lan a\u00e7\u0131klamalardan anl\u0131yoruz ki, bu kaba g\u00fcce dayal\u0131 engelleme giri\u015fimleri genel kurul a\u015famas\u0131nda da s\u00fcrd\u00fcr\u00fclecektir.<\/p>\n<p style=\"text-align: justify;\">Ben milletimizin t\u00fcm bu geli\u015fmeleri gere\u011fi gibi de\u011ferlendirece\u011fine ve h\u00fckm\u00fcn\u00fc de ona g\u00f6re verece\u011fine inan\u0131yorum. Bu g\u00f6r\u00fc\u015fmelerin ba\u015flad\u0131\u011f\u0131 demokratik olgunluk i\u00e7inde sona ermemi\u015f olmas\u0131ndan duydu\u011fum \u00fcz\u00fcnt\u00fcy\u00fc vurgulayarak s\u00f6zlerimi bitiriyorum.&#8221;<\/p>\n<p style=\"text-align: justify;\">Bu arada gazetecilerin tasar\u0131n\u0131n kabul\u00fcn\u00fcn &#8220;me\u015fru olup olmad\u0131\u011f\u0131&#8221; y\u00f6n\u00fcndeki sorular\u0131n\u0131 da cevaplayan Avc\u0131, &#8220;Me\u015fru bir i\u015f yapmam\u0131\u015f olsak, herhalde burada olmazd\u0131k. Biz muhalefetin engellemelerini \u015fiddete ba\u015fvurmad\u0131klar\u0131 s\u00fcrece, d\u00fcnyadaki di\u011fer demokrasilerde oldu\u011fu gibi anlay\u0131\u015fla kar\u015f\u0131lad\u0131k. Ama daha \u00f6nce de s\u00f6yledim, (Nezaketimiz, acziyetimizden de\u011fildir) diye. K\u00fcrs\u00fc i\u015fgali, \u00e7al\u0131\u015fmalara kaba \u015fiddet ile engel olmaya \u00e7al\u0131\u015fmak, bunu ho\u015f g\u00f6rmemiz m\u00fcmk\u00fcn de\u011fil&#8221; dedi.<\/p>\n<p style=\"text-align: justify;\"><a href=\"http:\/\/www.gazeteport.com.tr\/haber\/83964\/nezaketimiz_acziyetimizden_degildir\" target=\"_blank\">Kaynak : GAZETEPORT<\/a><\/p>\n","protected":false},"excerpt":{"rendered":"<p style=\"text-align: center;\">\n<p style=\"text-align: justify;\">TBMM Milli E\u011fitim, K\u00fclt\u00fcr, Gen\u00e7lik ve Spor Komisyonu Ba\u015fkan\u0131 Nabi Avc\u0131, olayl\u0131 biten komisyon hakk\u0131nda a\u00e7\u0131klama yapt\u0131.<\/p>\n<p style=\"text-align: justify;\">ANKARA &#8211; TBMM Milli E\u011fitim, K\u00fclt\u00fcr, Gen\u00e7lik ve Spor Komisyonu Ba\u015fkan\u0131 Nabi Avc\u0131, CHP Genel Ba\u015fkan\u0131 Kemal K\u0131l\u0131\u00e7daro\u011flu&#8217;nu su\u00e7layarak, &#8220;Milletvekillerine mesaj atarak, komisyona y\u00f6nlendirip sonuna kadar direnmelerini istedi&#8221; dedi. D\u00fcnya demokrasilerinde <\/p>\n","protected":false},"author":1,"featured_media":0,"comment_status":"open","ping_status":"open","sticky":false,"template":"","format":"standard","meta":{"footnotes":""},"categories":[105],"tags":[],"class_list":["post-49429","post","type-post","status-publish","format-standard","hentry","category-gundem","odd"],"_links":{"self":[{"href":"http:\/\/www.korhanyilmaz.com\/index.php?rest_route=\/wp\/v2\/posts\/49429","targetHints":{"allow":["GET"]}}],"collection":[{"href":"http:\/\/www.korhanyilmaz.com\/index.php?rest_route=\/wp\/v2\/posts"}],"about":[{"href":"http:\/\/www.korhanyilmaz.com\/index.php?rest_route=\/wp\/v2\/types\/post"}],"author":[{"embeddable":true,"href":"http:\/\/www.korhanyilmaz.com\/index.php?rest_route=\/wp\/v2\/users\/1"}],"replies":[{"embeddable":true,"href":"http:\/\/www.korhanyilmaz.com\/index.php?rest_route=%2Fwp%2Fv2%2Fcomments&post=49429"}],"version-history":[{"count":0,"href":"http:\/\/www.korhanyilmaz.com\/index.php?rest_route=\/wp\/v2\/posts\/49429\/revisions"}],"wp:attachment":[{"href":"http:\/\/www.korhanyilmaz.com\/index.php?rest_route=%2Fwp%2Fv2%2Fmedia&parent=49429"}],"wp:term":[{"taxonomy":"category","embeddable":true,"href":"http:\/\/www.korhanyilmaz.com\/index.php?rest_route=%2Fwp%2Fv2%2Fcategories&post=49429"},{"taxonomy":"post_tag","embeddable":true,"href":"http:\/\/www.korhanyilmaz.com\/index.php?rest_route=%2Fwp%2Fv2%2Ftags&post=49429"}],"curies":[{"name":"wp","href":"https:\/\/api.w.org\/{rel}","templated":true}]}}