{"id":49425,"date":"2012-03-11T16:59:41","date_gmt":"2012-03-11T14:59:41","guid":{"rendered":"http:\/\/www.korhanyilmaz.com\/?p=49425"},"modified":"2012-03-11T19:04:29","modified_gmt":"2012-03-11T17:04:29","slug":"isterlerse-tanklariyla-toplariyla-gelsinler","status":"publish","type":"post","link":"http:\/\/www.korhanyilmaz.com\/?p=49425","title":{"rendered":"&#8220;\u0130sterlerse tanklar\u0131yla toplar\u0131yla gelsinler&#8221;"},"content":{"rendered":"<p style=\"text-align: center;\"><a href=\"http:\/\/www.korhanyilmaz.com\/wp-content\/uploads\/2012\/03\/9124.jpg\"  class=\"lightview\"><img loading=\"lazy\" decoding=\"async\" class=\"aligncenter  wp-image-49426\" src=\"http:\/\/www.korhanyilmaz.com\/wp-content\/uploads\/2012\/03\/9124.jpg\" alt=\"\" width=\"396\" height=\"180\" \/><\/a><\/p>\n<p style=\"text-align: justify;\">CHP lideri K\u0131l\u0131\u00e7daro\u011flu, E\u011fitim Komisyonu&#8217;nda \u00e7\u0131kan kavgan\u0131n ard\u0131ndan a\u00e7\u0131klama yapt\u0131.<\/p>\n<p style=\"text-align: justify;\">\u0130STANBUL-ANKARA \/ CHP Genel Ba\u015fkan\u0131 Kemal K\u0131l\u0131\u00e7daro\u011flu, TBMM Milli E\u011fitim, K\u00fclt\u00fcr, Gen\u00e7lik ve Spor Komisyonundaki kavgay\u0131 de\u011ferlendirirken, &#8221;Bu, demokrasi tarihimiz a\u00e7\u0131s\u0131ndan kara bir lekedir. Tanklar\u0131yla, toplar\u0131yla gelsinler, konu\u015faca\u011f\u0131z&#8221; dedi.\u00a0<!--more--><\/p>\n<p style=\"text-align: justify;\">CHP Genel Ba\u015fkan\u0131 K\u0131l\u0131\u00e7daro\u011flu, partisince Swissotel&#8217;de d\u00fczenlenen toplant\u0131n\u0131n ard\u0131ndan, bas\u0131n mensuplar\u0131n\u0131n TBMM Milli E\u011fitim, K\u00fclt\u00fcr, Gen\u00e7lik ve Spor Komisyonundaki kavgaya ili\u015fkin sorular\u0131n\u0131 yan\u0131tlad\u0131.K\u0131l\u0131\u00e7daro\u011flu, e\u011fitim uzmanlar\u0131 ile gazetecilerle bir araya geldiklerini ve toplant\u0131n\u0131n g\u00fczel ge\u00e7ti\u011fini belirterek, e\u011fitim uzmanlar\u0131n\u0131n yasa teklifinin do\u011furaca\u011f\u0131 sorunlar\u0131 anlatt\u0131\u011f\u0131n\u0131, gazetecilerin ise baz\u0131 teknik ba\u011flamda sorular\u0131n\u0131n oldu\u011funu ifade etti.<\/p>\n<p style=\"text-align: justify;\">Bir gazetecinin, &#8221;Zorunlu e\u011fitimi 12 y\u0131la \u00e7\u0131karan kanun teklifinin TBMM Milli E\u011fitim, K\u00fclt\u00fcr, Gen\u00e7lik ve Spor Komisyonunda g\u00f6r\u00fc\u015f\u00fclmesi s\u0131ras\u0131nda, CHP&#8217;li ve AK Partili \u00fcyeler aras\u0131nda tart\u0131\u015fma ya\u015fand\u0131. Bu konuda ne d\u00fc\u015f\u00fcn\u00fcyorsunuz?&#8221; sorusu \u00fczerine K\u0131l\u0131\u00e7daro\u011flu, parlamentodaki g\u00f6r\u00fc\u015fmelerin demokrasi tarihi a\u00e7\u0131s\u0131ndan kara bir g\u00fcn olarak kayda ge\u00e7ti\u011fini belirtti. K\u0131l\u0131\u00e7daro\u011flu, \u015fu g\u00f6r\u00fc\u015fleri ifade etti:<\/p>\n<p style=\"text-align: justify;\">&#8221;E\u015fk\u0131yan\u0131n parlamentoda oldu\u011funu bize hat\u0131rlatt\u0131lar. Milletvekillerimizin tekmelenmesi, onlar\u0131n konu\u015fturulmamas\u0131, bask\u0131 uygulanmas\u0131, demokrasi a\u00e7\u0131s\u0131ndan ay\u0131pt\u0131r. Yaz\u0131kt\u0131r bu \u00fclkeye. \u00c7ocuklar\u0131m\u0131z\u0131n gelece\u011fi i\u00e7in \u00fcz\u00fcl\u00fcyoruz. B\u00fct\u00fcn kavga \u00e7ocuklar i\u00e7in, \u00e7ocuklar\u0131m\u0131z\u0131n gelece\u011fi i\u00e7in. Siz b\u00fct\u00fcn e\u011fitimi bir tarafa b\u0131rak\u0131yorsunuz, e\u011fitim uzmanlar\u0131n\u0131 bir tarafa b\u0131rak\u0131yorsunuz, Bakanlar\u0131 bir tarafa b\u0131rak\u0131yorsunuz, parlamentoda militanlar\u0131n\u0131zla beraber bir teklifi yasala\u015ft\u0131rmak i\u00e7in m\u00fccadele ediyorsunuz. Bunu yaparken de muhalefeti konu\u015fturtmuyorsunuz.<\/p>\n<p style=\"text-align: justify;\">Muhalefet konu\u015fmayacak. Muhalefet en do\u011fal hakk\u0131 olan muhalefet g\u00f6revini yerine getirmeyecek. Ni\u00e7in? Efendim, Say\u0131n Erdo\u011fan rahats\u0131z oluyormu\u015f. Bir an \u00f6nce ge\u00e7mesi gerekiyormu\u015f, b\u0131rak\u0131n olgunla\u015fs\u0131n, b\u0131rak\u0131n tart\u0131\u015fal\u0131m. Sal\u0131 g\u00fcn\u00fc bu konuya \u00e7ok daha ayr\u0131nt\u0131l\u0131 girece\u011fim. \u00c7\u00fcnk\u00fc arkada\u015flardan baz\u0131 bilgiler ald\u0131m ama hen\u00fcz ayr\u0131nt\u0131lar\u0131 bilmiyoruz. Sal\u0131 g\u00fcnk\u00fc konu\u015fmada t\u00fcm ayr\u0131nt\u0131lara girip de\u011ferlendirece\u011fim. Grup ba\u015fkan vekillerimize s\u00f6z verilmedi. Zaten yap\u0131lan yasa d\u0131\u015f\u0131 bir i\u015f. Bu, demokrasi tarihimiz a\u00e7\u0131s\u0131ndan kara bir lekedir. Bir milletvekiline, hani diyorlar ya &#8216;milli irade milli irade&#8230;&#8217; Halk\u0131n se\u00e7ti\u011fi milletvekili b\u0131rak\u0131n konu\u015fsun, &#8216;hay\u0131r efendim konu\u015fmas\u0131n, konu\u015fursa dayak atar\u0131z.&#8217; Tanklar\u0131yla toplar\u0131yla gelsinler, konu\u015faca\u011f\u0131z.&#8221;<\/p>\n<p style=\"text-align: justify;\"><strong>PARLAMENTER DEMOKRAS\u0130 F\u0130\u0130LEN SONA ERM\u0130\u015eT\u0130R<\/strong><\/p>\n<p style=\"text-align: justify;\">CHP Grup Ba\u015fkanvekili Muharrem \u0130nce, TBMM Milli E\u011fitim, K\u00fclt\u00fcr, Gen\u00e7lik ve Spor Komisyonundaki kavgay\u0131 de\u011ferlendirirken, &#8221;Parlamenter demokrasi fiilen sona ermi\u015ftir. Bu i\u015f bitti&#8221; dedi.<\/p>\n<p style=\"text-align: justify;\">\u0130nce, TBMM Milli E\u011fitim, K\u00fclt\u00fcr, Gen\u00e7lik ve Spor Komisyonundaki kavgan\u0131n ard\u0131ndan, CHP Grup Ba\u015fkanvekili Akif Hamza\u00e7ebi ve milletvekilleriyle birlikte TBMM&#8217;de bas\u0131n toplant\u0131s\u0131 d\u00fczenledi.<\/p>\n<p style=\"text-align: justify;\">&#8221;Yere d\u00fc\u015fm\u00fc\u015f arkada\u015f\u0131m\u0131za tekme atan bir \u015f&#8230;.siz vard\u0131&#8221; ifadesini kullanan \u0130nce, &#8221;Hangi mahkeme ne yap\u0131yorsa yaps\u0131n. \u0130nsanl\u0131ktan nasibini almam\u0131\u015f mahluklar&#8221; diye konu\u015ftu. \u0130nce, \u015f\u00f6yle devam etti:<\/p>\n<p style=\"text-align: justify;\">&#8221;AKP&#8217;liler, &#8216;bizim \u00e7o\u011funlu\u011fumuz var, sizi konu\u015fturmay\u0131z, gerekirse d\u00f6veriz&#8217; diyorlar anlayaca\u011f\u0131n\u0131z. Milletvekili d\u00f6v\u00fcyorlar, gazeteci d\u00f6v\u00fcyorlar. Burada bizim can g\u00fcvenli\u011fimiz de kalmad\u0131. Y\u00fcre\u011fi olan herkese sesleniyorum; CHP burada. Bunlara ezilmeyece\u011fiz, pes etmeyece\u011fiz. Parlamenter demokrasi fiilen sona ermi\u015ftir. Bu i\u015f bitti.&#8221;<\/p>\n<p style=\"text-align: justify;\">CHP Grup Ba\u015fkanvekili Akif Hamza\u00e7ebi ise &#8221;Bug\u00fcn \u00e7o\u011funlu\u011fun zorbal\u0131\u011f\u0131n\u0131n TBMM ve T\u00fcrk milletinin tarihine ge\u00e7irildi\u011fi g\u00fcnd\u00fcr. Bug\u00fcne kadar ben AKP&#8217;nin e\u011filimini &#8216;otoriter e\u011filim, otoriter rejim&#8217; olarak tan\u0131ml\u0131yordum ama otoriter rejim AKP&#8217;yi tan\u0131mlamakta art\u0131k yetersiz kalm\u0131\u015ft\u0131r, onun da \u00f6tesine ge\u00e7mi\u015ftir. CHP bu teklifin pe\u015fini b\u0131rakmayacakt\u0131r&#8221; dedi. CHP milletvekilleri daha sonra &#8221;Kahrolsun fa\u015fizm&#8221; \u015feklinde slogan att\u0131.<\/p>\n<p style=\"text-align: justify;\"><a href=\"http:\/\/www.gazeteport.com.tr\/haber\/83956\/isterlerse_tanklariyla_toplariyla_gelsinler\" target=\"_blank\">Kaynak : GAZETEPORT<\/a><\/p>\n","protected":false},"excerpt":{"rendered":"<p style=\"text-align: center;\">\n<p style=\"text-align: justify;\">CHP lideri K\u0131l\u0131\u00e7daro\u011flu, E\u011fitim Komisyonu&#8217;nda \u00e7\u0131kan kavgan\u0131n ard\u0131ndan a\u00e7\u0131klama yapt\u0131.<\/p>\n<p style=\"text-align: justify;\">\u0130STANBUL-ANKARA \/ CHP Genel Ba\u015fkan\u0131 Kemal K\u0131l\u0131\u00e7daro\u011flu, TBMM Milli E\u011fitim, K\u00fclt\u00fcr, Gen\u00e7lik ve Spor Komisyonundaki kavgay\u0131 de\u011ferlendirirken, &#8221;Bu, demokrasi tarihimiz a\u00e7\u0131s\u0131ndan kara bir lekedir. Tanklar\u0131yla, toplar\u0131yla gelsinler, konu\u015faca\u011f\u0131z&#8221; dedi. <\/p>\n","protected":false},"author":1,"featured_media":0,"comment_status":"open","ping_status":"open","sticky":false,"template":"","format":"standard","meta":{"footnotes":""},"categories":[105],"tags":[],"class_list":["post-49425","post","type-post","status-publish","format-standard","hentry","category-gundem","odd"],"_links":{"self":[{"href":"http:\/\/www.korhanyilmaz.com\/index.php?rest_route=\/wp\/v2\/posts\/49425","targetHints":{"allow":["GET"]}}],"collection":[{"href":"http:\/\/www.korhanyilmaz.com\/index.php?rest_route=\/wp\/v2\/posts"}],"about":[{"href":"http:\/\/www.korhanyilmaz.com\/index.php?rest_route=\/wp\/v2\/types\/post"}],"author":[{"embeddable":true,"href":"http:\/\/www.korhanyilmaz.com\/index.php?rest_route=\/wp\/v2\/users\/1"}],"replies":[{"embeddable":true,"href":"http:\/\/www.korhanyilmaz.com\/index.php?rest_route=%2Fwp%2Fv2%2Fcomments&post=49425"}],"version-history":[{"count":0,"href":"http:\/\/www.korhanyilmaz.com\/index.php?rest_route=\/wp\/v2\/posts\/49425\/revisions"}],"wp:attachment":[{"href":"http:\/\/www.korhanyilmaz.com\/index.php?rest_route=%2Fwp%2Fv2%2Fmedia&parent=49425"}],"wp:term":[{"taxonomy":"category","embeddable":true,"href":"http:\/\/www.korhanyilmaz.com\/index.php?rest_route=%2Fwp%2Fv2%2Fcategories&post=49425"},{"taxonomy":"post_tag","embeddable":true,"href":"http:\/\/www.korhanyilmaz.com\/index.php?rest_route=%2Fwp%2Fv2%2Ftags&post=49425"}],"curies":[{"name":"wp","href":"https:\/\/api.w.org\/{rel}","templated":true}]}}