{"id":49420,"date":"2012-03-10T10:48:25","date_gmt":"2012-03-10T08:48:25","guid":{"rendered":"http:\/\/www.korhanyilmaz.com\/?p=49420"},"modified":"2012-03-11T18:33:20","modified_gmt":"2012-03-11T16:33:20","slug":"saadet-partisinde-zimmet-tartismasi","status":"publish","type":"post","link":"http:\/\/www.korhanyilmaz.com\/?p=49420","title":{"rendered":"Saadet Partisi\u2019nde \u2018zimmet\u2019 tart\u0131\u015fmas\u0131"},"content":{"rendered":"<p style=\"text-align: justify;\"><a href=\"http:\/\/www.korhanyilmaz.com\/wp-content\/uploads\/2012\/03\/9123.jpg\"  class=\"lightview\"><img loading=\"lazy\" decoding=\"async\" class=\"aligncenter size-full wp-image-49421\" title=\"\" src=\"http:\/\/www.korhanyilmaz.com\/wp-content\/uploads\/2012\/03\/9123.jpg\" alt=\"\" width=\"350\" height=\"175\" \/><\/a><\/p>\n<p style=\"text-align: justify;\">SP Y\u00fcksek \u0130sti\u015fare Kurulu Ba\u015fkan\u0131 Asilt\u00fcrk\u2019\u00fcn \u201cparti i\u00e7in toplanan \u2018cihat\u2019 paras\u0131n\u0131 eski Ba\u015fbakan Erbakan\u2019\u0131n \u00e7ocuklar\u0131n\u0131n zimmetine ge\u00e7irdi\u011fini\u201d s\u00f6yledi\u011fi iddia edildi. Asilt\u00fcrk, iddiay\u0131 yalanlarken, Fatih Erbakan da \u201cKarde\u015fli\u011fimizi y\u0131pratma ama\u00e7l\u0131 haber\u201d dedi.\u00a0<!--more--><\/p>\n<p style=\"text-align: justify;\">\u201cZimmet\u201d iddialar\u0131 Saadet Partisi\u2019ni kar\u0131\u015ft\u0131rd\u0131. H\u00fcrriyet Gazetesi\u2019nde d\u00fcn yay\u0131mlanan habere g\u00f6re, Necmettin Erbakan\u2019\u0131n sa\u011fl\u0131\u011f\u0131nda partinin 2 numaral\u0131 ismi olan SP Y\u00fcksek \u0130sti\u015fare Kurulu Ba\u015fkan\u0131 O\u011fuzhan Asilt\u00fcrk, partisinin Bursa \u00f6rg\u00fct\u00fcn\u00fcn 11 Eyl\u00fcl\u2019de d\u00fczenledi\u011fi bir toplant\u0131da \u015funlar\u0131 s\u00f6yledi: \u201cErbakan Bey zeki bir ki\u015fiydi, bor\u00e7lar\u0131n\u0131n evlatlar\u0131na kalaca\u011f\u0131n\u0131 bildi\u011fi i\u00e7in davaya ait b\u00fct\u00fcn ta\u015f\u0131nmazlar\u0131 o\u011flunun ve damad\u0131n\u0131n \u00fczerine kaydetti. Vefat\u0131ndan sonra damad\u0131 Mehmet Alt\u00f6n\u00f6z\u2019\u00fc \u00e7a\u011f\u0131r\u0131p bu bor\u00e7lar\u0131 \u00f6demelerini s\u00f6yledim. \u00c7\u00fcnk\u00fc istihbarattan bana gelen bilgilere dayanarak, hangi bankada ne kadar hesaplar\u0131 oldu\u011funu belirttim. Bu olaya Recai Kutan, Ahmet Tekdal ve Fehim Adak da \u015fahitlerimdir. Biz \u00e7ok \u015feyler biliyoruz, ama bunlar\u0131 \u015fimdilik sakl\u0131yoruz.\u201d Asilt\u00fcrk\u2019e, 21 \u015eubat\u2019ta Konya Ticaret Odas\u0131\u2019nda d\u00fczenlenen Erbakan\u2019\u0131 anma etkinli\u011finde de bir kat\u0131l\u0131mc\u0131, \u201cErbakan Bey zeki ki\u015fiydi, bor\u00e7lar\u0131n\u0131n evlatlar\u0131na kalaca\u011f\u0131n\u0131 bildi\u011fi i\u00e7in davaya ait b\u00fct\u00fcn ta\u015f\u0131nmazlar\u0131 o\u011flunun ve damad\u0131n\u0131n \u00fczerine kaydetti diyorsunuz, burada ise Erbakan\u2019\u0131n \u00fcst\u00fcn meziyetlerinden bahsediyorsunuz, bu yapt\u0131\u011f\u0131n\u0131z iki y\u00fczl\u00fcl\u00fck de\u011fil mi?\u201d diye sordu. Asilt\u00fcrk, \u201cO s\u00f6yledi\u011fim de ger\u00e7ekti bu s\u00f6yledi\u011fim de\u201d dedi. Ba\u015fka kat\u0131l\u0131mc\u0131 da, \u201cO s\u00f6yledi\u011finin neresi ger\u00e7ek, cihat mal\u0131n\u0131 zimmetine mi ge\u00e7irdi Hoca?\u201d diye sorunca da, Asilt\u00fcrk, \u201cHay\u0131r, ne Hocas\u0131, terbiyesizli\u011fe bak, Hoca de\u011fil \u00e7ocuklar\u0131 zimmetine ge\u00e7irdi\u201d dedi.<\/p>\n<p style=\"text-align: justify;\"><strong>\u2018Deme\u00e7 vermedim\u2019\u00a0<\/strong><\/p>\n<p style=\"text-align: justify;\">SP\u2019yi kar\u0131\u015ft\u0131ran haber \u00fczerine d\u00fcn hem Asilt\u00fcrk, a\u00e7\u0131klama yapt\u0131. Asilt\u00fcrk, \u015f\u00f6yle dedi: \u201cHaberde iddia edildi\u011fi gibi Bursa\u2019da bas\u0131na b\u00f6yle bir deme\u00e7 kesinlikle verilmemi\u015ftir. Karde\u015fler toplulu\u011fuyuz. Karde\u015flerin durum de\u011ferlendirmesi yapmas\u0131, varsa sorun bunu isti\u015fare etmeleri son derece normaldir. Partimizde iddia edildi\u011fi gibi bir kar\u0131\u015f\u0131kl\u0131k yoktur. Kendi aram\u0131zda ge\u00e7en isti\u015farelerde ise maksat Milli G\u00f6r\u00fc\u015f\u2019\u00fcn muhafaza edilmesi, b\u00fcy\u00fcmesidir. Bu davan\u0131n mensubu olan herkes, Milli G\u00f6r\u00fc\u015f\u2019\u00fcn birlik, beraberlik ve b\u00fct\u00fcnl\u00fc\u011f\u00fc i\u00e7in \u00e7al\u0131\u015fmaktad\u0131r.\u201d<\/p>\n<p style=\"text-align: justify;\"><strong>Kay\u0131p trilyon\u00a0<\/strong><\/p>\n<p style=\"text-align: justify;\">RP\u2019nin kapat\u0131lmas\u0131ndan sonra kay\u0131p trilyon davas\u0131ndan mahkum olan Erbakan\u2019\u0131n mal varl\u0131\u011f\u0131 s\u00fcrekli tart\u0131\u015fma konusu olmu\u015ftu. Y\u0131llarca 148 kilo alt\u0131n\u0131 veya 1+48 kilo alt\u0131n kar\u015f\u0131l\u0131\u011f\u0131 varl\u0131\u011f\u0131 oldu\u011fu iddialar\u0131 tart\u0131\u0131lm\u0131\u015ft\u0131.<\/p>\n<p style=\"text-align: justify;\"><strong>Fatih Erbakan: Maksatl\u0131 haber\u00a0<\/strong><\/p>\n<p style=\"text-align: justify;\">Milli G\u00f6r\u00fc\u015f Lideri Prof. Dr. Necmettin Erbakan\u2019\u0131n SP Genel Ba\u015fkan Dan\u0131\u015fman\u0131 olan o\u011flu Fatih Erbakan da konuyla ilgili avukat\u0131 Tan Tahsin Zapata arac\u0131l\u0131\u011f\u0131yla a\u00e7\u0131klama yapt\u0131. A\u00e7\u0131klamada, \u015f\u00f6yle dedi: \u201cMilli G\u00f6r\u00fc\u015f Liderimiz, 54. TC Ba\u015fbakan\u0131, Prof.Dr. Necmettin Erbakan\u2019\u0131n vefat\u0131n\u0131n 1. y\u0131ld\u00f6n\u00fcm\u00fc yurti\u00e7i ve yurtd\u0131\u015f\u0131nda ba\u015fta partimiz olmak \u00fczere \u00e7e\u015fitli anma programlar\u0131yla idrak edilmektedir. Muhterem liderimiz, merhum babam\u0131z Prof.Dr Necmettin Erbakan\u2019\u0131n vefat\u0131 sonras\u0131, camiam\u0131z ve te\u015fkilatlar\u0131m\u0131z birlik ve beraberlik i\u00e7erisinde, milli g\u00f6r\u00fc\u015f\u00fcn tek adresi olan Saadet Partisi \u00e7at\u0131s\u0131 alt\u0131nda \u00e7al\u0131\u015fmalar\u0131na ayn\u0131 \u015fevk ve heyecanla devam etmekledirler. Kamuoyunda birtak\u0131m maksatl\u0131 ve karde\u015fli\u011fimizi y\u0131pratma ama\u00e7l\u0131 haberlerin ortaya \u00e7\u0131kmas\u0131 bizlerin Milli G\u00f6r\u00fc\u015f camiasi olarak daha dikkatli olmam\u0131z gerekliligini birkez daha ortaya koymaktadir. Milli g\u00f6r\u00fc\u015f kadrolar\u0131 hakk\u0131n h\u00e2kimiyeti i\u00e7in her zamankinden daha fazla \u00e7al\u0131\u015farak merhum liderimizin emanetlerine ve prensiplerine ba\u011fl\u0131 olarak verdikleri s\u00f6z\u00fc tutmaktad\u0131rlar.\u201d<\/p>\n<p style=\"text-align: justify;\"><a href=\"http:\/\/haber.gazetevatan.com\/saadet-partisinde-zimmet-tartismasi\/435958\/9\/Siyaset\" target=\"_blank\">Kaynak : VATAN Gazetesi<\/a><\/p>\n","protected":false},"excerpt":{"rendered":"<p style=\"text-align: justify;\">\n<p style=\"text-align: justify;\">SP Y\u00fcksek \u0130sti\u015fare Kurulu Ba\u015fkan\u0131 Asilt\u00fcrk\u2019\u00fcn \u201cparti i\u00e7in toplanan \u2018cihat\u2019 paras\u0131n\u0131 eski Ba\u015fbakan Erbakan\u2019\u0131n \u00e7ocuklar\u0131n\u0131n zimmetine ge\u00e7irdi\u011fini\u201d s\u00f6yledi\u011fi iddia edildi. Asilt\u00fcrk, iddiay\u0131 yalanlarken, Fatih Erbakan da \u201cKarde\u015fli\u011fimizi y\u0131pratma ama\u00e7l\u0131 haber\u201d dedi. <\/p>\n","protected":false},"author":1,"featured_media":0,"comment_status":"open","ping_status":"open","sticky":false,"template":"","format":"standard","meta":{"footnotes":""},"categories":[105],"tags":[],"class_list":["post-49420","post","type-post","status-publish","format-standard","hentry","category-gundem","odd"],"_links":{"self":[{"href":"http:\/\/www.korhanyilmaz.com\/index.php?rest_route=\/wp\/v2\/posts\/49420","targetHints":{"allow":["GET"]}}],"collection":[{"href":"http:\/\/www.korhanyilmaz.com\/index.php?rest_route=\/wp\/v2\/posts"}],"about":[{"href":"http:\/\/www.korhanyilmaz.com\/index.php?rest_route=\/wp\/v2\/types\/post"}],"author":[{"embeddable":true,"href":"http:\/\/www.korhanyilmaz.com\/index.php?rest_route=\/wp\/v2\/users\/1"}],"replies":[{"embeddable":true,"href":"http:\/\/www.korhanyilmaz.com\/index.php?rest_route=%2Fwp%2Fv2%2Fcomments&post=49420"}],"version-history":[{"count":0,"href":"http:\/\/www.korhanyilmaz.com\/index.php?rest_route=\/wp\/v2\/posts\/49420\/revisions"}],"wp:attachment":[{"href":"http:\/\/www.korhanyilmaz.com\/index.php?rest_route=%2Fwp%2Fv2%2Fmedia&parent=49420"}],"wp:term":[{"taxonomy":"category","embeddable":true,"href":"http:\/\/www.korhanyilmaz.com\/index.php?rest_route=%2Fwp%2Fv2%2Fcategories&post=49420"},{"taxonomy":"post_tag","embeddable":true,"href":"http:\/\/www.korhanyilmaz.com\/index.php?rest_route=%2Fwp%2Fv2%2Ftags&post=49420"}],"curies":[{"name":"wp","href":"https:\/\/api.w.org\/{rel}","templated":true}]}}