{"id":49417,"date":"2012-03-11T13:35:18","date_gmt":"2012-03-11T11:35:18","guid":{"rendered":"http:\/\/www.korhanyilmaz.com\/?p=49417"},"modified":"2012-03-11T18:31:13","modified_gmt":"2012-03-11T16:31:13","slug":"cihat-paralari-nereye-gitti","status":"publish","type":"post","link":"http:\/\/www.korhanyilmaz.com\/?p=49417","title":{"rendered":"&#8216;Cihat paralar\u0131&#8217; nereye gitti?"},"content":{"rendered":"<p style=\"text-align: center;\"><a href=\"http:\/\/www.korhanyilmaz.com\/wp-content\/uploads\/2012\/03\/9122.jpg\"  class=\"lightview\"><img loading=\"lazy\" decoding=\"async\" class=\"aligncenter  wp-image-49418\" src=\"http:\/\/www.korhanyilmaz.com\/wp-content\/uploads\/2012\/03\/9122.jpg\" alt=\"\" width=\"360\" height=\"180\" \/><\/a><\/p>\n<p style=\"text-align: justify;\"><strong>Kamalak&#8217;tan iddialara yan\u0131t<\/strong><\/p>\n<p style=\"text-align: justify;\">SAADET Partisi (SP) Genel Ba\u015fkan\u0131 Mustafa Kamalak, parti i\u00e7in toplanan ve miktar\u0131 net olarak bilinmeyen \u2019cihat paralar\u0131n\u0131n\u2019 eski ba\u015fbakanlardan Necmettin Erbakan\u2019\u0131n \u00e7ocuklar\u0131n\u0131n zimmetine ge\u00e7irildi\u011fi iddialar\u0131 ile ilgili, &#8220;B\u00f6yle bir \u015fey olamaz. Bizdeki para hedefine aktar\u0131l\u0131r&#8221; dedi.\u00a0<!--more--><\/p>\n<p style=\"text-align: justify;\">Partisinin \u0130l Kongresi\u2019ne kat\u0131lmak \u00fczere sabah saatlerinde Tokat\u2019a gelen SP Genel Ba\u015fkan\u0131 Mustafa Kamalak, gazetecilerin sorular\u0131n\u0131 yan\u0131tlad\u0131. Kamalak, bir gazetecinin parti i\u00e7inde toplanan ve miktar\u0131 net olarak bilinmeyen \u2019cihat paralar\u0131\u2019n\u0131n eski ba\u015fbakanlardan Necmettin Erbakan\u2019\u0131n \u00e7ocuklar\u0131n\u0131n zimmetine ge\u00e7irildi\u011fi y\u00f6n\u00fcndeki iddialarla ilgili sorusuna, &#8220;Cihat i\u00e7in toplanan paralar\u0131n o tarafa ge\u00e7ti\u011fi iddias\u0131 uydurmad\u0131r, b\u00f6yle bir \u015fey olamaz&#8221; dedi.<\/p>\n<p style=\"text-align: justify;\">Bas\u0131nda yer alan habeler ile ilgili olarak da Kamalak, &#8220;Bas\u0131n her zaman \u00f6yle \u015feyler yapar. Bir zaman da Merc\u00fcmek olay\u0131 falan vard\u0131 90\u2019l\u0131 y\u0131llarda. Bizdeki her para hedefe aktar\u0131l\u0131r&#8221; diye konu\u015ftu. Kamalak, ayr\u0131ca iddiay\u0131 ortaya atan O\u011fuzhan Asilt\u00fcrk ile telefonda konu\u015ftu\u011funu, kendisinin \u00f6yle bir konu\u015fma yapmad\u0131\u011f\u0131n\u0131 s\u00f6yledi\u011fini aktard\u0131.<\/p>\n<p style=\"text-align: justify;\"><a href=\"http:\/\/haber.gazetevatan.com\/cihat-paralari-nereye-gitti\/436146\/1\/Gundem\" target=\"_blank\">Kaynak : VATAN Gazetesi<\/a><\/p>\n","protected":false},"excerpt":{"rendered":"<p style=\"text-align: center;\">\n<p style=\"text-align: justify;\">Kamalak&#8217;tan iddialara yan\u0131t<\/p>\n<p style=\"text-align: justify;\">SAADET Partisi (SP) Genel Ba\u015fkan\u0131 Mustafa Kamalak, parti i\u00e7in toplanan ve miktar\u0131 net olarak bilinmeyen \u2019cihat paralar\u0131n\u0131n\u2019 eski ba\u015fbakanlardan Necmettin Erbakan\u2019\u0131n \u00e7ocuklar\u0131n\u0131n zimmetine ge\u00e7irildi\u011fi iddialar\u0131 ile ilgili, &#8220;B\u00f6yle bir \u015fey olamaz. Bizdeki para hedefine aktar\u0131l\u0131r&#8221; dedi. <\/p>\n","protected":false},"author":1,"featured_media":0,"comment_status":"open","ping_status":"open","sticky":false,"template":"","format":"standard","meta":{"footnotes":""},"categories":[105],"tags":[],"class_list":["post-49417","post","type-post","status-publish","format-standard","hentry","category-gundem","odd"],"_links":{"self":[{"href":"http:\/\/www.korhanyilmaz.com\/index.php?rest_route=\/wp\/v2\/posts\/49417","targetHints":{"allow":["GET"]}}],"collection":[{"href":"http:\/\/www.korhanyilmaz.com\/index.php?rest_route=\/wp\/v2\/posts"}],"about":[{"href":"http:\/\/www.korhanyilmaz.com\/index.php?rest_route=\/wp\/v2\/types\/post"}],"author":[{"embeddable":true,"href":"http:\/\/www.korhanyilmaz.com\/index.php?rest_route=\/wp\/v2\/users\/1"}],"replies":[{"embeddable":true,"href":"http:\/\/www.korhanyilmaz.com\/index.php?rest_route=%2Fwp%2Fv2%2Fcomments&post=49417"}],"version-history":[{"count":0,"href":"http:\/\/www.korhanyilmaz.com\/index.php?rest_route=\/wp\/v2\/posts\/49417\/revisions"}],"wp:attachment":[{"href":"http:\/\/www.korhanyilmaz.com\/index.php?rest_route=%2Fwp%2Fv2%2Fmedia&parent=49417"}],"wp:term":[{"taxonomy":"category","embeddable":true,"href":"http:\/\/www.korhanyilmaz.com\/index.php?rest_route=%2Fwp%2Fv2%2Fcategories&post=49417"},{"taxonomy":"post_tag","embeddable":true,"href":"http:\/\/www.korhanyilmaz.com\/index.php?rest_route=%2Fwp%2Fv2%2Ftags&post=49417"}],"curies":[{"name":"wp","href":"https:\/\/api.w.org\/{rel}","templated":true}]}}